{"id":1896,"date":"2017-08-25T21:23:03","date_gmt":"2017-08-26T00:23:03","guid":{"rendered":"http:\/\/www.fundacionmarista.org.ar\/site\/?p=1896"},"modified":"2019-09-11T21:28:48","modified_gmt":"2019-09-12T00:28:48","slug":"proyecto-tochemet-cha-nuestras-herramientas-mision-nueva-pompeya-chaco","status":"publish","type":"post","link":"http:\/\/www.fundacionmarista.org.ar\/site\/2017\/08\/25\/proyecto-tochemet-cha-nuestras-herramientas-mision-nueva-pompeya-chaco\/","title":{"rendered":"Proyecto Tochemet Cha ( Nuestras Herramientas) \/ Misi\u00f3n Nueva Pompeya &#8211; Chaco"},"content":{"rendered":"\n<p>Existe una franja de adolescentes y j\u00f3venes que no poseen un proyecto a  futuro y que comienzan a desarrollar conductas nocivas para su salud.  Este proyecto se orienta a buscar una mejor calidad de vida para ellos,  brind\u00e1ndole recursos y habilidades que le permitan ser miembros activos  de la sociedad, ocupando su tiempo libre en actividades que potencien  sus cualidades y eleven su autoestima, bloqueando uno de los obst\u00e1culos   para las trayectorias ocupacionales. El desarrollo de ciertas actitudes  por parte de los j\u00f3venes: responsabilidad, autonom\u00eda, integraci\u00f3n,  cooperaci\u00f3n, entre otros, son elementos valorados y necesarios que  evitan las conductas nocivas como las adicciones.   <\/p>\n\n\n\n<!--more-->\n\n\n\n<p>Este  proyecto se viene pensando junto con la comunidad de Nueva Pompeya  desde noviembre de 2015. Cabe destacar que es una necesidad que las  familias han manifestado desde hace ya tiempo y que responde a la  preocupaci\u00f3n que tienen por el futuro de los j\u00f3venes y adolescentes. <\/p>\n\n\n\n<p>En abril de 2016 se realiza la presentaci\u00f3n del proyecto ante la  comunidad wich\u00ed, quien apoya su desarrollo y se comienzan las gestiones  para la definici\u00f3n del lugar. <\/p>\n\n\n\n<p>Se firma con la Asociaci\u00f3n Comunitaria Misi\u00f3n Nueva Pompeya,  propietaria del terreno que ocupara la ex cooperativa y donde se planea  realizar la carpinter\u00eda un comodato por el cual se cede a la escuela  Supaz el terreno correspondiente que cuenta con un sal\u00f3n deteriorado  para realizar los arreglos e instalar la misma. <\/p>\n\n\n\n<p>Asimismo, se gestiona ante la Municipalidad de Misi\u00f3n Nueva Pompeya el  aval para la realizaci\u00f3n de este proyecto, que es otorgado en septiembre  de 2016. <\/p>\n","protected":false},"excerpt":{"rendered":"<p>Este proyecto de Torner\u00eda y Carpinter\u00eda surge a partir de la necesidad de dar respuesta a la creciente problem\u00e1tica de riesgo social evidenciada en los j\u00f3venes y adolescentes de la comunidad de la localidad de Misi\u00f3n Nueva Pompeya.<\/p>\n","protected":false},"author":4,"featured_media":1898,"comment_status":"closed","ping_status":"open","sticky":false,"template":"","format":"standard","meta":{"footnotes":""},"categories":[1],"tags":[72,73],"class_list":["post-1896","post","type-post","status-publish","format-standard","has-post-thumbnail","hentry","category-ultimas","tag-chaco","tag-mision-nueva-pompeya"],"rttpg_featured_image_url":{"full":["http:\/\/www.fundacionmarista.org.ar\/site\/wp-content\/uploads\/2019\/09\/chaco1.jpg",630,354,false],"landscape":["http:\/\/www.fundacionmarista.org.ar\/site\/wp-content\/uploads\/2019\/09\/chaco1.jpg",630,354,false],"portraits":["http:\/\/www.fundacionmarista.org.ar\/site\/wp-content\/uploads\/2019\/09\/chaco1.jpg",630,354,false],"thumbnail":["http:\/\/www.fundacionmarista.org.ar\/site\/wp-content\/uploads\/2019\/09\/chaco1-150x150.jpg",150,150,true],"medium":["http:\/\/www.fundacionmarista.org.ar\/site\/wp-content\/uploads\/2019\/09\/chaco1-300x169.jpg",300,169,true],"large":["http:\/\/www.fundacionmarista.org.ar\/site\/wp-content\/uploads\/2019\/09\/chaco1.jpg",630,354,false],"1536x1536":["http:\/\/www.fundacionmarista.org.ar\/site\/wp-content\/uploads\/2019\/09\/chaco1.jpg",630,354,false],"2048x2048":["http:\/\/www.fundacionmarista.org.ar\/site\/wp-content\/uploads\/2019\/09\/chaco1.jpg",630,354,false],"wp_review_large":["http:\/\/www.fundacionmarista.org.ar\/site\/wp-content\/uploads\/2019\/09\/chaco1-320x200.jpg",320,200,true],"wp_review_small":["http:\/\/www.fundacionmarista.org.ar\/site\/wp-content\/uploads\/2019\/09\/chaco1-65x65.jpg",65,65,true],"herald-lay-a":["http:\/\/www.fundacionmarista.org.ar\/site\/wp-content\/uploads\/2019\/09\/chaco1.jpg",630,354,false],"herald-lay-a-full":["http:\/\/www.fundacionmarista.org.ar\/site\/wp-content\/uploads\/2019\/09\/chaco1.jpg",630,354,false],"herald-lay-b":["http:\/\/www.fundacionmarista.org.ar\/site\/wp-content\/uploads\/2019\/09\/chaco1-470x264.jpg",470,264,true],"herald-lay-b-full":["http:\/\/www.fundacionmarista.org.ar\/site\/wp-content\/uploads\/2019\/09\/chaco1.jpg",630,354,false],"herald-lay-b1":["http:\/\/www.fundacionmarista.org.ar\/site\/wp-content\/uploads\/2019\/09\/chaco1-300x200.jpg",300,200,true],"herald-lay-b1-full":["http:\/\/www.fundacionmarista.org.ar\/site\/wp-content\/uploads\/2019\/09\/chaco1-414x276.jpg",414,276,true],"herald-lay-c1":["http:\/\/www.fundacionmarista.org.ar\/site\/wp-content\/uploads\/2019\/09\/chaco1-470x313.jpg",470,313,true],"herald-lay-c1-full":["http:\/\/www.fundacionmarista.org.ar\/site\/wp-content\/uploads\/2019\/09\/chaco1.jpg",630,354,false],"herald-lay-d":["http:\/\/www.fundacionmarista.org.ar\/site\/wp-content\/uploads\/2019\/09\/chaco1-215x120.jpg",215,120,true],"herald-lay-d-full":["http:\/\/www.fundacionmarista.org.ar\/site\/wp-content\/uploads\/2019\/09\/chaco1-300x168.jpg",300,168,true],"herald-lay-d1":["http:\/\/www.fundacionmarista.org.ar\/site\/wp-content\/uploads\/2019\/09\/chaco1-130x86.jpg",130,86,true],"herald-lay-d1-full":["http:\/\/www.fundacionmarista.org.ar\/site\/wp-content\/uploads\/2019\/09\/chaco1-187x124.jpg",187,124,true],"herald-lay-f":["http:\/\/www.fundacionmarista.org.ar\/site\/wp-content\/uploads\/2019\/09\/chaco1-300x168.jpg",300,168,true],"herald-lay-f-full":["http:\/\/www.fundacionmarista.org.ar\/site\/wp-content\/uploads\/2019\/09\/chaco1-414x232.jpg",414,232,true],"herald-lay-g1":["http:\/\/www.fundacionmarista.org.ar\/site\/wp-content\/uploads\/2019\/09\/chaco1-74x55.jpg",74,55,true],"herald-lay-g1-full":["http:\/\/www.fundacionmarista.org.ar\/site\/wp-content\/uploads\/2019\/09\/chaco1-111x83.jpg",111,83,true],"herald-lay-i-full":["http:\/\/www.fundacionmarista.org.ar\/site\/wp-content\/uploads\/2019\/09\/chaco1-300x168.jpg",300,168,true],"herald-lay-i1":["http:\/\/www.fundacionmarista.org.ar\/site\/wp-content\/uploads\/2019\/09\/chaco1-215x161.jpg",215,161,true],"herald-lay-i1-full":["http:\/\/www.fundacionmarista.org.ar\/site\/wp-content\/uploads\/2019\/09\/chaco1-300x225.jpg",300,225,true],"herald-lay-single":["http:\/\/www.fundacionmarista.org.ar\/site\/wp-content\/uploads\/2019\/09\/chaco1.jpg",630,354,false],"herald-lay-single-full":["http:\/\/www.fundacionmarista.org.ar\/site\/wp-content\/uploads\/2019\/09\/chaco1.jpg",630,354,false],"herald-lay-page":["http:\/\/www.fundacionmarista.org.ar\/site\/wp-content\/uploads\/2019\/09\/chaco1.jpg",630,354,false],"herald-lay-page-full":["http:\/\/www.fundacionmarista.org.ar\/site\/wp-content\/uploads\/2019\/09\/chaco1.jpg",630,354,false],"herald-lay-fa1":["http:\/\/www.fundacionmarista.org.ar\/site\/wp-content\/uploads\/2019\/09\/chaco1-434x354.jpg",434,354,true],"herald-lay-fa1-full":["http:\/\/www.fundacionmarista.org.ar\/site\/wp-content\/uploads\/2019\/09\/chaco1-550x354.jpg",550,354,true],"herald-lay-fa3-big":["http:\/\/www.fundacionmarista.org.ar\/site\/wp-content\/uploads\/2019\/09\/chaco1-459x354.jpg",459,354,true],"herald-lay-fa3-big-full":["http:\/\/www.fundacionmarista.org.ar\/site\/wp-content\/uploads\/2019\/09\/chaco1-559x354.jpg",559,354,true],"herald-lay-fa3-small":["http:\/\/www.fundacionmarista.org.ar\/site\/wp-content\/uploads\/2019\/09\/chaco1-260x210.jpg",260,210,true],"herald-lay-fa3-small-full":["http:\/\/www.fundacionmarista.org.ar\/site\/wp-content\/uploads\/2019\/09\/chaco1-379x259.jpg",379,259,true],"herald-lay-fa5":["http:\/\/www.fundacionmarista.org.ar\/site\/wp-content\/uploads\/2019\/09\/chaco1.jpg",630,354,false],"herald-lay-fa5-full":["http:\/\/www.fundacionmarista.org.ar\/site\/wp-content\/uploads\/2019\/09\/chaco1.jpg",630,354,false],"awpcp-thumbnail":["http:\/\/www.fundacionmarista.org.ar\/site\/wp-content\/uploads\/2019\/09\/chaco1.jpg",125,70,false],"awpcp-featured":["http:\/\/www.fundacionmarista.org.ar\/site\/wp-content\/uploads\/2019\/09\/chaco1.jpg",200,112,false],"awpcp-featured-on-lists":["http:\/\/www.fundacionmarista.org.ar\/site\/wp-content\/uploads\/2019\/09\/chaco1.jpg",80,45,false],"awpcp-large":["http:\/\/www.fundacionmarista.org.ar\/site\/wp-content\/uploads\/2019\/09\/chaco1.jpg",630,354,false]},"rttpg_author":{"display_name":"Comunicaci\u00f3n","author_link":"http:\/\/www.fundacionmarista.org.ar\/site\/author\/mrilo\/"},"rttpg_comment":0,"rttpg_category":"<a href=\"http:\/\/www.fundacionmarista.org.ar\/site\/category\/ultimas\/\" rel=\"category tag\">Ultimas Noticias<\/a>","rttpg_excerpt":"Este proyecto de Torner\u00eda y Carpinter\u00eda surge a partir de la necesidad de dar respuesta a la creciente problem\u00e1tica de riesgo social evidenciada en los j\u00f3venes y adolescentes de la comunidad de la localidad de Misi\u00f3n Nueva Pompeya.","_links":{"self":[{"href":"http:\/\/www.fundacionmarista.org.ar\/site\/wp-json\/wp\/v2\/posts\/1896","targetHints":{"allow":["GET"]}}],"collection":[{"href":"http:\/\/www.fundacionmarista.org.ar\/site\/wp-json\/wp\/v2\/posts"}],"about":[{"href":"http:\/\/www.fundacionmarista.org.ar\/site\/wp-json\/wp\/v2\/types\/post"}],"author":[{"embeddable":true,"href":"http:\/\/www.fundacionmarista.org.ar\/site\/wp-json\/wp\/v2\/users\/4"}],"replies":[{"embeddable":true,"href":"http:\/\/www.fundacionmarista.org.ar\/site\/wp-json\/wp\/v2\/comments?post=1896"}],"version-history":[{"count":1,"href":"http:\/\/www.fundacionmarista.org.ar\/site\/wp-json\/wp\/v2\/posts\/1896\/revisions"}],"predecessor-version":[{"id":1899,"href":"http:\/\/www.fundacionmarista.org.ar\/site\/wp-json\/wp\/v2\/posts\/1896\/revisions\/1899"}],"wp:featuredmedia":[{"embeddable":true,"href":"http:\/\/www.fundacionmarista.org.ar\/site\/wp-json\/wp\/v2\/media\/1898"}],"wp:attachment":[{"href":"http:\/\/www.fundacionmarista.org.ar\/site\/wp-json\/wp\/v2\/media?parent=1896"}],"wp:term":[{"taxonomy":"category","embeddable":true,"href":"http:\/\/www.fundacionmarista.org.ar\/site\/wp-json\/wp\/v2\/categories?post=1896"},{"taxonomy":"post_tag","embeddable":true,"href":"http:\/\/www.fundacionmarista.org.ar\/site\/wp-json\/wp\/v2\/tags?post=1896"}],"curies":[{"name":"wp","href":"https:\/\/api.w.org\/{rel}","templated":true}]}}