{"id":1906,"date":"2017-06-13T21:32:39","date_gmt":"2017-06-14T00:32:39","guid":{"rendered":"http:\/\/www.fundacionmarista.org.ar\/site\/?p=1906"},"modified":"2019-09-12T09:57:21","modified_gmt":"2019-09-12T12:57:21","slug":"fiesta-de-san-marcelino-champagnat","status":"publish","type":"post","link":"http:\/\/www.fundacionmarista.org.ar\/site\/2017\/06\/13\/fiesta-de-san-marcelino-champagnat\/","title":{"rendered":"Fiesta de San Marcelino Champagnat"},"content":{"rendered":"\n<p>Marcelino Champagnat Chirat naci\u00f3 en Rosey, Marlhes (Francia), el  20 de mayo de 1789. Juan Bautista, su padre, desempe\u00f1\u00f3 funciones  importantes durante la Revoluci\u00f3n francesa; desde 1791 ejerci\u00f3 como  secretario, coronel de la peque\u00f1a guardia de Marlhes, juez de paz y  comisario. Marcelino, el noveno de diez hermanos, aprendi\u00f3 de su padre  el amor al trabajo y el esp\u00edritu emprendedor. De su madre y su t\u00eda,  religiosa exclaustrada (que se refugi\u00f3 en casa de su hermano durante el  per\u00edodo revolucionario), recibi\u00f3 una educaci\u00f3n religiosa bastante  esmerada. <\/p>\n\n\n\n<blockquote class=\"wp-block-quote is-layout-flow wp-block-quote-is-layout-flow\"><p>Escuela: un escaso aprendizaje<\/p><\/blockquote>\n\n\n\n<p>Sus aprendizajes escolares fueron escasos. No se sabe con certeza a  qu\u00e9 edad, pero tempranamente abandon\u00f3 la escuela (hacia los 7 u 8  a\u00f1os), dedic\u00e1ndose a la granja familiar, en cuyo trabajo manifest\u00f3 gran  sentido pr\u00e1ctico. <\/p>\n\n\n\n<blockquote class=\"wp-block-quote is-layout-flow wp-block-quote-is-layout-flow\"><p>Preparaci\u00f3n eclesi\u00e1stica<\/p><\/blockquote>\n\n\n\n<p><\/p>\n","protected":false},"excerpt":{"rendered":"<p>Marcelino Champagnat, fundador de los maristas, fue un sacerdote franc\u00e9s que naci\u00f3 el a\u00f1o de la Revoluci\u00f3n (1789). La educaci\u00f3n recibida en su infancia le impuls\u00f3 a fundar a\u00f1os despu\u00e9s una comunidad de hermanos educadores como parte de una familia: La Sociedad de Mar\u00eda.<\/p>\n","protected":false},"author":4,"featured_media":1908,"comment_status":"closed","ping_status":"open","sticky":false,"template":"","format":"standard","meta":{"footnotes":""},"categories":[1],"tags":[66,75,76],"class_list":["post-1906","post","type-post","status-publish","format-standard","has-post-thumbnail","hentry","category-ultimas","tag-champagnat","tag-fiesta","tag-marcelino"],"rttpg_featured_image_url":{"full":["http:\/\/www.fundacionmarista.org.ar\/site\/wp-content\/uploads\/2019\/09\/sanmarcelino.jpg",630,451,false],"landscape":["http:\/\/www.fundacionmarista.org.ar\/site\/wp-content\/uploads\/2019\/09\/sanmarcelino.jpg",630,451,false],"portraits":["http:\/\/www.fundacionmarista.org.ar\/site\/wp-content\/uploads\/2019\/09\/sanmarcelino.jpg",630,451,false],"thumbnail":["http:\/\/www.fundacionmarista.org.ar\/site\/wp-content\/uploads\/2019\/09\/sanmarcelino-150x150.jpg",150,150,true],"medium":["http:\/\/www.fundacionmarista.org.ar\/site\/wp-content\/uploads\/2019\/09\/sanmarcelino-300x215.jpg",300,215,true],"large":["http:\/\/www.fundacionmarista.org.ar\/site\/wp-content\/uploads\/2019\/09\/sanmarcelino.jpg",630,451,false],"1536x1536":["http:\/\/www.fundacionmarista.org.ar\/site\/wp-content\/uploads\/2019\/09\/sanmarcelino.jpg",630,451,false],"2048x2048":["http:\/\/www.fundacionmarista.org.ar\/site\/wp-content\/uploads\/2019\/09\/sanmarcelino.jpg",630,451,false],"wp_review_large":["http:\/\/www.fundacionmarista.org.ar\/site\/wp-content\/uploads\/2019\/09\/sanmarcelino-320x200.jpg",320,200,true],"wp_review_small":["http:\/\/www.fundacionmarista.org.ar\/site\/wp-content\/uploads\/2019\/09\/sanmarcelino-65x65.jpg",65,65,true],"herald-lay-a":["http:\/\/www.fundacionmarista.org.ar\/site\/wp-content\/uploads\/2019\/09\/sanmarcelino.jpg",630,451,false],"herald-lay-a-full":["http:\/\/www.fundacionmarista.org.ar\/site\/wp-content\/uploads\/2019\/09\/sanmarcelino.jpg",630,451,false],"herald-lay-b":["http:\/\/www.fundacionmarista.org.ar\/site\/wp-content\/uploads\/2019\/09\/sanmarcelino-470x264.jpg",470,264,true],"herald-lay-b-full":["http:\/\/www.fundacionmarista.org.ar\/site\/wp-content\/uploads\/2019\/09\/sanmarcelino-630x360.jpg",630,360,true],"herald-lay-b1":["http:\/\/www.fundacionmarista.org.ar\/site\/wp-content\/uploads\/2019\/09\/sanmarcelino-300x200.jpg",300,200,true],"herald-lay-b1-full":["http:\/\/www.fundacionmarista.org.ar\/site\/wp-content\/uploads\/2019\/09\/sanmarcelino-414x276.jpg",414,276,true],"herald-lay-c1":["http:\/\/www.fundacionmarista.org.ar\/site\/wp-content\/uploads\/2019\/09\/sanmarcelino-470x313.jpg",470,313,true],"herald-lay-c1-full":["http:\/\/www.fundacionmarista.org.ar\/site\/wp-content\/uploads\/2019\/09\/sanmarcelino-630x426.jpg",630,426,true],"herald-lay-d":["http:\/\/www.fundacionmarista.org.ar\/site\/wp-content\/uploads\/2019\/09\/sanmarcelino-215x120.jpg",215,120,true],"herald-lay-d-full":["http:\/\/www.fundacionmarista.org.ar\/site\/wp-content\/uploads\/2019\/09\/sanmarcelino-300x168.jpg",300,168,true],"herald-lay-d1":["http:\/\/www.fundacionmarista.org.ar\/site\/wp-content\/uploads\/2019\/09\/sanmarcelino-130x86.jpg",130,86,true],"herald-lay-d1-full":["http:\/\/www.fundacionmarista.org.ar\/site\/wp-content\/uploads\/2019\/09\/sanmarcelino-187x124.jpg",187,124,true],"herald-lay-f":["http:\/\/www.fundacionmarista.org.ar\/site\/wp-content\/uploads\/2019\/09\/sanmarcelino-300x168.jpg",300,168,true],"herald-lay-f-full":["http:\/\/www.fundacionmarista.org.ar\/site\/wp-content\/uploads\/2019\/09\/sanmarcelino-414x232.jpg",414,232,true],"herald-lay-g1":["http:\/\/www.fundacionmarista.org.ar\/site\/wp-content\/uploads\/2019\/09\/sanmarcelino-74x55.jpg",74,55,true],"herald-lay-g1-full":["http:\/\/www.fundacionmarista.org.ar\/site\/wp-content\/uploads\/2019\/09\/sanmarcelino-111x83.jpg",111,83,true],"herald-lay-i-full":["http:\/\/www.fundacionmarista.org.ar\/site\/wp-content\/uploads\/2019\/09\/sanmarcelino-300x168.jpg",300,168,true],"herald-lay-i1":["http:\/\/www.fundacionmarista.org.ar\/site\/wp-content\/uploads\/2019\/09\/sanmarcelino-215x161.jpg",215,161,true],"herald-lay-i1-full":["http:\/\/www.fundacionmarista.org.ar\/site\/wp-content\/uploads\/2019\/09\/sanmarcelino-300x225.jpg",300,225,true],"herald-lay-single":["http:\/\/www.fundacionmarista.org.ar\/site\/wp-content\/uploads\/2019\/09\/sanmarcelino.jpg",630,451,false],"herald-lay-single-full":["http:\/\/www.fundacionmarista.org.ar\/site\/wp-content\/uploads\/2019\/09\/sanmarcelino.jpg",630,451,false],"herald-lay-page":["http:\/\/www.fundacionmarista.org.ar\/site\/wp-content\/uploads\/2019\/09\/sanmarcelino.jpg",630,451,false],"herald-lay-page-full":["http:\/\/www.fundacionmarista.org.ar\/site\/wp-content\/uploads\/2019\/09\/sanmarcelino.jpg",630,451,false],"herald-lay-fa1":["http:\/\/www.fundacionmarista.org.ar\/site\/wp-content\/uploads\/2019\/09\/sanmarcelino-434x420.jpg",434,420,true],"herald-lay-fa1-full":["http:\/\/www.fundacionmarista.org.ar\/site\/wp-content\/uploads\/2019\/09\/sanmarcelino-550x451.jpg",550,451,true],"herald-lay-fa3-big":["http:\/\/www.fundacionmarista.org.ar\/site\/wp-content\/uploads\/2019\/09\/sanmarcelino-459x420.jpg",459,420,true],"herald-lay-fa3-big-full":["http:\/\/www.fundacionmarista.org.ar\/site\/wp-content\/uploads\/2019\/09\/sanmarcelino-559x451.jpg",559,451,true],"herald-lay-fa3-small":["http:\/\/www.fundacionmarista.org.ar\/site\/wp-content\/uploads\/2019\/09\/sanmarcelino-260x210.jpg",260,210,true],"herald-lay-fa3-small-full":["http:\/\/www.fundacionmarista.org.ar\/site\/wp-content\/uploads\/2019\/09\/sanmarcelino-379x259.jpg",379,259,true],"herald-lay-fa5":["http:\/\/www.fundacionmarista.org.ar\/site\/wp-content\/uploads\/2019\/09\/sanmarcelino-630x420.jpg",630,420,true],"herald-lay-fa5-full":["http:\/\/www.fundacionmarista.org.ar\/site\/wp-content\/uploads\/2019\/09\/sanmarcelino.jpg",630,451,false],"awpcp-thumbnail":["http:\/\/www.fundacionmarista.org.ar\/site\/wp-content\/uploads\/2019\/09\/sanmarcelino.jpg",125,89,false],"awpcp-featured":["http:\/\/www.fundacionmarista.org.ar\/site\/wp-content\/uploads\/2019\/09\/sanmarcelino.jpg",200,143,false],"awpcp-featured-on-lists":["http:\/\/www.fundacionmarista.org.ar\/site\/wp-content\/uploads\/2019\/09\/sanmarcelino.jpg",80,57,false],"awpcp-large":["http:\/\/www.fundacionmarista.org.ar\/site\/wp-content\/uploads\/2019\/09\/sanmarcelino.jpg",630,451,false]},"rttpg_author":{"display_name":"Comunicaci\u00f3n","author_link":"http:\/\/www.fundacionmarista.org.ar\/site\/author\/mrilo\/"},"rttpg_comment":0,"rttpg_category":"<a href=\"http:\/\/www.fundacionmarista.org.ar\/site\/category\/ultimas\/\" rel=\"category tag\">Ultimas Noticias<\/a>","rttpg_excerpt":"Marcelino Champagnat, fundador de los maristas, fue un sacerdote franc\u00e9s que naci\u00f3 el a\u00f1o de la Revoluci\u00f3n (1789). La educaci\u00f3n recibida en su infancia le impuls\u00f3 a fundar a\u00f1os despu\u00e9s una comunidad de hermanos educadores como parte de una familia: La Sociedad de Mar\u00eda.","_links":{"self":[{"href":"http:\/\/www.fundacionmarista.org.ar\/site\/wp-json\/wp\/v2\/posts\/1906","targetHints":{"allow":["GET"]}}],"collection":[{"href":"http:\/\/www.fundacionmarista.org.ar\/site\/wp-json\/wp\/v2\/posts"}],"about":[{"href":"http:\/\/www.fundacionmarista.org.ar\/site\/wp-json\/wp\/v2\/types\/post"}],"author":[{"embeddable":true,"href":"http:\/\/www.fundacionmarista.org.ar\/site\/wp-json\/wp\/v2\/users\/4"}],"replies":[{"embeddable":true,"href":"http:\/\/www.fundacionmarista.org.ar\/site\/wp-json\/wp\/v2\/comments?post=1906"}],"version-history":[{"count":2,"href":"http:\/\/www.fundacionmarista.org.ar\/site\/wp-json\/wp\/v2\/posts\/1906\/revisions"}],"predecessor-version":[{"id":2007,"href":"http:\/\/www.fundacionmarista.org.ar\/site\/wp-json\/wp\/v2\/posts\/1906\/revisions\/2007"}],"wp:featuredmedia":[{"embeddable":true,"href":"http:\/\/www.fundacionmarista.org.ar\/site\/wp-json\/wp\/v2\/media\/1908"}],"wp:attachment":[{"href":"http:\/\/www.fundacionmarista.org.ar\/site\/wp-json\/wp\/v2\/media?parent=1906"}],"wp:term":[{"taxonomy":"category","embeddable":true,"href":"http:\/\/www.fundacionmarista.org.ar\/site\/wp-json\/wp\/v2\/categories?post=1906"},{"taxonomy":"post_tag","embeddable":true,"href":"http:\/\/www.fundacionmarista.org.ar\/site\/wp-json\/wp\/v2\/tags?post=1906"}],"curies":[{"name":"wp","href":"https:\/\/api.w.org\/{rel}","templated":true}]}}