{"id":2119,"date":"2019-10-30T14:36:38","date_gmt":"2019-10-30T17:36:38","guid":{"rendered":"http:\/\/www.fundacionmarista.org.ar\/site\/?p=2119"},"modified":"2019-10-30T14:36:41","modified_gmt":"2019-10-30T17:36:41","slug":"todos-por-la-nueva-casa-marista-de-jujuy","status":"publish","type":"post","link":"http:\/\/www.fundacionmarista.org.ar\/site\/2019\/10\/30\/todos-por-la-nueva-casa-marista-de-jujuy\/","title":{"rendered":"Todos por la nueva Casa Marista de Jujuy"},"content":{"rendered":"\n<p><strong>En representaci\u00f3n de la\nFundaci\u00f3n Marista, entre los d\u00edas 27&nbsp; y 29&nbsp; de octubre, Daniel Felippelli, su Director,\nvisit\u00f3 Ledesma, en Ldor. Gral. San Mart\u00edn, Jujuy, donde, adem\u00e1s de acompa\u00f1ar la\ntarea educadora de la Escuela T\u00e9cnica Herminio Arrieta los maristas generamos\ncompromiso cotidiano con la comunidad del Barrio San Lorenzo, uno de los m\u00e1s\nvulnerables de la ciudad, &nbsp;a trav\u00e9s de la\nCasa Marista, que necesita volver a ponerse en pie para poder continuar con su\nvaliosa tarea.<\/strong><\/p>\n\n\n\n<p>\u00abTodos por la nueva Casa\nMarista\u00bb\npodr\u00eda ser el lema que, por estas horas, moviliza la gesti\u00f3n de la Fundaci\u00f3n y\nanima las voluntades de los habitantes del Barrio, los primeros beneficiarios\nde la obra que la Casa Marista, cuyo edificio necesita restauraci\u00f3n, alberga\nentre sus cuatro paredes al servicio de la comunidad.<\/p>\n\n\n\n<p>Despu\u00e9s de recorrer las\ninstalaciones y evaluar lo que implicar\u00e1 la obra para poder gestionar los\nfondos necesarios, &nbsp;la Fundaci\u00f3n se hizo\npresente tambi\u00e9n en la Biblioteca Popular San Marcelino Champagnat, en el Sal\u00f3n\nComunitario y en el Taller Fernandito Calilegua, al que asisten personas con\ncapacidades diferentes, compartiendo la mesa fraterna y tomando contacto\ndirecto con cuantos generosamente animan a diario la obra.<\/p>\n\n\n\n<p>La Casa Marista es, y quiere\nseguir siendo, un lugar de encuentro y de oportunidades en una zona en la que\nlas necesidades no son pocas.<\/p>\n\n\n\n<p><strong>Renovar su esperanza requiere el aporte de todos.<\/strong><\/p>\n\n\n\n<blockquote class=\"wp-block-quote is-layout-flow wp-block-quote-is-layout-flow\"><p> <strong>Se reciben donaciones en:<\/strong><br> <strong>Cuenta Corriente en Pesos del Banco Galicia<\/strong><br> <strong>N\u00b0840-0 325-1CBU 007032512000000840011<\/strong> <\/p><\/blockquote>\n\n\n\n<ul class=\"wp-block-gallery columns-3 is-cropped wp-block-gallery-1 is-layout-flex wp-block-gallery-is-layout-flex\"><li class=\"blocks-gallery-item\"><figure><img loading=\"lazy\" decoding=\"async\" width=\"1024\" height=\"768\" src=\"http:\/\/www.fundacionmarista.org.ar\/site\/wp-content\/uploads\/2019\/10\/FUNDACION-EN-JUJUY-1-1024x768.jpg\" alt=\"\" data-id=\"2122\" data-link=\"http:\/\/www.fundacionmarista.org.ar\/site\/?attachment_id=2122\" class=\"wp-image-2122\" srcset=\"http:\/\/www.fundacionmarista.org.ar\/site\/wp-content\/uploads\/2019\/10\/FUNDACION-EN-JUJUY-1-1024x768.jpg 1024w, http:\/\/www.fundacionmarista.org.ar\/site\/wp-content\/uploads\/2019\/10\/FUNDACION-EN-JUJUY-1-300x225.jpg 300w, http:\/\/www.fundacionmarista.org.ar\/site\/wp-content\/uploads\/2019\/10\/FUNDACION-EN-JUJUY-1-768x576.jpg 768w, http:\/\/www.fundacionmarista.org.ar\/site\/wp-content\/uploads\/2019\/10\/FUNDACION-EN-JUJUY-1-74x55.jpg 74w, http:\/\/www.fundacionmarista.org.ar\/site\/wp-content\/uploads\/2019\/10\/FUNDACION-EN-JUJUY-1-111x83.jpg 111w, http:\/\/www.fundacionmarista.org.ar\/site\/wp-content\/uploads\/2019\/10\/FUNDACION-EN-JUJUY-1-215x161.jpg 215w, http:\/\/www.fundacionmarista.org.ar\/site\/wp-content\/uploads\/2019\/10\/FUNDACION-EN-JUJUY-1-990x743.jpg 990w, http:\/\/www.fundacionmarista.org.ar\/site\/wp-content\/uploads\/2019\/10\/FUNDACION-EN-JUJUY-1-640x480.jpg 640w, http:\/\/www.fundacionmarista.org.ar\/site\/wp-content\/uploads\/2019\/10\/FUNDACION-EN-JUJUY-1.jpg 1280w\" sizes=\"auto, (max-width: 1024px) 100vw, 1024px\" \/><\/figure><\/li><li class=\"blocks-gallery-item\"><figure><img loading=\"lazy\" decoding=\"async\" width=\"1024\" height=\"768\" src=\"http:\/\/www.fundacionmarista.org.ar\/site\/wp-content\/uploads\/2019\/10\/FUNDACION-EN-JUJUY-3-1024x768.jpg\" alt=\"\" data-id=\"2123\" data-link=\"http:\/\/www.fundacionmarista.org.ar\/site\/?attachment_id=2123\" class=\"wp-image-2123\" srcset=\"http:\/\/www.fundacionmarista.org.ar\/site\/wp-content\/uploads\/2019\/10\/FUNDACION-EN-JUJUY-3-1024x768.jpg 1024w, http:\/\/www.fundacionmarista.org.ar\/site\/wp-content\/uploads\/2019\/10\/FUNDACION-EN-JUJUY-3-300x225.jpg 300w, http:\/\/www.fundacionmarista.org.ar\/site\/wp-content\/uploads\/2019\/10\/FUNDACION-EN-JUJUY-3-768x576.jpg 768w, http:\/\/www.fundacionmarista.org.ar\/site\/wp-content\/uploads\/2019\/10\/FUNDACION-EN-JUJUY-3-74x55.jpg 74w, http:\/\/www.fundacionmarista.org.ar\/site\/wp-content\/uploads\/2019\/10\/FUNDACION-EN-JUJUY-3-111x83.jpg 111w, http:\/\/www.fundacionmarista.org.ar\/site\/wp-content\/uploads\/2019\/10\/FUNDACION-EN-JUJUY-3-215x161.jpg 215w, http:\/\/www.fundacionmarista.org.ar\/site\/wp-content\/uploads\/2019\/10\/FUNDACION-EN-JUJUY-3-990x743.jpg 990w, http:\/\/www.fundacionmarista.org.ar\/site\/wp-content\/uploads\/2019\/10\/FUNDACION-EN-JUJUY-3-640x480.jpg 640w, http:\/\/www.fundacionmarista.org.ar\/site\/wp-content\/uploads\/2019\/10\/FUNDACION-EN-JUJUY-3.jpg 1280w\" sizes=\"auto, (max-width: 1024px) 100vw, 1024px\" \/><\/figure><\/li><li class=\"blocks-gallery-item\"><figure><img loading=\"lazy\" decoding=\"async\" width=\"768\" height=\"1024\" src=\"http:\/\/www.fundacionmarista.org.ar\/site\/wp-content\/uploads\/2019\/10\/FUNDACION-EN-JUJUY-5-768x1024.jpg\" alt=\"\" data-id=\"2124\" data-link=\"http:\/\/www.fundacionmarista.org.ar\/site\/?attachment_id=2124\" class=\"wp-image-2124\" srcset=\"http:\/\/www.fundacionmarista.org.ar\/site\/wp-content\/uploads\/2019\/10\/FUNDACION-EN-JUJUY-5-768x1024.jpg 768w, http:\/\/www.fundacionmarista.org.ar\/site\/wp-content\/uploads\/2019\/10\/FUNDACION-EN-JUJUY-5-225x300.jpg 225w, http:\/\/www.fundacionmarista.org.ar\/site\/wp-content\/uploads\/2019\/10\/FUNDACION-EN-JUJUY-5-360x480.jpg 360w, http:\/\/www.fundacionmarista.org.ar\/site\/wp-content\/uploads\/2019\/10\/FUNDACION-EN-JUJUY-5.jpg 960w\" sizes=\"auto, (max-width: 768px) 100vw, 768px\" \/><\/figure><\/li><li class=\"blocks-gallery-item\"><figure><img loading=\"lazy\" decoding=\"async\" width=\"1024\" height=\"768\" src=\"http:\/\/www.fundacionmarista.org.ar\/site\/wp-content\/uploads\/2019\/10\/FUNDACION-EN-JUJUY-6-1024x768.jpg\" alt=\"\" data-id=\"2125\" data-link=\"http:\/\/www.fundacionmarista.org.ar\/site\/?attachment_id=2125\" class=\"wp-image-2125\" srcset=\"http:\/\/www.fundacionmarista.org.ar\/site\/wp-content\/uploads\/2019\/10\/FUNDACION-EN-JUJUY-6-1024x768.jpg 1024w, http:\/\/www.fundacionmarista.org.ar\/site\/wp-content\/uploads\/2019\/10\/FUNDACION-EN-JUJUY-6-300x225.jpg 300w, http:\/\/www.fundacionmarista.org.ar\/site\/wp-content\/uploads\/2019\/10\/FUNDACION-EN-JUJUY-6-768x576.jpg 768w, http:\/\/www.fundacionmarista.org.ar\/site\/wp-content\/uploads\/2019\/10\/FUNDACION-EN-JUJUY-6-74x55.jpg 74w, http:\/\/www.fundacionmarista.org.ar\/site\/wp-content\/uploads\/2019\/10\/FUNDACION-EN-JUJUY-6-111x83.jpg 111w, http:\/\/www.fundacionmarista.org.ar\/site\/wp-content\/uploads\/2019\/10\/FUNDACION-EN-JUJUY-6-215x161.jpg 215w, http:\/\/www.fundacionmarista.org.ar\/site\/wp-content\/uploads\/2019\/10\/FUNDACION-EN-JUJUY-6-990x743.jpg 990w, http:\/\/www.fundacionmarista.org.ar\/site\/wp-content\/uploads\/2019\/10\/FUNDACION-EN-JUJUY-6-640x480.jpg 640w, http:\/\/www.fundacionmarista.org.ar\/site\/wp-content\/uploads\/2019\/10\/FUNDACION-EN-JUJUY-6.jpg 1280w\" sizes=\"auto, (max-width: 1024px) 100vw, 1024px\" \/><\/figure><\/li><li class=\"blocks-gallery-item\"><figure><img loading=\"lazy\" decoding=\"async\" width=\"768\" height=\"1024\" src=\"http:\/\/www.fundacionmarista.org.ar\/site\/wp-content\/uploads\/2019\/10\/FUNDACI\u00d3N-EN-JUJUY-8-768x1024.jpg\" alt=\"\" data-id=\"2126\" data-link=\"http:\/\/www.fundacionmarista.org.ar\/site\/?attachment_id=2126\" class=\"wp-image-2126\" srcset=\"http:\/\/www.fundacionmarista.org.ar\/site\/wp-content\/uploads\/2019\/10\/FUNDACI\u00d3N-EN-JUJUY-8-768x1024.jpg 768w, http:\/\/www.fundacionmarista.org.ar\/site\/wp-content\/uploads\/2019\/10\/FUNDACI\u00d3N-EN-JUJUY-8-225x300.jpg 225w, http:\/\/www.fundacionmarista.org.ar\/site\/wp-content\/uploads\/2019\/10\/FUNDACI\u00d3N-EN-JUJUY-8-360x480.jpg 360w, http:\/\/www.fundacionmarista.org.ar\/site\/wp-content\/uploads\/2019\/10\/FUNDACI\u00d3N-EN-JUJUY-8.jpg 960w\" sizes=\"auto, (max-width: 768px) 100vw, 768px\" \/><\/figure><\/li><li class=\"blocks-gallery-item\"><figure><img loading=\"lazy\" decoding=\"async\" width=\"768\" height=\"1024\" src=\"http:\/\/www.fundacionmarista.org.ar\/site\/wp-content\/uploads\/2019\/10\/FUNDACION-EN-JUJUY-9-768x1024.jpg\" alt=\"\" data-id=\"2127\" data-link=\"http:\/\/www.fundacionmarista.org.ar\/site\/?attachment_id=2127\" class=\"wp-image-2127\" srcset=\"http:\/\/www.fundacionmarista.org.ar\/site\/wp-content\/uploads\/2019\/10\/FUNDACION-EN-JUJUY-9-768x1024.jpg 768w, http:\/\/www.fundacionmarista.org.ar\/site\/wp-content\/uploads\/2019\/10\/FUNDACION-EN-JUJUY-9-225x300.jpg 225w, http:\/\/www.fundacionmarista.org.ar\/site\/wp-content\/uploads\/2019\/10\/FUNDACION-EN-JUJUY-9-360x480.jpg 360w, http:\/\/www.fundacionmarista.org.ar\/site\/wp-content\/uploads\/2019\/10\/FUNDACION-EN-JUJUY-9.jpg 960w\" sizes=\"auto, (max-width: 768px) 100vw, 768px\" \/><\/figure><\/li><li class=\"blocks-gallery-item\"><figure><img loading=\"lazy\" decoding=\"async\" width=\"1024\" height=\"768\" src=\"http:\/\/www.fundacionmarista.org.ar\/site\/wp-content\/uploads\/2019\/10\/FUNDACION-EN-JUJUY-1024x768.jpg\" alt=\"\" data-id=\"2128\" data-link=\"http:\/\/www.fundacionmarista.org.ar\/site\/?attachment_id=2128\" class=\"wp-image-2128\" srcset=\"http:\/\/www.fundacionmarista.org.ar\/site\/wp-content\/uploads\/2019\/10\/FUNDACION-EN-JUJUY-1024x768.jpg 1024w, http:\/\/www.fundacionmarista.org.ar\/site\/wp-content\/uploads\/2019\/10\/FUNDACION-EN-JUJUY-300x225.jpg 300w, http:\/\/www.fundacionmarista.org.ar\/site\/wp-content\/uploads\/2019\/10\/FUNDACION-EN-JUJUY-768x576.jpg 768w, http:\/\/www.fundacionmarista.org.ar\/site\/wp-content\/uploads\/2019\/10\/FUNDACION-EN-JUJUY-74x55.jpg 74w, http:\/\/www.fundacionmarista.org.ar\/site\/wp-content\/uploads\/2019\/10\/FUNDACION-EN-JUJUY-111x83.jpg 111w, http:\/\/www.fundacionmarista.org.ar\/site\/wp-content\/uploads\/2019\/10\/FUNDACION-EN-JUJUY-215x161.jpg 215w, http:\/\/www.fundacionmarista.org.ar\/site\/wp-content\/uploads\/2019\/10\/FUNDACION-EN-JUJUY-990x743.jpg 990w, http:\/\/www.fundacionmarista.org.ar\/site\/wp-content\/uploads\/2019\/10\/FUNDACION-EN-JUJUY-640x480.jpg 640w, http:\/\/www.fundacionmarista.org.ar\/site\/wp-content\/uploads\/2019\/10\/FUNDACION-EN-JUJUY.jpg 1280w\" sizes=\"auto, (max-width: 1024px) 100vw, 1024px\" \/><\/figure><\/li><\/ul>\n","protected":false},"excerpt":{"rendered":"<p>En representaci\u00f3n de la Fundaci\u00f3n Marista, entre los d\u00edas 27&nbsp; y 29&nbsp; de octubre, Daniel Felippelli, su Director, visit\u00f3 Ledesma, en Ldor. Gral. San Mart\u00edn, Jujuy, donde, adem\u00e1s de acompa\u00f1ar la tarea educadora de la Escuela T\u00e9cnica Herminio Arrieta los maristas generamos compromiso cotidiano con la comunidad del Barrio San Lorenzo, uno de los m\u00e1s [&hellip;]<\/p>\n","protected":false},"author":4,"featured_media":2121,"comment_status":"open","ping_status":"open","sticky":false,"template":"","format":"standard","meta":{"footnotes":""},"categories":[1],"tags":[],"class_list":["post-2119","post","type-post","status-publish","format-standard","has-post-thumbnail","hentry","category-ultimas"],"rttpg_featured_image_url":{"full":["http:\/\/www.fundacionmarista.org.ar\/site\/wp-content\/uploads\/2019\/10\/FUNDACION-EN-JUJUY-10.jpg",1280,960,false],"landscape":["http:\/\/www.fundacionmarista.org.ar\/site\/wp-content\/uploads\/2019\/10\/FUNDACION-EN-JUJUY-10.jpg",1280,960,false],"portraits":["http:\/\/www.fundacionmarista.org.ar\/site\/wp-content\/uploads\/2019\/10\/FUNDACION-EN-JUJUY-10.jpg",1280,960,false],"thumbnail":["http:\/\/www.fundacionmarista.org.ar\/site\/wp-content\/uploads\/2019\/10\/FUNDACION-EN-JUJUY-10-150x150.jpg",150,150,true],"medium":["http:\/\/www.fundacionmarista.org.ar\/site\/wp-content\/uploads\/2019\/10\/FUNDACION-EN-JUJUY-10-300x225.jpg",300,225,true],"large":["http:\/\/www.fundacionmarista.org.ar\/site\/wp-content\/uploads\/2019\/10\/FUNDACION-EN-JUJUY-10-1024x768.jpg",1024,768,true],"1536x1536":["http:\/\/www.fundacionmarista.org.ar\/site\/wp-content\/uploads\/2019\/10\/FUNDACION-EN-JUJUY-10.jpg",1280,960,false],"2048x2048":["http:\/\/www.fundacionmarista.org.ar\/site\/wp-content\/uploads\/2019\/10\/FUNDACION-EN-JUJUY-10.jpg",1280,960,false],"wp_review_large":["http:\/\/www.fundacionmarista.org.ar\/site\/wp-content\/uploads\/2019\/10\/FUNDACION-EN-JUJUY-10-320x200.jpg",320,200,true],"wp_review_small":["http:\/\/www.fundacionmarista.org.ar\/site\/wp-content\/uploads\/2019\/10\/FUNDACION-EN-JUJUY-10-65x65.jpg",65,65,true],"herald-lay-a":["http:\/\/www.fundacionmarista.org.ar\/site\/wp-content\/uploads\/2019\/10\/FUNDACION-EN-JUJUY-10-990x556.jpg",990,556,true],"herald-lay-a-full":["http:\/\/www.fundacionmarista.org.ar\/site\/wp-content\/uploads\/2019\/10\/FUNDACION-EN-JUJUY-10-1280x742.jpg",1280,742,true],"herald-lay-b":["http:\/\/www.fundacionmarista.org.ar\/site\/wp-content\/uploads\/2019\/10\/FUNDACION-EN-JUJUY-10-470x264.jpg",470,264,true],"herald-lay-b-full":["http:\/\/www.fundacionmarista.org.ar\/site\/wp-content\/uploads\/2019\/10\/FUNDACION-EN-JUJUY-10-640x360.jpg",640,360,true],"herald-lay-b1":["http:\/\/www.fundacionmarista.org.ar\/site\/wp-content\/uploads\/2019\/10\/FUNDACION-EN-JUJUY-10-300x200.jpg",300,200,true],"herald-lay-b1-full":["http:\/\/www.fundacionmarista.org.ar\/site\/wp-content\/uploads\/2019\/10\/FUNDACION-EN-JUJUY-10-414x276.jpg",414,276,true],"herald-lay-c1":["http:\/\/www.fundacionmarista.org.ar\/site\/wp-content\/uploads\/2019\/10\/FUNDACION-EN-JUJUY-10-470x313.jpg",470,313,true],"herald-lay-c1-full":["http:\/\/www.fundacionmarista.org.ar\/site\/wp-content\/uploads\/2019\/10\/FUNDACION-EN-JUJUY-10-640x426.jpg",640,426,true],"herald-lay-d":["http:\/\/www.fundacionmarista.org.ar\/site\/wp-content\/uploads\/2019\/10\/FUNDACION-EN-JUJUY-10-215x120.jpg",215,120,true],"herald-lay-d-full":["http:\/\/www.fundacionmarista.org.ar\/site\/wp-content\/uploads\/2019\/10\/FUNDACION-EN-JUJUY-10-300x168.jpg",300,168,true],"herald-lay-d1":["http:\/\/www.fundacionmarista.org.ar\/site\/wp-content\/uploads\/2019\/10\/FUNDACION-EN-JUJUY-10-130x86.jpg",130,86,true],"herald-lay-d1-full":["http:\/\/www.fundacionmarista.org.ar\/site\/wp-content\/uploads\/2019\/10\/FUNDACION-EN-JUJUY-10-187x124.jpg",187,124,true],"herald-lay-f":["http:\/\/www.fundacionmarista.org.ar\/site\/wp-content\/uploads\/2019\/10\/FUNDACION-EN-JUJUY-10-300x168.jpg",300,168,true],"herald-lay-f-full":["http:\/\/www.fundacionmarista.org.ar\/site\/wp-content\/uploads\/2019\/10\/FUNDACION-EN-JUJUY-10-414x232.jpg",414,232,true],"herald-lay-g1":["http:\/\/www.fundacionmarista.org.ar\/site\/wp-content\/uploads\/2019\/10\/FUNDACION-EN-JUJUY-10-74x55.jpg",74,55,true],"herald-lay-g1-full":["http:\/\/www.fundacionmarista.org.ar\/site\/wp-content\/uploads\/2019\/10\/FUNDACION-EN-JUJUY-10-111x83.jpg",111,83,true],"herald-lay-i-full":["http:\/\/www.fundacionmarista.org.ar\/site\/wp-content\/uploads\/2019\/10\/FUNDACION-EN-JUJUY-10-300x168.jpg",300,168,true],"herald-lay-i1":["http:\/\/www.fundacionmarista.org.ar\/site\/wp-content\/uploads\/2019\/10\/FUNDACION-EN-JUJUY-10-215x161.jpg",215,161,true],"herald-lay-i1-full":["http:\/\/www.fundacionmarista.org.ar\/site\/wp-content\/uploads\/2019\/10\/FUNDACION-EN-JUJUY-10-300x225.jpg",300,225,true],"herald-lay-single":["http:\/\/www.fundacionmarista.org.ar\/site\/wp-content\/uploads\/2019\/10\/FUNDACION-EN-JUJUY-10-990x743.jpg",990,743,true],"herald-lay-single-full":["http:\/\/www.fundacionmarista.org.ar\/site\/wp-content\/uploads\/2019\/10\/FUNDACION-EN-JUJUY-10.jpg",1280,960,false],"herald-lay-page":["http:\/\/www.fundacionmarista.org.ar\/site\/wp-content\/uploads\/2019\/10\/FUNDACION-EN-JUJUY-10-990x743.jpg",990,743,true],"herald-lay-page-full":["http:\/\/www.fundacionmarista.org.ar\/site\/wp-content\/uploads\/2019\/10\/FUNDACION-EN-JUJUY-10.jpg",1280,960,false],"herald-lay-fa1":["http:\/\/www.fundacionmarista.org.ar\/site\/wp-content\/uploads\/2019\/10\/FUNDACION-EN-JUJUY-10-434x420.jpg",434,420,true],"herald-lay-fa1-full":["http:\/\/www.fundacionmarista.org.ar\/site\/wp-content\/uploads\/2019\/10\/FUNDACION-EN-JUJUY-10-550x520.jpg",550,520,true],"herald-lay-fa3-big":["http:\/\/www.fundacionmarista.org.ar\/site\/wp-content\/uploads\/2019\/10\/FUNDACION-EN-JUJUY-10-459x420.jpg",459,420,true],"herald-lay-fa3-big-full":["http:\/\/www.fundacionmarista.org.ar\/site\/wp-content\/uploads\/2019\/10\/FUNDACION-EN-JUJUY-10-559x520.jpg",559,520,true],"herald-lay-fa3-small":["http:\/\/www.fundacionmarista.org.ar\/site\/wp-content\/uploads\/2019\/10\/FUNDACION-EN-JUJUY-10-260x210.jpg",260,210,true],"herald-lay-fa3-small-full":["http:\/\/www.fundacionmarista.org.ar\/site\/wp-content\/uploads\/2019\/10\/FUNDACION-EN-JUJUY-10-379x259.jpg",379,259,true],"herald-lay-fa5":["http:\/\/www.fundacionmarista.org.ar\/site\/wp-content\/uploads\/2019\/10\/FUNDACION-EN-JUJUY-10-980x420.jpg",980,420,true],"herald-lay-fa5-full":["http:\/\/www.fundacionmarista.org.ar\/site\/wp-content\/uploads\/2019\/10\/FUNDACION-EN-JUJUY-10-1280x520.jpg",1280,520,true],"awpcp-thumbnail":["http:\/\/www.fundacionmarista.org.ar\/site\/wp-content\/uploads\/2019\/10\/FUNDACION-EN-JUJUY-10-125x125.jpg",125,125,true],"awpcp-featured":["http:\/\/www.fundacionmarista.org.ar\/site\/wp-content\/uploads\/2019\/10\/FUNDACION-EN-JUJUY-10-200x200.jpg",200,200,true],"awpcp-featured-on-lists":["http:\/\/www.fundacionmarista.org.ar\/site\/wp-content\/uploads\/2019\/10\/FUNDACION-EN-JUJUY-10-80x80.jpg",80,80,true],"awpcp-large":["http:\/\/www.fundacionmarista.org.ar\/site\/wp-content\/uploads\/2019\/10\/FUNDACION-EN-JUJUY-10-640x480.jpg",640,480,true]},"rttpg_author":{"display_name":"Comunicaci\u00f3n","author_link":"http:\/\/www.fundacionmarista.org.ar\/site\/author\/mrilo\/"},"rttpg_comment":0,"rttpg_category":"<a href=\"http:\/\/www.fundacionmarista.org.ar\/site\/category\/ultimas\/\" rel=\"category tag\">Ultimas Noticias<\/a>","rttpg_excerpt":"En representaci\u00f3n de la Fundaci\u00f3n Marista, entre los d\u00edas 27&nbsp; y 29&nbsp; de octubre, Daniel Felippelli, su Director, visit\u00f3 Ledesma, en Ldor. Gral. San Mart\u00edn, Jujuy, donde, adem\u00e1s de acompa\u00f1ar la tarea educadora de la Escuela T\u00e9cnica Herminio Arrieta los maristas generamos compromiso cotidiano con la comunidad del Barrio San Lorenzo, uno de los m\u00e1s&hellip;","_links":{"self":[{"href":"http:\/\/www.fundacionmarista.org.ar\/site\/wp-json\/wp\/v2\/posts\/2119","targetHints":{"allow":["GET"]}}],"collection":[{"href":"http:\/\/www.fundacionmarista.org.ar\/site\/wp-json\/wp\/v2\/posts"}],"about":[{"href":"http:\/\/www.fundacionmarista.org.ar\/site\/wp-json\/wp\/v2\/types\/post"}],"author":[{"embeddable":true,"href":"http:\/\/www.fundacionmarista.org.ar\/site\/wp-json\/wp\/v2\/users\/4"}],"replies":[{"embeddable":true,"href":"http:\/\/www.fundacionmarista.org.ar\/site\/wp-json\/wp\/v2\/comments?post=2119"}],"version-history":[{"count":1,"href":"http:\/\/www.fundacionmarista.org.ar\/site\/wp-json\/wp\/v2\/posts\/2119\/revisions"}],"predecessor-version":[{"id":2129,"href":"http:\/\/www.fundacionmarista.org.ar\/site\/wp-json\/wp\/v2\/posts\/2119\/revisions\/2129"}],"wp:featuredmedia":[{"embeddable":true,"href":"http:\/\/www.fundacionmarista.org.ar\/site\/wp-json\/wp\/v2\/media\/2121"}],"wp:attachment":[{"href":"http:\/\/www.fundacionmarista.org.ar\/site\/wp-json\/wp\/v2\/media?parent=2119"}],"wp:term":[{"taxonomy":"category","embeddable":true,"href":"http:\/\/www.fundacionmarista.org.ar\/site\/wp-json\/wp\/v2\/categories?post=2119"},{"taxonomy":"post_tag","embeddable":true,"href":"http:\/\/www.fundacionmarista.org.ar\/site\/wp-json\/wp\/v2\/tags?post=2119"}],"curies":[{"name":"wp","href":"https:\/\/api.w.org\/{rel}","templated":true}]}}