{"id":191,"date":"2017-12-03T17:39:02","date_gmt":"2017-12-03T20:39:02","guid":{"rendered":"https:\/\/demo.mekshq.com\/voice\/?p=191"},"modified":"2019-09-11T21:03:22","modified_gmt":"2019-09-12T00:03:22","slug":"diario-la-capital-de-rosario-un-taller-de-musica-que-abre-puertas-a-los-adolescentes-estudiantes-del-colegio-marcelino-champagnat","status":"publish","type":"post","link":"https:\/\/www.fundacionmarista.org.ar\/site\/2017\/12\/03\/diario-la-capital-de-rosario-un-taller-de-musica-que-abre-puertas-a-los-adolescentes-estudiantes-del-colegio-marcelino-champagnat\/","title":{"rendered":"Diario La Capital, de Rosario: &#8220;Un taller de m\u00fasica que abre puertas a los adolescentes&#8221;: estudiantes del Colegio Marcelino Champagnat"},"content":{"rendered":"\n<p>\n\tEn una de las aulas de la Escuela Marcelino Champagnat los lunes y \njueves suena rock nacional. Son los chicos y las chicas de la banda Los \nLeones del Oeste, del taller de m\u00fasica que funciona fuera del horario de\n clase, y que por estos d\u00edas \u2014acompa\u00f1ados y guiados por sus profesores\u2014 \nensayan para la fiesta de fin de a\u00f1o de la escuela. Descubrieron que \ncantar, tocar el bajo, la guitarra o la bater\u00eda les gustaba m\u00e1s que \nquedarse durmiendo por las ma\u00f1anas, tambi\u00e9n que pueden compartir la \nm\u00fasica con sus compa\u00f1eros y adem\u00e1s los felicitan cada vez que los \nescuchan tocar. Llegan m\u00e1s temprano, preparan los instrumentos, afinan \nguitarras y conectan amplificadores. Se nota que el trabajo es en \nequipo.\n<\/p>\n\n\n\n<!--more-->\n\n\n\n<p>\n\t&#8220;Es importante que logren darse cuenta y apreciar las capacidades \nilimitadas que tienen de aprender y seguir creciendo, m\u00e1s all\u00e1 de su \ncondici\u00f3n social. Se trata de brindar posibilidades, esas que todos \ntenemos pero que siempre requieren de alguien que las habilite, sobre \ntodo en la escuela que debe ser inclusiva y acompa\u00f1ar ese proceso. \nQuiz\u00e1s alguien no sea bueno en matem\u00e1tica o lengua, pero tiene una \ncapacidad asombrosa para soldar, cantar o tocar un instrumento, y en \neste caso desarrollarse en lo art\u00edstico&#8221;, afirma Mario Alarc\u00f3n, profesor\n del taller de m\u00fasica de la Escuela N\u00ba 1422 Marcelino Champagnat, \nubicada en la zona sudoeste de la ciudad. Por la banda pasaron alumnos \nque hoy ya terminaron la escuela, algunos encontraron el camino por el \nlado de la m\u00fasica, pero casi todos recuerdan las pr\u00e1cticas en el taller y\n se acercan a saludar cada vez que pueden.\n<\/p>\n\n\n\n<p>\n\t&#8220;Todos los logros llegan en virtud del trabajo y del esfuerzo, m\u00e1s all\u00e1\n del talento&#8221;, agrega Eduardo C\u00e1ceres Sasa, tambi\u00e9n profesor del grupo, y\n compa\u00f1ero de Alarc\u00f3n en casi todos los proyectos que emprendieron desde\n la adolescencia. &#8220;Nuestra modalidad de ense\u00f1ar es m\u00e1s bien pragm\u00e1tica y\n muy exigente, pero da resultado, no se trata solamente de que un chico \nquiera sino que pueda, tampoco es s\u00f3lo una cuesti\u00f3n de medios sino de \nresultados. Todos tocan y todos prueban&#8221;, opina. Mario y Eduardo se \nmuestran entusiasmados y apasionados con esta propuesta que ya lleva \nvarios a\u00f1os pero que a\u00fan disfrutan con la misma intensidad, quieren \ncontar lo que hacen estos chicos de la escuela de Rueda al 4500; y \ntambi\u00e9n destacan que no hay grupo sin estrella. As\u00ed se refieren a \nSolange Godoy, una adolescente de 15 a\u00f1os que tiene una discapacidad y \nlogr\u00f3 convertirse en la cantante de la banda.\n<\/p>\n\n\n\n<p>\n\t<strong>Salir a tocar.<\/strong>\n<\/p>\n\n\n\n<p>\n\tComo cualquier banda de m\u00fasica, la idea es mostrar lo que hacen, los \nprofesores dicen &#8220;que est\u00e1 bueno tocar y ensayar pero hay que salir&#8221;. \nTocaron en el Distrito Oeste, en centros comunitarios, escuelas y \nplazas. La idea que proponen los profesores, tanto para los ensayos como\n en las presentaciones, es que el grupo rote por los distintos \ninstrumentos, y esto hace que la gente se sorprenda cada vez que los \nescuchan tocar. Integran el grupo alrededor de quince alumnos y alumnas \ndel nivel secundario, aunque el d\u00eda que La\u2002Capital presenci\u00f3 parte del \nensayo, no estaban todos, y Milagros y Solange fueron las \u00fanicas chicas \npresentes.\n<\/p>\n\n\n\n<p>\n\t&#8220;Notamos que se apasionan con la m\u00fasica, pero a veces por \ndesconocimiento o timidez les cuesta entrar al taller&#8221;. La semana \npr\u00f3xima tocar\u00e1n en el acto de colaci\u00f3n de los alumnos de 5\u00ba a\u00f1o de la \nescuela Champagnat, ser\u00e1 en el auditorio del Colegio Maristas, de cuya \ncongregaci\u00f3n depende la instituci\u00f3n. El mi\u00e9rcoles 6 ser\u00e1 en la propia \nescuela y el jueves 7 en la sede de Maristas.\n<\/p>\n\n\n\n<p>\n\t&#8220;Buscamos temas que t\u00e9cnicamente no sean dif\u00edciles y que tengan pocos \nacordes, as\u00ed logran tocar r\u00e1pido, y no estamos tanto tiempo estudiando \nuna escala o un acorde. No hacemos mucho hincapi\u00e9 en el tema de la \nlectoescritura, estamos m\u00e1s abocados a la cuesti\u00f3n pr\u00e1ctica, con bases \narm\u00f3nicas de pocos acordes, as\u00ed enseguida se entusiasman, y tocan una \ncanci\u00f3n&#8221;, explica Mario. Los temas no fueron elegidos al azar, todos \ntienen un mensaje. Interpretan a Charly, Calamaro y tambi\u00e9n algunas \ncumbias de Los Palmeras, pero el tema que m\u00e1s le gusta al grupo es &#8220;A \nd\u00f3nde est\u00e1 la libertad&#8221;, de Pappo.\n<\/p>\n\n\n\n<p>\n\t<strong>Aprender practicando<\/strong>\n<\/p>\n\n\n\n<p>\n\tEnsayan dispuestos en ronda, as\u00ed todos aprenden un poco del otro. &#8220;Lo \nimportante es que se animen y vayan tocando. Ac\u00e1 los primeros payasos \nsomos nosotros, entonces despu\u00e9s se animan a mostrar lo que cada uno \nsabe hacer&#8221;, se\u00f1ala Eduardo respecto de la confianza que generan los \nj\u00f3venes a partir de las pr\u00e1cticas.\n<\/p>\n\n\n\n<p>\n\t&#8220;La escuela tiene que cambiar, ser un poco m\u00e1s abierta respecto de los \nintereses de los j\u00f3venes y darles oportunidades, por eso sostenemos esta\n idea, de que los chicos est\u00e9n adentro de la escuela y no en la calle, \nsea haciendo un taller de m\u00fasica, soldadura o carpinter\u00eda. Todas los \ncolegios que como el nuestro se ubica en un contexto social humilde y \ncomplejo deber\u00edan adoptar esta impronta. Hay una relaci\u00f3n muy piola con \nlos pibes, algunos incluso ya terminaron la secundaria, y contin\u00faan \nvisitando la escuela, pasan a saludar, o a escuchar los ensayos&#8221;, dice \nel profesor de m\u00fasica del secundario que ense\u00f1a en la Champagnat desde \nel 2001.\n<\/p>\n\n\n\n<p>\n\tEl proyecto surge hace seis a\u00f1os financiado por un banco. &#8220;En principio\n se trat\u00f3 de un taller de cajones peruanos, pero una vez que agotamos \ntodas las posibilidades de tocar y viendo la facilidad que ten\u00edan para \nla percusi\u00f3n, se nos ocurri\u00f3 traer un bajo, una guitarra el\u00e9ctrica y un \namplificador; tambi\u00e9n empezamos a probar con un redoblante murguero \nhasta que logramos comprar algunos instrumentos que hoy quedan en la \nescuela&#8221;, explican los profesores que tambi\u00e9n se dedican a la percusi\u00f3n y\n la luther\u00eda.\n<\/p>\n\n\n\n<p>\n\tSi bien recibieron algunas donaciones de instrumentos, siempre est\u00e1n \ninteresados en sumar muchos m\u00e1s. &#8220;Por supuesto que el m\u00e9rito es mucho \nmayor cuando las horas de ensayo son s\u00f3lo las que ofrece el taller pero \nsi logramos que practiquen en sus casas, todo resulta m\u00e1s sencillo, y \nestar\u00e1n mucho m\u00e1s motivados&#8221;.\n<\/p>\n\n\n\n<p>\n\t<strong>Querer y poder<\/strong>\n<\/p>\n\n\n\n<p>\n\t&#8220;A veces es complicado aprender y otras no&#8221;, y en esto coinciden todos \nlos integrantes de la banda, varios chicos incluso tienen pensado armar \nun grupo por fuera del taller. &#8220;Como aprendimos juntos podemos seguir \njuntos&#8221;, dicen los pibes. El profe Eduardo valora este pensamiento y \ntambi\u00e9n la inquietud que siempre tienen de progresar. &#8220;Logramos inculcar\n algo que parece que pas\u00f3 de moda y es que para aprender hay que \nestudiar, hay j\u00f3venes que creen que para aprender a tocar un instrumento\n s\u00f3lo hay que ir a la clase. Estos chicos y chicas nos demuestran en \ncambio que querer es poder&#8221;.\n<\/p>\n\n\n\n<p>\n\tAl decir esto, las miradas se concentran nuevamente en Sol \u2014como la \nllaman a Solange\u2014, la cantante de la banda. Ella nunca deja de sonre\u00edr, y\n sigue con entusiasmo cada indicaci\u00f3n de sus profesores, querida por sus\n compa\u00f1eros y docentes, todos valoran su desempe\u00f1o, y que sin que su \ndiscapacidad se volviera un obst\u00e1culo, logr\u00f3 hacer lo que m\u00e1s le gusta: \ncantar. La adolescente integra &#8220;Los leones&#8230;&#8221; desde hace tres a\u00f1os, \npas\u00f3 a 4\u00ba a\u00f1o, y cuenta que descubri\u00f3 el grupo cuando estaba en 7\u00ba \ngrado. &#8220;Me gusta cantar desde chica pero cuando escuch\u00e9 a la banda en \nuna de sus presentaciones, me di cuenta que quer\u00eda estar ah\u00ed&#8221;. Sol sue\u00f1a\n estudiar canto cuando termine la secundaria, su m\u00fasica preferida es el \npop y Carlos Baute, su cantante favorito. Durante los ensayos el profe \nMario acompa\u00f1a su canto, principalmente en esos tonos que cuesta adaptar\n su voz.\n<\/p>\n\n\n\n<p>\n\tQuienes tocan la guitarra o el bajo tambi\u00e9n siguen a su profesor, un recurso que los ayuda cuando se pierden o ponen nerviosos.\n<\/p>\n\n\n\n<p>\n\tAlex, otro de los chicos de la banda, es alumno de 2\u00ba a\u00f1o y se apasiona\n cada vez que toca la bater\u00eda, reconoce que le gusta el rock pero \nprefiere la m\u00fasica electr\u00f3nica. &#8220;Vine porque empec\u00e9 a tocar el bombo, y \ndespu\u00e9s quise probar la bater\u00eda y le agarr\u00e9 la mano r\u00e1pido&#8221;, cuenta Alex\n que participa del taller desde el a\u00f1o pasado. H\u00e9ctor es el hermano de \nSol, y tambi\u00e9n se entusiasm\u00f3 con la bater\u00eda, dice que tocar y coordinar \ncon sus compa\u00f1eros no es tan f\u00e1cil, &#8220;si nos equivocamos el profe nos \nreta&#8221;, admite con gracia.\n<\/p>\n\n\n\n<p>\n\tSin embargo, los maestros de m\u00fasica aseguran que son los bateristas \nquienes mejor se aprenden las partes, prestan m\u00e1s atenci\u00f3n pero tambi\u00e9n \nse enojan cuando alg\u00fan compa\u00f1ero se equivoca en un acorde. Entre risas y\n an\u00e9cdotas, recuerdan que durante una presentaci\u00f3n H\u00e9ctor puso tanta \nenerg\u00eda al tocar la bater\u00eda que se acalambr\u00f3 la pierna.\n<\/p>\n\n\n\n<p>\n\tEn el grupo tambi\u00e9n descubrieron a un bailar\u00edn: Miguel, &#8220;la otra \nestrella&#8221;, dicen sus profesores. &#8220;Durante la clase, una vez nos pregunt\u00f3\n si pod\u00eda bailar como Michael Jackson y todos quedamos boquiabiertos. \nTiene horas de estudio de este baile en su casa, frente a la \ncomputadora, en el anonimato, y de repente un d\u00eda bail\u00f3 en un acto y lo \novacionaron. Nuestro Jackson trascendi\u00f3 la puertas de la escuela&#8221;, \nremarca orgulloso su profesor. Adem\u00e1s del baile, Miguel cuenta que \nsiempre quiso aprender a tocar la guitarra, ten\u00eda ganas de venir pero \nreci\u00e9n este a\u00f1o se decidi\u00f3. Alexis tambi\u00e9n lo hizo este a\u00f1o, y la \nguitarra el\u00e9ctrica es su instrumento preferido.\n<\/p>\n","protected":false},"excerpt":{"rendered":"<p>\t\t\t\tSon estudiantes de la Escuela Marcelino Champagnat. Formaron la banda Los Leones del Oeste.<\/p>\n","protected":false},"author":4,"featured_media":1884,"comment_status":"closed","ping_status":"open","sticky":false,"template":"","format":"standard","meta":{"footnotes":""},"categories":[1],"tags":[69,66,67,64,63,68,65],"class_list":["post-191","post","type-post","status-publish","format-standard","has-post-thumbnail","hentry","category-ultimas","tag-capital","tag-champagnat","tag-diario","tag-escuela","tag-estudiantes","tag-la","tag-san-marcelino"],"rttpg_featured_image_url":{"full":["https:\/\/www.fundacionmarista.org.ar\/site\/wp-content\/uploads\/2017\/12\/musica.jpg",755,403,false],"landscape":["https:\/\/www.fundacionmarista.org.ar\/site\/wp-content\/uploads\/2017\/12\/musica.jpg",755,403,false],"portraits":["https:\/\/www.fundacionmarista.org.ar\/site\/wp-content\/uploads\/2017\/12\/musica.jpg",755,403,false],"thumbnail":["https:\/\/www.fundacionmarista.org.ar\/site\/wp-content\/uploads\/2017\/12\/musica-150x150.jpg",150,150,true],"medium":["https:\/\/www.fundacionmarista.org.ar\/site\/wp-content\/uploads\/2017\/12\/musica-300x160.jpg",300,160,true],"large":["https:\/\/www.fundacionmarista.org.ar\/site\/wp-content\/uploads\/2017\/12\/musica.jpg",755,403,false],"1536x1536":["https:\/\/www.fundacionmarista.org.ar\/site\/wp-content\/uploads\/2017\/12\/musica.jpg",755,403,false],"2048x2048":["https:\/\/www.fundacionmarista.org.ar\/site\/wp-content\/uploads\/2017\/12\/musica.jpg",755,403,false],"wp_review_large":["https:\/\/www.fundacionmarista.org.ar\/site\/wp-content\/uploads\/2017\/12\/musica-320x200.jpg",320,200,true],"wp_review_small":["https:\/\/www.fundacionmarista.org.ar\/site\/wp-content\/uploads\/2017\/12\/musica-65x65.jpg",65,65,true],"herald-lay-a":["https:\/\/www.fundacionmarista.org.ar\/site\/wp-content\/uploads\/2017\/12\/musica.jpg",755,403,false],"herald-lay-a-full":["https:\/\/www.fundacionmarista.org.ar\/site\/wp-content\/uploads\/2017\/12\/musica.jpg",755,403,false],"herald-lay-b":["https:\/\/www.fundacionmarista.org.ar\/site\/wp-content\/uploads\/2017\/12\/musica-470x264.jpg",470,264,true],"herald-lay-b-full":["https:\/\/www.fundacionmarista.org.ar\/site\/wp-content\/uploads\/2017\/12\/musica-640x360.jpg",640,360,true],"herald-lay-b1":["https:\/\/www.fundacionmarista.org.ar\/site\/wp-content\/uploads\/2017\/12\/musica-300x200.jpg",300,200,true],"herald-lay-b1-full":["https:\/\/www.fundacionmarista.org.ar\/site\/wp-content\/uploads\/2017\/12\/musica-414x276.jpg",414,276,true],"herald-lay-c1":["https:\/\/www.fundacionmarista.org.ar\/site\/wp-content\/uploads\/2017\/12\/musica-470x313.jpg",470,313,true],"herald-lay-c1-full":["https:\/\/www.fundacionmarista.org.ar\/site\/wp-content\/uploads\/2017\/12\/musica-640x403.jpg",640,403,true],"herald-lay-d":["https:\/\/www.fundacionmarista.org.ar\/site\/wp-content\/uploads\/2017\/12\/musica-215x120.jpg",215,120,true],"herald-lay-d-full":["https:\/\/www.fundacionmarista.org.ar\/site\/wp-content\/uploads\/2017\/12\/musica-300x168.jpg",300,168,true],"herald-lay-d1":["https:\/\/www.fundacionmarista.org.ar\/site\/wp-content\/uploads\/2017\/12\/musica-130x86.jpg",130,86,true],"herald-lay-d1-full":["https:\/\/www.fundacionmarista.org.ar\/site\/wp-content\/uploads\/2017\/12\/musica-187x124.jpg",187,124,true],"herald-lay-f":["https:\/\/www.fundacionmarista.org.ar\/site\/wp-content\/uploads\/2017\/12\/musica-300x168.jpg",300,168,true],"herald-lay-f-full":["https:\/\/www.fundacionmarista.org.ar\/site\/wp-content\/uploads\/2017\/12\/musica-414x232.jpg",414,232,true],"herald-lay-g1":["https:\/\/www.fundacionmarista.org.ar\/site\/wp-content\/uploads\/2017\/12\/musica-74x55.jpg",74,55,true],"herald-lay-g1-full":["https:\/\/www.fundacionmarista.org.ar\/site\/wp-content\/uploads\/2017\/12\/musica-111x83.jpg",111,83,true],"herald-lay-i-full":["https:\/\/www.fundacionmarista.org.ar\/site\/wp-content\/uploads\/2017\/12\/musica-300x168.jpg",300,168,true],"herald-lay-i1":["https:\/\/www.fundacionmarista.org.ar\/site\/wp-content\/uploads\/2017\/12\/musica-215x161.jpg",215,161,true],"herald-lay-i1-full":["https:\/\/www.fundacionmarista.org.ar\/site\/wp-content\/uploads\/2017\/12\/musica-300x225.jpg",300,225,true],"herald-lay-single":["https:\/\/www.fundacionmarista.org.ar\/site\/wp-content\/uploads\/2017\/12\/musica.jpg",755,403,false],"herald-lay-single-full":["https:\/\/www.fundacionmarista.org.ar\/site\/wp-content\/uploads\/2017\/12\/musica.jpg",755,403,false],"herald-lay-page":["https:\/\/www.fundacionmarista.org.ar\/site\/wp-content\/uploads\/2017\/12\/musica.jpg",755,403,false],"herald-lay-page-full":["https:\/\/www.fundacionmarista.org.ar\/site\/wp-content\/uploads\/2017\/12\/musica.jpg",755,403,false],"herald-lay-fa1":["https:\/\/www.fundacionmarista.org.ar\/site\/wp-content\/uploads\/2017\/12\/musica-434x403.jpg",434,403,true],"herald-lay-fa1-full":["https:\/\/www.fundacionmarista.org.ar\/site\/wp-content\/uploads\/2017\/12\/musica-550x403.jpg",550,403,true],"herald-lay-fa3-big":["https:\/\/www.fundacionmarista.org.ar\/site\/wp-content\/uploads\/2017\/12\/musica-459x403.jpg",459,403,true],"herald-lay-fa3-big-full":["https:\/\/www.fundacionmarista.org.ar\/site\/wp-content\/uploads\/2017\/12\/musica-559x403.jpg",559,403,true],"herald-lay-fa3-small":["https:\/\/www.fundacionmarista.org.ar\/site\/wp-content\/uploads\/2017\/12\/musica-260x210.jpg",260,210,true],"herald-lay-fa3-small-full":["https:\/\/www.fundacionmarista.org.ar\/site\/wp-content\/uploads\/2017\/12\/musica-379x259.jpg",379,259,true],"herald-lay-fa5":["https:\/\/www.fundacionmarista.org.ar\/site\/wp-content\/uploads\/2017\/12\/musica.jpg",755,403,false],"herald-lay-fa5-full":["https:\/\/www.fundacionmarista.org.ar\/site\/wp-content\/uploads\/2017\/12\/musica.jpg",755,403,false],"awpcp-thumbnail":["https:\/\/www.fundacionmarista.org.ar\/site\/wp-content\/uploads\/2017\/12\/musica.jpg",125,67,false],"awpcp-featured":["https:\/\/www.fundacionmarista.org.ar\/site\/wp-content\/uploads\/2017\/12\/musica.jpg",200,107,false],"awpcp-featured-on-lists":["https:\/\/www.fundacionmarista.org.ar\/site\/wp-content\/uploads\/2017\/12\/musica.jpg",80,43,false],"awpcp-large":["https:\/\/www.fundacionmarista.org.ar\/site\/wp-content\/uploads\/2017\/12\/musica.jpg",640,342,false]},"rttpg_author":{"display_name":"Comunicaci\u00f3n","author_link":"https:\/\/www.fundacionmarista.org.ar\/site\/author\/mrilo\/"},"rttpg_comment":0,"rttpg_category":"<a href=\"https:\/\/www.fundacionmarista.org.ar\/site\/category\/ultimas\/\" rel=\"category tag\">Ultimas Noticias<\/a>","rttpg_excerpt":"Son estudiantes de la Escuela Marcelino Champagnat. Formaron la banda Los Leones del Oeste.","_links":{"self":[{"href":"https:\/\/www.fundacionmarista.org.ar\/site\/wp-json\/wp\/v2\/posts\/191","targetHints":{"allow":["GET"]}}],"collection":[{"href":"https:\/\/www.fundacionmarista.org.ar\/site\/wp-json\/wp\/v2\/posts"}],"about":[{"href":"https:\/\/www.fundacionmarista.org.ar\/site\/wp-json\/wp\/v2\/types\/post"}],"author":[{"embeddable":true,"href":"https:\/\/www.fundacionmarista.org.ar\/site\/wp-json\/wp\/v2\/users\/4"}],"replies":[{"embeddable":true,"href":"https:\/\/www.fundacionmarista.org.ar\/site\/wp-json\/wp\/v2\/comments?post=191"}],"version-history":[{"count":4,"href":"https:\/\/www.fundacionmarista.org.ar\/site\/wp-json\/wp\/v2\/posts\/191\/revisions"}],"predecessor-version":[{"id":1885,"href":"https:\/\/www.fundacionmarista.org.ar\/site\/wp-json\/wp\/v2\/posts\/191\/revisions\/1885"}],"wp:featuredmedia":[{"embeddable":true,"href":"https:\/\/www.fundacionmarista.org.ar\/site\/wp-json\/wp\/v2\/media\/1884"}],"wp:attachment":[{"href":"https:\/\/www.fundacionmarista.org.ar\/site\/wp-json\/wp\/v2\/media?parent=191"}],"wp:term":[{"taxonomy":"category","embeddable":true,"href":"https:\/\/www.fundacionmarista.org.ar\/site\/wp-json\/wp\/v2\/categories?post=191"},{"taxonomy":"post_tag","embeddable":true,"href":"https:\/\/www.fundacionmarista.org.ar\/site\/wp-json\/wp\/v2\/tags?post=191"}],"curies":[{"name":"wp","href":"https:\/\/api.w.org\/{rel}","templated":true}]}}