{"id":2018,"date":"2016-09-11T10:08:24","date_gmt":"2016-09-11T13:08:24","guid":{"rendered":"http:\/\/www.fundacionmarista.org.ar\/site\/?p=2018"},"modified":"2019-09-12T10:13:22","modified_gmt":"2019-09-12T13:13:22","slug":"merlo-norte-festejo-del-dia-de-la-ninez-en-casa-corazon-de-maria","status":"publish","type":"post","link":"https:\/\/www.fundacionmarista.org.ar\/site\/2016\/09\/11\/merlo-norte-festejo-del-dia-de-la-ninez-en-casa-corazon-de-maria\/","title":{"rendered":"Merlo Norte: Festejo del D\u00eda de la Ni\u00f1ez en \u201cCasa Coraz\u00f3n de Mar\u00eda\u201d."},"content":{"rendered":"\n<p>La\n jornada comenz\u00f3 con un show de teatro (educativo y participativo) en el\n cual aparte del entretenimiento y la diversi\u00f3n se transmiten valores \ncomo la importancia de la higiene personal, el cuidado del cuerpo, etc.<\/p>\n\n\n\n<div class=\"wp-block-image\"><figure class=\"aligncenter\"><img loading=\"lazy\" decoding=\"async\" width=\"591\" height=\"443\" src=\"http:\/\/www.fundacionmarista.org.ar\/site\/wp-content\/uploads\/2019\/09\/casamaria2.jpg\" alt=\"\" class=\"wp-image-2021\" srcset=\"https:\/\/www.fundacionmarista.org.ar\/site\/wp-content\/uploads\/2019\/09\/casamaria2.jpg 591w, https:\/\/www.fundacionmarista.org.ar\/site\/wp-content\/uploads\/2019\/09\/casamaria2-300x225.jpg 300w, https:\/\/www.fundacionmarista.org.ar\/site\/wp-content\/uploads\/2019\/09\/casamaria2-74x55.jpg 74w, https:\/\/www.fundacionmarista.org.ar\/site\/wp-content\/uploads\/2019\/09\/casamaria2-111x83.jpg 111w, https:\/\/www.fundacionmarista.org.ar\/site\/wp-content\/uploads\/2019\/09\/casamaria2-215x161.jpg 215w\" sizes=\"auto, (max-width: 591px) 100vw, 591px\" \/><\/figure><\/div>\n\n\n\n<p>Luego, se pas\u00f3 a merendar chocolatada caliente, facturas, galletitas y alfajores para todos\/as.<\/p>\n\n\n\n<p>Mientras\n los ni\u00f1os\/as meriendan, se va acondicionando el sal\u00f3n con todos los \njuguetes que se regalaran ese d\u00eda. Los chicos van pasando por grupos a \nretirar su regalo teniendo la posibilidad de elegir el juguete. A\n medida que van saliendo del sal\u00f3n con su regalo en mano, se les entrega\n una bolsita con golosinas y un n\u00famero para el sorteo de las bicicletas.\n Este a\u00f1o fueron tres las bicicletas sorteadas, entre los m\u00e1s grandecitos, y un triciclo entre los m\u00e1s peque\u00f1os. La\n Casa, se viste de ALEGRIA con la presencia de los m\u00e1s peque\u00f1os\/as del \nbarrio\u2026 suenan risas, se ven caritas de asombro, diversi\u00f3n, inocencia, \nilusi\u00f3n, entusiasmo\u2026<\/p>\n\n\n\n<div class=\"wp-block-image\"><figure class=\"aligncenter\"><img loading=\"lazy\" decoding=\"async\" width=\"591\" height=\"443\" src=\"http:\/\/www.fundacionmarista.org.ar\/site\/wp-content\/uploads\/2019\/09\/casamaria11.jpg\" alt=\"\" class=\"wp-image-2022\" srcset=\"https:\/\/www.fundacionmarista.org.ar\/site\/wp-content\/uploads\/2019\/09\/casamaria11.jpg 591w, https:\/\/www.fundacionmarista.org.ar\/site\/wp-content\/uploads\/2019\/09\/casamaria11-300x225.jpg 300w, https:\/\/www.fundacionmarista.org.ar\/site\/wp-content\/uploads\/2019\/09\/casamaria11-74x55.jpg 74w, https:\/\/www.fundacionmarista.org.ar\/site\/wp-content\/uploads\/2019\/09\/casamaria11-111x83.jpg 111w, https:\/\/www.fundacionmarista.org.ar\/site\/wp-content\/uploads\/2019\/09\/casamaria11-215x161.jpg 215w\" sizes=\"auto, (max-width: 591px) 100vw, 591px\" \/><\/figure><\/div>\n\n\n\n<p>Gracias Fundaci\u00f3n Marista por ayudarnos a llevar adelante este d\u00eda especial de FIESTA junto a los ni\u00f1os y ni\u00f1as del Reino.<\/p>\n","protected":false},"excerpt":{"rendered":"<p>El d\u00eda s\u00e1bado 20 de agosto de 2016 se realiz\u00f3 el Festejo del D\u00eda de la Ni\u00f1ez en \u201cCasa Coraz\u00f3n de Mar\u00eda\u201d (Merlo Norte). Al evento concurrieron aproximadamente 200 ni\u00f1os del barrio Argentino. <\/p>\n","protected":false},"author":4,"featured_media":2020,"comment_status":"closed","ping_status":"open","sticky":false,"template":"","format":"standard","meta":{"footnotes":""},"categories":[1],"tags":[88,86],"class_list":["post-2018","post","type-post","status-publish","format-standard","has-post-thumbnail","hentry","category-ultimas","tag-corazon-de-maria","tag-dia-de-la-ninez"],"rttpg_featured_image_url":{"full":["https:\/\/www.fundacionmarista.org.ar\/site\/wp-content\/uploads\/2019\/09\/casamaria3.jpg",886,664,false],"landscape":["https:\/\/www.fundacionmarista.org.ar\/site\/wp-content\/uploads\/2019\/09\/casamaria3.jpg",886,664,false],"portraits":["https:\/\/www.fundacionmarista.org.ar\/site\/wp-content\/uploads\/2019\/09\/casamaria3.jpg",886,664,false],"thumbnail":["https:\/\/www.fundacionmarista.org.ar\/site\/wp-content\/uploads\/2019\/09\/casamaria3-150x150.jpg",150,150,true],"medium":["https:\/\/www.fundacionmarista.org.ar\/site\/wp-content\/uploads\/2019\/09\/casamaria3-300x225.jpg",300,225,true],"large":["https:\/\/www.fundacionmarista.org.ar\/site\/wp-content\/uploads\/2019\/09\/casamaria3.jpg",886,664,false],"1536x1536":["https:\/\/www.fundacionmarista.org.ar\/site\/wp-content\/uploads\/2019\/09\/casamaria3.jpg",886,664,false],"2048x2048":["https:\/\/www.fundacionmarista.org.ar\/site\/wp-content\/uploads\/2019\/09\/casamaria3.jpg",886,664,false],"wp_review_large":["https:\/\/www.fundacionmarista.org.ar\/site\/wp-content\/uploads\/2019\/09\/casamaria3-320x200.jpg",320,200,true],"wp_review_small":["https:\/\/www.fundacionmarista.org.ar\/site\/wp-content\/uploads\/2019\/09\/casamaria3-65x65.jpg",65,65,true],"herald-lay-a":["https:\/\/www.fundacionmarista.org.ar\/site\/wp-content\/uploads\/2019\/09\/casamaria3-886x556.jpg",886,556,true],"herald-lay-a-full":["https:\/\/www.fundacionmarista.org.ar\/site\/wp-content\/uploads\/2019\/09\/casamaria3.jpg",886,664,false],"herald-lay-b":["https:\/\/www.fundacionmarista.org.ar\/site\/wp-content\/uploads\/2019\/09\/casamaria3-470x264.jpg",470,264,true],"herald-lay-b-full":["https:\/\/www.fundacionmarista.org.ar\/site\/wp-content\/uploads\/2019\/09\/casamaria3-640x360.jpg",640,360,true],"herald-lay-b1":["https:\/\/www.fundacionmarista.org.ar\/site\/wp-content\/uploads\/2019\/09\/casamaria3-300x200.jpg",300,200,true],"herald-lay-b1-full":["https:\/\/www.fundacionmarista.org.ar\/site\/wp-content\/uploads\/2019\/09\/casamaria3-414x276.jpg",414,276,true],"herald-lay-c1":["https:\/\/www.fundacionmarista.org.ar\/site\/wp-content\/uploads\/2019\/09\/casamaria3-470x313.jpg",470,313,true],"herald-lay-c1-full":["https:\/\/www.fundacionmarista.org.ar\/site\/wp-content\/uploads\/2019\/09\/casamaria3-640x426.jpg",640,426,true],"herald-lay-d":["https:\/\/www.fundacionmarista.org.ar\/site\/wp-content\/uploads\/2019\/09\/casamaria3-215x120.jpg",215,120,true],"herald-lay-d-full":["https:\/\/www.fundacionmarista.org.ar\/site\/wp-content\/uploads\/2019\/09\/casamaria3-300x168.jpg",300,168,true],"herald-lay-d1":["https:\/\/www.fundacionmarista.org.ar\/site\/wp-content\/uploads\/2019\/09\/casamaria3-130x86.jpg",130,86,true],"herald-lay-d1-full":["https:\/\/www.fundacionmarista.org.ar\/site\/wp-content\/uploads\/2019\/09\/casamaria3-187x124.jpg",187,124,true],"herald-lay-f":["https:\/\/www.fundacionmarista.org.ar\/site\/wp-content\/uploads\/2019\/09\/casamaria3-300x168.jpg",300,168,true],"herald-lay-f-full":["https:\/\/www.fundacionmarista.org.ar\/site\/wp-content\/uploads\/2019\/09\/casamaria3-414x232.jpg",414,232,true],"herald-lay-g1":["https:\/\/www.fundacionmarista.org.ar\/site\/wp-content\/uploads\/2019\/09\/casamaria3-74x55.jpg",74,55,true],"herald-lay-g1-full":["https:\/\/www.fundacionmarista.org.ar\/site\/wp-content\/uploads\/2019\/09\/casamaria3-111x83.jpg",111,83,true],"herald-lay-i-full":["https:\/\/www.fundacionmarista.org.ar\/site\/wp-content\/uploads\/2019\/09\/casamaria3-300x168.jpg",300,168,true],"herald-lay-i1":["https:\/\/www.fundacionmarista.org.ar\/site\/wp-content\/uploads\/2019\/09\/casamaria3-215x161.jpg",215,161,true],"herald-lay-i1-full":["https:\/\/www.fundacionmarista.org.ar\/site\/wp-content\/uploads\/2019\/09\/casamaria3-300x225.jpg",300,225,true],"herald-lay-single":["https:\/\/www.fundacionmarista.org.ar\/site\/wp-content\/uploads\/2019\/09\/casamaria3.jpg",886,664,false],"herald-lay-single-full":["https:\/\/www.fundacionmarista.org.ar\/site\/wp-content\/uploads\/2019\/09\/casamaria3.jpg",886,664,false],"herald-lay-page":["https:\/\/www.fundacionmarista.org.ar\/site\/wp-content\/uploads\/2019\/09\/casamaria3.jpg",886,664,false],"herald-lay-page-full":["https:\/\/www.fundacionmarista.org.ar\/site\/wp-content\/uploads\/2019\/09\/casamaria3.jpg",886,664,false],"herald-lay-fa1":["https:\/\/www.fundacionmarista.org.ar\/site\/wp-content\/uploads\/2019\/09\/casamaria3-434x420.jpg",434,420,true],"herald-lay-fa1-full":["https:\/\/www.fundacionmarista.org.ar\/site\/wp-content\/uploads\/2019\/09\/casamaria3-550x520.jpg",550,520,true],"herald-lay-fa3-big":["https:\/\/www.fundacionmarista.org.ar\/site\/wp-content\/uploads\/2019\/09\/casamaria3-459x420.jpg",459,420,true],"herald-lay-fa3-big-full":["https:\/\/www.fundacionmarista.org.ar\/site\/wp-content\/uploads\/2019\/09\/casamaria3-559x520.jpg",559,520,true],"herald-lay-fa3-small":["https:\/\/www.fundacionmarista.org.ar\/site\/wp-content\/uploads\/2019\/09\/casamaria3-260x210.jpg",260,210,true],"herald-lay-fa3-small-full":["https:\/\/www.fundacionmarista.org.ar\/site\/wp-content\/uploads\/2019\/09\/casamaria3-379x259.jpg",379,259,true],"herald-lay-fa5":["https:\/\/www.fundacionmarista.org.ar\/site\/wp-content\/uploads\/2019\/09\/casamaria3-886x420.jpg",886,420,true],"herald-lay-fa5-full":["https:\/\/www.fundacionmarista.org.ar\/site\/wp-content\/uploads\/2019\/09\/casamaria3-886x520.jpg",886,520,true],"awpcp-thumbnail":["https:\/\/www.fundacionmarista.org.ar\/site\/wp-content\/uploads\/2019\/09\/casamaria3-125x125.jpg",125,125,true],"awpcp-featured":["https:\/\/www.fundacionmarista.org.ar\/site\/wp-content\/uploads\/2019\/09\/casamaria3-200x200.jpg",200,200,true],"awpcp-featured-on-lists":["https:\/\/www.fundacionmarista.org.ar\/site\/wp-content\/uploads\/2019\/09\/casamaria3-80x80.jpg",80,80,true],"awpcp-large":["https:\/\/www.fundacionmarista.org.ar\/site\/wp-content\/uploads\/2019\/09\/casamaria3-640x480.jpg",640,480,true]},"rttpg_author":{"display_name":"Comunicaci\u00f3n","author_link":"https:\/\/www.fundacionmarista.org.ar\/site\/author\/mrilo\/"},"rttpg_comment":0,"rttpg_category":"<a href=\"https:\/\/www.fundacionmarista.org.ar\/site\/category\/ultimas\/\" rel=\"category tag\">Ultimas Noticias<\/a>","rttpg_excerpt":"El d\u00eda s\u00e1bado 20 de agosto de 2016 se realiz\u00f3 el Festejo del D\u00eda de la Ni\u00f1ez en \u201cCasa Coraz\u00f3n de Mar\u00eda\u201d (Merlo Norte). Al evento concurrieron aproximadamente 200 ni\u00f1os del barrio Argentino.","_links":{"self":[{"href":"https:\/\/www.fundacionmarista.org.ar\/site\/wp-json\/wp\/v2\/posts\/2018","targetHints":{"allow":["GET"]}}],"collection":[{"href":"https:\/\/www.fundacionmarista.org.ar\/site\/wp-json\/wp\/v2\/posts"}],"about":[{"href":"https:\/\/www.fundacionmarista.org.ar\/site\/wp-json\/wp\/v2\/types\/post"}],"author":[{"embeddable":true,"href":"https:\/\/www.fundacionmarista.org.ar\/site\/wp-json\/wp\/v2\/users\/4"}],"replies":[{"embeddable":true,"href":"https:\/\/www.fundacionmarista.org.ar\/site\/wp-json\/wp\/v2\/comments?post=2018"}],"version-history":[{"count":1,"href":"https:\/\/www.fundacionmarista.org.ar\/site\/wp-json\/wp\/v2\/posts\/2018\/revisions"}],"predecessor-version":[{"id":2023,"href":"https:\/\/www.fundacionmarista.org.ar\/site\/wp-json\/wp\/v2\/posts\/2018\/revisions\/2023"}],"wp:featuredmedia":[{"embeddable":true,"href":"https:\/\/www.fundacionmarista.org.ar\/site\/wp-json\/wp\/v2\/media\/2020"}],"wp:attachment":[{"href":"https:\/\/www.fundacionmarista.org.ar\/site\/wp-json\/wp\/v2\/media?parent=2018"}],"wp:term":[{"taxonomy":"category","embeddable":true,"href":"https:\/\/www.fundacionmarista.org.ar\/site\/wp-json\/wp\/v2\/categories?post=2018"},{"taxonomy":"post_tag","embeddable":true,"href":"https:\/\/www.fundacionmarista.org.ar\/site\/wp-json\/wp\/v2\/tags?post=2018"}],"curies":[{"name":"wp","href":"https:\/\/api.w.org\/{rel}","templated":true}]}}