{"id":203,"date":"2018-06-22T17:56:13","date_gmt":"2018-06-22T20:56:13","guid":{"rendered":"https:\/\/demo.mekshq.com\/voice\/?p=203"},"modified":"2019-09-11T21:12:09","modified_gmt":"2019-09-12T00:12:09","slug":"taller-de-ensamble","status":"publish","type":"post","link":"https:\/\/www.fundacionmarista.org.ar\/site\/2018\/06\/22\/taller-de-ensamble\/","title":{"rendered":"Taller de ensamble musical \u2013 Escuela Marcelino Champagnat \u2013 Barrio \u201cLa Boca\u201d, Rosario, Santa Fe."},"content":{"rendered":"\n<p><\/p>\n\n\n\n<p>El proyecto comenz\u00f3 como una orquesta de cajones peruanos pero la  convocatoria se fue ampliando y se fueron sumando otros sonidos: bajo  el\u00e9ctrico, guitarra, charango, ukelele, redoblante, zurdo, octopad y  tambi\u00e9n algunas voces. Esta apertura permiti\u00f3 que nuevos adolescentes se  sumaran a la propuesta y encontraran en ella un espacio de expresi\u00f3n y  comunicaci\u00f3n. <\/p>\n\n\n\n<!--more-->\n\n\n\n<p>Con el aporte de la Fundaci\u00f3n Marista se consigui\u00f3 que la escuela  contara con instrumentos propios, lo que facilita la tarea docente.  Asimismo, un profesor y un ayudante dictan regularmente el curso, lo que  ha transformado el taller en un verdadero espacio de producci\u00f3n  art\u00edstica y ha potenciado el sentido de responsabilidad en cuanto al uso  y cuidado de los instrumentos. Tambi\u00e9n ha garantizado el sentido de  pertenencia del grupo que asiste al taller. <\/p>\n\n\n\n<p>\u00a1Gracias a todos\/as por colaborar con esta  obra! <\/p>\n","protected":false},"excerpt":{"rendered":"<p>En la escuela Marcelino Champagnat, del Barrio La Boca, de Rosario se viene desarrollando desde hace varios a\u00f1os el Taller de Ensamble Musical. Este taller convoca a adolescentes de nivel medio de la escuela y a otros chicos y chicas del barrio.<\/p>\n","protected":false},"author":4,"featured_media":1816,"comment_status":"closed","ping_status":"open","sticky":false,"template":"","format":"standard","meta":{"footnotes":""},"categories":[1],"tags":[60,56,57,58],"class_list":["post-203","post","type-post","status-publish","format-standard","has-post-thumbnail","hentry","category-ultimas","tag-musical","tag-rosario","tag-santa-fe","tag-taller"],"rttpg_featured_image_url":{"full":["https:\/\/www.fundacionmarista.org.ar\/site\/wp-content\/uploads\/2018\/06\/20171106_110205.jpg",2560,1536,false],"landscape":["https:\/\/www.fundacionmarista.org.ar\/site\/wp-content\/uploads\/2018\/06\/20171106_110205.jpg",2560,1536,false],"portraits":["https:\/\/www.fundacionmarista.org.ar\/site\/wp-content\/uploads\/2018\/06\/20171106_110205.jpg",2560,1536,false],"thumbnail":["https:\/\/www.fundacionmarista.org.ar\/site\/wp-content\/uploads\/2018\/06\/20171106_110205-150x150.jpg",150,150,true],"medium":["https:\/\/www.fundacionmarista.org.ar\/site\/wp-content\/uploads\/2018\/06\/20171106_110205-300x180.jpg",300,180,true],"large":["https:\/\/www.fundacionmarista.org.ar\/site\/wp-content\/uploads\/2018\/06\/20171106_110205-1024x614.jpg",1024,614,true],"1536x1536":["https:\/\/www.fundacionmarista.org.ar\/site\/wp-content\/uploads\/2018\/06\/20171106_110205.jpg",1536,922,false],"2048x2048":["https:\/\/www.fundacionmarista.org.ar\/site\/wp-content\/uploads\/2018\/06\/20171106_110205.jpg",2048,1229,false],"wp_review_large":["https:\/\/www.fundacionmarista.org.ar\/site\/wp-content\/uploads\/2018\/06\/20171106_110205-320x200.jpg",320,200,true],"wp_review_small":["https:\/\/www.fundacionmarista.org.ar\/site\/wp-content\/uploads\/2018\/06\/20171106_110205-65x65.jpg",65,65,true],"herald-lay-a":["https:\/\/www.fundacionmarista.org.ar\/site\/wp-content\/uploads\/2018\/06\/20171106_110205-990x556.jpg",990,556,true],"herald-lay-a-full":["https:\/\/www.fundacionmarista.org.ar\/site\/wp-content\/uploads\/2018\/06\/20171106_110205-1320x742.jpg",1320,742,true],"herald-lay-b":["https:\/\/www.fundacionmarista.org.ar\/site\/wp-content\/uploads\/2018\/06\/20171106_110205-470x264.jpg",470,264,true],"herald-lay-b-full":["https:\/\/www.fundacionmarista.org.ar\/site\/wp-content\/uploads\/2018\/06\/20171106_110205-640x360.jpg",640,360,true],"herald-lay-b1":["https:\/\/www.fundacionmarista.org.ar\/site\/wp-content\/uploads\/2018\/06\/20171106_110205-300x200.jpg",300,200,true],"herald-lay-b1-full":["https:\/\/www.fundacionmarista.org.ar\/site\/wp-content\/uploads\/2018\/06\/20171106_110205-414x276.jpg",414,276,true],"herald-lay-c1":["https:\/\/www.fundacionmarista.org.ar\/site\/wp-content\/uploads\/2018\/06\/20171106_110205-470x313.jpg",470,313,true],"herald-lay-c1-full":["https:\/\/www.fundacionmarista.org.ar\/site\/wp-content\/uploads\/2018\/06\/20171106_110205-640x426.jpg",640,426,true],"herald-lay-d":["https:\/\/www.fundacionmarista.org.ar\/site\/wp-content\/uploads\/2018\/06\/20171106_110205-215x120.jpg",215,120,true],"herald-lay-d-full":["https:\/\/www.fundacionmarista.org.ar\/site\/wp-content\/uploads\/2018\/06\/20171106_110205-300x168.jpg",300,168,true],"herald-lay-d1":["https:\/\/www.fundacionmarista.org.ar\/site\/wp-content\/uploads\/2018\/06\/20171106_110205-130x86.jpg",130,86,true],"herald-lay-d1-full":["https:\/\/www.fundacionmarista.org.ar\/site\/wp-content\/uploads\/2018\/06\/20171106_110205-187x124.jpg",187,124,true],"herald-lay-f":["https:\/\/www.fundacionmarista.org.ar\/site\/wp-content\/uploads\/2018\/06\/20171106_110205-300x168.jpg",300,168,true],"herald-lay-f-full":["https:\/\/www.fundacionmarista.org.ar\/site\/wp-content\/uploads\/2018\/06\/20171106_110205-414x232.jpg",414,232,true],"herald-lay-g1":["https:\/\/www.fundacionmarista.org.ar\/site\/wp-content\/uploads\/2018\/06\/20171106_110205-74x55.jpg",74,55,true],"herald-lay-g1-full":["https:\/\/www.fundacionmarista.org.ar\/site\/wp-content\/uploads\/2018\/06\/20171106_110205-111x83.jpg",111,83,true],"herald-lay-i-full":["https:\/\/www.fundacionmarista.org.ar\/site\/wp-content\/uploads\/2018\/06\/20171106_110205-300x168.jpg",300,168,true],"herald-lay-i1":["https:\/\/www.fundacionmarista.org.ar\/site\/wp-content\/uploads\/2018\/06\/20171106_110205-215x161.jpg",215,161,true],"herald-lay-i1-full":["https:\/\/www.fundacionmarista.org.ar\/site\/wp-content\/uploads\/2018\/06\/20171106_110205-300x225.jpg",300,225,true],"herald-lay-single":["https:\/\/www.fundacionmarista.org.ar\/site\/wp-content\/uploads\/2018\/06\/20171106_110205-990x594.jpg",990,594,true],"herald-lay-single-full":["https:\/\/www.fundacionmarista.org.ar\/site\/wp-content\/uploads\/2018\/06\/20171106_110205-1320x792.jpg",1320,792,true],"herald-lay-page":["https:\/\/www.fundacionmarista.org.ar\/site\/wp-content\/uploads\/2018\/06\/20171106_110205-990x594.jpg",990,594,true],"herald-lay-page-full":["https:\/\/www.fundacionmarista.org.ar\/site\/wp-content\/uploads\/2018\/06\/20171106_110205-1320x792.jpg",1320,792,true],"herald-lay-fa1":["https:\/\/www.fundacionmarista.org.ar\/site\/wp-content\/uploads\/2018\/06\/20171106_110205-434x420.jpg",434,420,true],"herald-lay-fa1-full":["https:\/\/www.fundacionmarista.org.ar\/site\/wp-content\/uploads\/2018\/06\/20171106_110205-550x520.jpg",550,520,true],"herald-lay-fa3-big":["https:\/\/www.fundacionmarista.org.ar\/site\/wp-content\/uploads\/2018\/06\/20171106_110205-459x420.jpg",459,420,true],"herald-lay-fa3-big-full":["https:\/\/www.fundacionmarista.org.ar\/site\/wp-content\/uploads\/2018\/06\/20171106_110205-559x520.jpg",559,520,true],"herald-lay-fa3-small":["https:\/\/www.fundacionmarista.org.ar\/site\/wp-content\/uploads\/2018\/06\/20171106_110205-260x210.jpg",260,210,true],"herald-lay-fa3-small-full":["https:\/\/www.fundacionmarista.org.ar\/site\/wp-content\/uploads\/2018\/06\/20171106_110205-379x259.jpg",379,259,true],"herald-lay-fa5":["https:\/\/www.fundacionmarista.org.ar\/site\/wp-content\/uploads\/2018\/06\/20171106_110205-980x420.jpg",980,420,true],"herald-lay-fa5-full":["https:\/\/www.fundacionmarista.org.ar\/site\/wp-content\/uploads\/2018\/06\/20171106_110205-1320x520.jpg",1320,520,true],"awpcp-thumbnail":["https:\/\/www.fundacionmarista.org.ar\/site\/wp-content\/uploads\/2018\/06\/20171106_110205.jpg",125,75,false],"awpcp-featured":["https:\/\/www.fundacionmarista.org.ar\/site\/wp-content\/uploads\/2018\/06\/20171106_110205.jpg",200,120,false],"awpcp-featured-on-lists":["https:\/\/www.fundacionmarista.org.ar\/site\/wp-content\/uploads\/2018\/06\/20171106_110205.jpg",80,48,false],"awpcp-large":["https:\/\/www.fundacionmarista.org.ar\/site\/wp-content\/uploads\/2018\/06\/20171106_110205.jpg",640,384,false]},"rttpg_author":{"display_name":"Comunicaci\u00f3n","author_link":"https:\/\/www.fundacionmarista.org.ar\/site\/author\/mrilo\/"},"rttpg_comment":0,"rttpg_category":"<a href=\"https:\/\/www.fundacionmarista.org.ar\/site\/category\/ultimas\/\" rel=\"category tag\">Ultimas Noticias<\/a>","rttpg_excerpt":"En la escuela Marcelino Champagnat, del Barrio La Boca, de Rosario se viene desarrollando desde hace varios a\u00f1os el Taller de Ensamble Musical. Este taller convoca a adolescentes de nivel medio de la escuela y a otros chicos y chicas del barrio.","_links":{"self":[{"href":"https:\/\/www.fundacionmarista.org.ar\/site\/wp-json\/wp\/v2\/posts\/203","targetHints":{"allow":["GET"]}}],"collection":[{"href":"https:\/\/www.fundacionmarista.org.ar\/site\/wp-json\/wp\/v2\/posts"}],"about":[{"href":"https:\/\/www.fundacionmarista.org.ar\/site\/wp-json\/wp\/v2\/types\/post"}],"author":[{"embeddable":true,"href":"https:\/\/www.fundacionmarista.org.ar\/site\/wp-json\/wp\/v2\/users\/4"}],"replies":[{"embeddable":true,"href":"https:\/\/www.fundacionmarista.org.ar\/site\/wp-json\/wp\/v2\/comments?post=203"}],"version-history":[{"count":2,"href":"https:\/\/www.fundacionmarista.org.ar\/site\/wp-json\/wp\/v2\/posts\/203\/revisions"}],"predecessor-version":[{"id":1890,"href":"https:\/\/www.fundacionmarista.org.ar\/site\/wp-json\/wp\/v2\/posts\/203\/revisions\/1890"}],"wp:featuredmedia":[{"embeddable":true,"href":"https:\/\/www.fundacionmarista.org.ar\/site\/wp-json\/wp\/v2\/media\/1816"}],"wp:attachment":[{"href":"https:\/\/www.fundacionmarista.org.ar\/site\/wp-json\/wp\/v2\/media?parent=203"}],"wp:term":[{"taxonomy":"category","embeddable":true,"href":"https:\/\/www.fundacionmarista.org.ar\/site\/wp-json\/wp\/v2\/categories?post=203"},{"taxonomy":"post_tag","embeddable":true,"href":"https:\/\/www.fundacionmarista.org.ar\/site\/wp-json\/wp\/v2\/tags?post=203"}],"curies":[{"name":"wp","href":"https:\/\/api.w.org\/{rel}","templated":true}]}}