{"id":2035,"date":"2016-06-29T10:34:51","date_gmt":"2016-06-29T13:34:51","guid":{"rendered":"http:\/\/www.fundacionmarista.org.ar\/site\/?p=2035"},"modified":"2019-09-12T10:39:18","modified_gmt":"2019-09-12T13:39:18","slug":"comenzo-la-construccion-del-nuevo-centro-san-marcelino-champagnat-de-mar-del-plata","status":"publish","type":"post","link":"https:\/\/www.fundacionmarista.org.ar\/site\/2016\/06\/29\/comenzo-la-construccion-del-nuevo-centro-san-marcelino-champagnat-de-mar-del-plata\/","title":{"rendered":"Comenz\u00f3 la Construcci\u00f3n del nuevo centro \u201cSan Marcelino Champagnat\u201d de Mar del Plata"},"content":{"rendered":"\n<div class=\"wp-block-image\"><figure class=\"aligncenter\"><img loading=\"lazy\" decoding=\"async\" width=\"886\" height=\"640\" src=\"http:\/\/www.fundacionmarista.org.ar\/site\/wp-content\/uploads\/2019\/09\/obra1.jpg\" alt=\"\" class=\"wp-image-2037\" srcset=\"https:\/\/www.fundacionmarista.org.ar\/site\/wp-content\/uploads\/2019\/09\/obra1.jpg 886w, https:\/\/www.fundacionmarista.org.ar\/site\/wp-content\/uploads\/2019\/09\/obra1-300x217.jpg 300w, https:\/\/www.fundacionmarista.org.ar\/site\/wp-content\/uploads\/2019\/09\/obra1-768x555.jpg 768w, https:\/\/www.fundacionmarista.org.ar\/site\/wp-content\/uploads\/2019\/09\/obra1-640x462.jpg 640w\" sizes=\"auto, (max-width: 886px) 100vw, 886px\" \/><\/figure><\/div>\n\n\n\n<p>Hace\n aproximadamente 4 a\u00f1os se compraron los terrenos, mientras tanto \ncamin\u00e1bamos, compart\u00edamos vida con las familias del barrio; siguieron \nlos tr\u00e1mites para habilitar la construcci\u00f3n, que llevaron su tiempo; mas\n adelante, algunos cambios de condiciones en la econom\u00eda y los momentos \nnecesarios para encontrar la empresa a partir de una licitaci\u00f3n privada;\n todo nos lleva a estos momentos: el principio de la obra en \nconstrucci\u00f3n, comenzando con las bases, los cimientos, lo fundamental \npara sostener. Un nuevo lugar barrial que convivir\u00e1, compartir\u00e1 y \npertenecer\u00e1 a la comunidad. Las primeras ideas de las familias ya est\u00e1n \nen obra, el cuidado de los limites que tendr\u00eda el terreno, se dialogaron\n en comunidad para ir en sinton\u00eda y amistad con el lugar.<\/p>\n\n\n\n<p>En\n estos tiempos, nos encontramos frente nuevas posibilidades, esperanzas y\n desaf\u00edos nuevos. Un Centro Educativo Comunitario que se ir\u00e1 \ntransformando con la comunidad, seg\u00fan vayamos entrelaz\u00e1ndonos con las \nfamilias y el barrio. Se nos abren ventanas nuevas, puertas abiertas a \nuna nueva vida, un nuevo comienzo\u2026.. Inspirarnos en la ternura de \nnuestra buena Madre, para que nuestros corazones est\u00e9n abiertos al \nsentir de todas las personas que compartir\u00e1n nuestro futuro Centro San \nMarcelino y con los que construiremos este nuevo espacio de encuentro.<\/p>\n\n\n\n<p>Encomendamos\n nuestras manos, nuestros brazos, nuestros corazones al esp\u00edritu de \nnuestro hermano gu\u00eda y fundador San Marcelino para que acompa\u00f1e nuestros\n pasos en seguir su camino junto a nuestro Se\u00f1or.<\/p>\n\n\n\n<div class=\"wp-block-image\"><figure class=\"aligncenter\"><img loading=\"lazy\" decoding=\"async\" width=\"531\" height=\"356\" src=\"http:\/\/www.fundacionmarista.org.ar\/site\/wp-content\/uploads\/2019\/09\/obra2mod.jpg\" alt=\"\" class=\"wp-image-2038\" srcset=\"https:\/\/www.fundacionmarista.org.ar\/site\/wp-content\/uploads\/2019\/09\/obra2mod.jpg 531w, https:\/\/www.fundacionmarista.org.ar\/site\/wp-content\/uploads\/2019\/09\/obra2mod-300x200.jpg 300w, https:\/\/www.fundacionmarista.org.ar\/site\/wp-content\/uploads\/2019\/09\/obra2mod-130x86.jpg 130w, https:\/\/www.fundacionmarista.org.ar\/site\/wp-content\/uploads\/2019\/09\/obra2mod-187x124.jpg 187w\" sizes=\"auto, (max-width: 531px) 100vw, 531px\" \/><\/figure><\/div>\n\n\n\n<p><strong>Equipo de Gesti\u00f3n, Trabajo y Voluntarios<\/strong><\/p>\n\n\n\n<p><strong>CEC San Marcelino Champagnat<\/strong><\/p>\n\n\n\n<p><em>&#8220;Construyendo Sue\u00f1os\u201d<\/em><\/p>\n\n\n\n<p><em>Hermanos Maristas Mar del Plata<\/em><\/p>\n","protected":false},"excerpt":{"rendered":"<p>Iniciando una nueva y esperanzadora etapa, colmada de inc\u00f3gnitas y desaf\u00edos a partir de concretar el inicio de la construcci\u00f3n de la nueva sede de nuestro Centro San Marcelino de Mar del Plata. El trabajo especifico del Centro comenz\u00f3 hace m\u00e1s o menos 15 a\u00f1os dentro de la Villa Marista y hoy, nuestro sue\u00f1o, como el de la Provincia y Fundaci\u00f3n Marista, comienza a ser una realidad a partir de iniciar las obras de la nueva sede de nuestro querido Centro San Marcelino Champagnat &#8220;Construyendo Sue\u00f1os&#8221; en el Parque Pe\u00f1a, barrio ubicado en la zona norte de la ciudad.<\/p>\n","protected":false},"author":4,"featured_media":2010,"comment_status":"closed","ping_status":"open","sticky":false,"template":"","format":"standard","meta":{"footnotes":""},"categories":[1],"tags":[96,79],"class_list":["post-2035","post","type-post","status-publish","format-standard","has-post-thumbnail","hentry","category-ultimas","tag-construccion","tag-mar-del-plata"],"rttpg_featured_image_url":{"full":["https:\/\/www.fundacionmarista.org.ar\/site\/wp-content\/uploads\/2019\/09\/fundcec1.jpg",1181,664,false],"landscape":["https:\/\/www.fundacionmarista.org.ar\/site\/wp-content\/uploads\/2019\/09\/fundcec1.jpg",1181,664,false],"portraits":["https:\/\/www.fundacionmarista.org.ar\/site\/wp-content\/uploads\/2019\/09\/fundcec1.jpg",1181,664,false],"thumbnail":["https:\/\/www.fundacionmarista.org.ar\/site\/wp-content\/uploads\/2019\/09\/fundcec1-150x150.jpg",150,150,true],"medium":["https:\/\/www.fundacionmarista.org.ar\/site\/wp-content\/uploads\/2019\/09\/fundcec1-300x169.jpg",300,169,true],"large":["https:\/\/www.fundacionmarista.org.ar\/site\/wp-content\/uploads\/2019\/09\/fundcec1-1024x576.jpg",1024,576,true],"1536x1536":["https:\/\/www.fundacionmarista.org.ar\/site\/wp-content\/uploads\/2019\/09\/fundcec1.jpg",1181,664,false],"2048x2048":["https:\/\/www.fundacionmarista.org.ar\/site\/wp-content\/uploads\/2019\/09\/fundcec1.jpg",1181,664,false],"wp_review_large":["https:\/\/www.fundacionmarista.org.ar\/site\/wp-content\/uploads\/2019\/09\/fundcec1-320x200.jpg",320,200,true],"wp_review_small":["https:\/\/www.fundacionmarista.org.ar\/site\/wp-content\/uploads\/2019\/09\/fundcec1-65x65.jpg",65,65,true],"herald-lay-a":["https:\/\/www.fundacionmarista.org.ar\/site\/wp-content\/uploads\/2019\/09\/fundcec1-990x556.jpg",990,556,true],"herald-lay-a-full":["https:\/\/www.fundacionmarista.org.ar\/site\/wp-content\/uploads\/2019\/09\/fundcec1.jpg",1181,664,false],"herald-lay-b":["https:\/\/www.fundacionmarista.org.ar\/site\/wp-content\/uploads\/2019\/09\/fundcec1-470x264.jpg",470,264,true],"herald-lay-b-full":["https:\/\/www.fundacionmarista.org.ar\/site\/wp-content\/uploads\/2019\/09\/fundcec1-640x360.jpg",640,360,true],"herald-lay-b1":["https:\/\/www.fundacionmarista.org.ar\/site\/wp-content\/uploads\/2019\/09\/fundcec1-300x200.jpg",300,200,true],"herald-lay-b1-full":["https:\/\/www.fundacionmarista.org.ar\/site\/wp-content\/uploads\/2019\/09\/fundcec1-414x276.jpg",414,276,true],"herald-lay-c1":["https:\/\/www.fundacionmarista.org.ar\/site\/wp-content\/uploads\/2019\/09\/fundcec1-470x313.jpg",470,313,true],"herald-lay-c1-full":["https:\/\/www.fundacionmarista.org.ar\/site\/wp-content\/uploads\/2019\/09\/fundcec1-640x426.jpg",640,426,true],"herald-lay-d":["https:\/\/www.fundacionmarista.org.ar\/site\/wp-content\/uploads\/2019\/09\/fundcec1-215x120.jpg",215,120,true],"herald-lay-d-full":["https:\/\/www.fundacionmarista.org.ar\/site\/wp-content\/uploads\/2019\/09\/fundcec1-300x168.jpg",300,168,true],"herald-lay-d1":["https:\/\/www.fundacionmarista.org.ar\/site\/wp-content\/uploads\/2019\/09\/fundcec1-130x86.jpg",130,86,true],"herald-lay-d1-full":["https:\/\/www.fundacionmarista.org.ar\/site\/wp-content\/uploads\/2019\/09\/fundcec1-187x124.jpg",187,124,true],"herald-lay-f":["https:\/\/www.fundacionmarista.org.ar\/site\/wp-content\/uploads\/2019\/09\/fundcec1-300x168.jpg",300,168,true],"herald-lay-f-full":["https:\/\/www.fundacionmarista.org.ar\/site\/wp-content\/uploads\/2019\/09\/fundcec1-414x232.jpg",414,232,true],"herald-lay-g1":["https:\/\/www.fundacionmarista.org.ar\/site\/wp-content\/uploads\/2019\/09\/fundcec1-74x55.jpg",74,55,true],"herald-lay-g1-full":["https:\/\/www.fundacionmarista.org.ar\/site\/wp-content\/uploads\/2019\/09\/fundcec1-111x83.jpg",111,83,true],"herald-lay-i-full":["https:\/\/www.fundacionmarista.org.ar\/site\/wp-content\/uploads\/2019\/09\/fundcec1-300x168.jpg",300,168,true],"herald-lay-i1":["https:\/\/www.fundacionmarista.org.ar\/site\/wp-content\/uploads\/2019\/09\/fundcec1-215x161.jpg",215,161,true],"herald-lay-i1-full":["https:\/\/www.fundacionmarista.org.ar\/site\/wp-content\/uploads\/2019\/09\/fundcec1-300x225.jpg",300,225,true],"herald-lay-single":["https:\/\/www.fundacionmarista.org.ar\/site\/wp-content\/uploads\/2019\/09\/fundcec1-990x557.jpg",990,557,true],"herald-lay-single-full":["https:\/\/www.fundacionmarista.org.ar\/site\/wp-content\/uploads\/2019\/09\/fundcec1.jpg",1181,664,false],"herald-lay-page":["https:\/\/www.fundacionmarista.org.ar\/site\/wp-content\/uploads\/2019\/09\/fundcec1-990x557.jpg",990,557,true],"herald-lay-page-full":["https:\/\/www.fundacionmarista.org.ar\/site\/wp-content\/uploads\/2019\/09\/fundcec1.jpg",1181,664,false],"herald-lay-fa1":["https:\/\/www.fundacionmarista.org.ar\/site\/wp-content\/uploads\/2019\/09\/fundcec1-434x420.jpg",434,420,true],"herald-lay-fa1-full":["https:\/\/www.fundacionmarista.org.ar\/site\/wp-content\/uploads\/2019\/09\/fundcec1-550x520.jpg",550,520,true],"herald-lay-fa3-big":["https:\/\/www.fundacionmarista.org.ar\/site\/wp-content\/uploads\/2019\/09\/fundcec1-459x420.jpg",459,420,true],"herald-lay-fa3-big-full":["https:\/\/www.fundacionmarista.org.ar\/site\/wp-content\/uploads\/2019\/09\/fundcec1-559x520.jpg",559,520,true],"herald-lay-fa3-small":["https:\/\/www.fundacionmarista.org.ar\/site\/wp-content\/uploads\/2019\/09\/fundcec1-260x210.jpg",260,210,true],"herald-lay-fa3-small-full":["https:\/\/www.fundacionmarista.org.ar\/site\/wp-content\/uploads\/2019\/09\/fundcec1-379x259.jpg",379,259,true],"herald-lay-fa5":["https:\/\/www.fundacionmarista.org.ar\/site\/wp-content\/uploads\/2019\/09\/fundcec1-980x420.jpg",980,420,true],"herald-lay-fa5-full":["https:\/\/www.fundacionmarista.org.ar\/site\/wp-content\/uploads\/2019\/09\/fundcec1-1181x520.jpg",1181,520,true],"awpcp-thumbnail":["https:\/\/www.fundacionmarista.org.ar\/site\/wp-content\/uploads\/2019\/09\/fundcec1-125x125.jpg",125,125,true],"awpcp-featured":["https:\/\/www.fundacionmarista.org.ar\/site\/wp-content\/uploads\/2019\/09\/fundcec1-200x200.jpg",200,200,true],"awpcp-featured-on-lists":["https:\/\/www.fundacionmarista.org.ar\/site\/wp-content\/uploads\/2019\/09\/fundcec1-80x80.jpg",80,80,true],"awpcp-large":["https:\/\/www.fundacionmarista.org.ar\/site\/wp-content\/uploads\/2019\/09\/fundcec1-640x360.jpg",640,360,true]},"rttpg_author":{"display_name":"Comunicaci\u00f3n","author_link":"https:\/\/www.fundacionmarista.org.ar\/site\/author\/mrilo\/"},"rttpg_comment":0,"rttpg_category":"<a href=\"https:\/\/www.fundacionmarista.org.ar\/site\/category\/ultimas\/\" rel=\"category tag\">Ultimas Noticias<\/a>","rttpg_excerpt":"Iniciando una nueva y esperanzadora etapa, colmada de inc\u00f3gnitas y desaf\u00edos a partir de concretar el inicio de la construcci\u00f3n de la nueva sede de nuestro Centro San Marcelino de Mar del Plata. El trabajo especifico del Centro comenz\u00f3 hace m\u00e1s o menos 15 a\u00f1os dentro de la Villa Marista y hoy, nuestro sue\u00f1o, como&hellip;","_links":{"self":[{"href":"https:\/\/www.fundacionmarista.org.ar\/site\/wp-json\/wp\/v2\/posts\/2035","targetHints":{"allow":["GET"]}}],"collection":[{"href":"https:\/\/www.fundacionmarista.org.ar\/site\/wp-json\/wp\/v2\/posts"}],"about":[{"href":"https:\/\/www.fundacionmarista.org.ar\/site\/wp-json\/wp\/v2\/types\/post"}],"author":[{"embeddable":true,"href":"https:\/\/www.fundacionmarista.org.ar\/site\/wp-json\/wp\/v2\/users\/4"}],"replies":[{"embeddable":true,"href":"https:\/\/www.fundacionmarista.org.ar\/site\/wp-json\/wp\/v2\/comments?post=2035"}],"version-history":[{"count":1,"href":"https:\/\/www.fundacionmarista.org.ar\/site\/wp-json\/wp\/v2\/posts\/2035\/revisions"}],"predecessor-version":[{"id":2039,"href":"https:\/\/www.fundacionmarista.org.ar\/site\/wp-json\/wp\/v2\/posts\/2035\/revisions\/2039"}],"wp:featuredmedia":[{"embeddable":true,"href":"https:\/\/www.fundacionmarista.org.ar\/site\/wp-json\/wp\/v2\/media\/2010"}],"wp:attachment":[{"href":"https:\/\/www.fundacionmarista.org.ar\/site\/wp-json\/wp\/v2\/media?parent=2035"}],"wp:term":[{"taxonomy":"category","embeddable":true,"href":"https:\/\/www.fundacionmarista.org.ar\/site\/wp-json\/wp\/v2\/categories?post=2035"},{"taxonomy":"post_tag","embeddable":true,"href":"https:\/\/www.fundacionmarista.org.ar\/site\/wp-json\/wp\/v2\/tags?post=2035"}],"curies":[{"name":"wp","href":"https:\/\/api.w.org\/{rel}","templated":true}]}}