{"id":2067,"date":"2019-09-12T15:51:15","date_gmt":"2019-09-12T18:51:15","guid":{"rendered":"http:\/\/www.fundacionmarista.org.ar\/site\/?p=2067"},"modified":"2019-09-12T15:51:18","modified_gmt":"2019-09-12T18:51:18","slug":"la-fundacion-marista-y-banco-galicia-programa-de-becas-potenciamos-tu-talento","status":"publish","type":"post","link":"https:\/\/www.fundacionmarista.org.ar\/site\/2019\/09\/12\/la-fundacion-marista-y-banco-galicia-programa-de-becas-potenciamos-tu-talento\/","title":{"rendered":"La Fundaci\u00f3n Marista y Banco Galicia \u2013 Programa de Becas \u201cPotenciamos tu Talento\u201d"},"content":{"rendered":"\n<p><strong>El d\u00eda 13 de agosto, el Director Ejecutivo de la Fundaci\u00f3n Marista,\nDaniel Felippelli, se reuni\u00f3 en la sede de la Fundaci\u00f3n con Marina Grinenco,\nCoordinadora del Programa de Becas <\/strong><strong>\u00ab<\/strong><strong>Potenciamos tu talento<\/strong><strong>\u00bb<\/strong><strong> del Banco Galicia. Del encuentro tambi\u00e9n fueron parte el Equipo de\nCoordinaci\u00f3n y Tutor\u00eda y los becados.<\/strong><\/p>\n\n\n\n<p>Los asistentes dialogaron sobre las expectativas de la\nFundaci\u00f3n y del Banco respecto del &nbsp;Programa\ny analizaron distintos t\u00f3picos con la mirada puesta en una mejora del mismo que\nfacilite seguir colaborando para que m\u00e1s chicos y chicas puedan acceder a un\nestudio universitario. \n\nLa Fundaci\u00f3n Marista agradeci\u00f3 muy especialmente\na las autoridades del Banco Galicia la disponibilidad y el compromiso con este\nPrograma de becas que desarrollan juntos desde el a\u00f1o 2008.\n\n\n\n<\/p>\n\n\n\n<div class=\"wp-block-image\"><figure class=\"aligncenter\"><img loading=\"lazy\" decoding=\"async\" width=\"886\" height=\"480\" src=\"http:\/\/www.fundacionmarista.org.ar\/site\/wp-content\/uploads\/2019\/09\/fundacion-bcogalicia-portada.jpg\" alt=\"\" class=\"wp-image-2070\" srcset=\"https:\/\/www.fundacionmarista.org.ar\/site\/wp-content\/uploads\/2019\/09\/fundacion-bcogalicia-portada.jpg 886w, https:\/\/www.fundacionmarista.org.ar\/site\/wp-content\/uploads\/2019\/09\/fundacion-bcogalicia-portada-300x163.jpg 300w, https:\/\/www.fundacionmarista.org.ar\/site\/wp-content\/uploads\/2019\/09\/fundacion-bcogalicia-portada-768x416.jpg 768w, https:\/\/www.fundacionmarista.org.ar\/site\/wp-content\/uploads\/2019\/09\/fundacion-bcogalicia-portada-640x347.jpg 640w\" sizes=\"auto, (max-width: 886px) 100vw, 886px\" \/><\/figure><\/div>\n","protected":false},"excerpt":{"rendered":"<p>El d\u00eda 13 de agosto, el Director Ejecutivo de la Fundaci\u00f3n Marista, Daniel Felippelli, se reuni\u00f3 en la sede de la Fundaci\u00f3n con Marina Grinenco, Coordinadora del Programa de Becas \u00abPotenciamos tu talento\u00bb del Banco Galicia. Del encuentro tambi\u00e9n fueron parte el Equipo de Coordinaci\u00f3n y Tutor\u00eda y los becados. Los asistentes dialogaron sobre las [&hellip;]<\/p>\n","protected":false},"author":4,"featured_media":2069,"comment_status":"open","ping_status":"open","sticky":false,"template":"","format":"standard","meta":{"footnotes":""},"categories":[1],"tags":[],"class_list":["post-2067","post","type-post","status-publish","format-standard","has-post-thumbnail","hentry","category-ultimas"],"rttpg_featured_image_url":{"full":["https:\/\/www.fundacionmarista.org.ar\/site\/wp-content\/uploads\/2019\/09\/fundacion-bcogalicia1.jpeg",1040,780,false],"landscape":["https:\/\/www.fundacionmarista.org.ar\/site\/wp-content\/uploads\/2019\/09\/fundacion-bcogalicia1.jpeg",1040,780,false],"portraits":["https:\/\/www.fundacionmarista.org.ar\/site\/wp-content\/uploads\/2019\/09\/fundacion-bcogalicia1.jpeg",1040,780,false],"thumbnail":["https:\/\/www.fundacionmarista.org.ar\/site\/wp-content\/uploads\/2019\/09\/fundacion-bcogalicia1-150x150.jpeg",150,150,true],"medium":["https:\/\/www.fundacionmarista.org.ar\/site\/wp-content\/uploads\/2019\/09\/fundacion-bcogalicia1-300x225.jpeg",300,225,true],"large":["https:\/\/www.fundacionmarista.org.ar\/site\/wp-content\/uploads\/2019\/09\/fundacion-bcogalicia1-1024x768.jpeg",1024,768,true],"1536x1536":["https:\/\/www.fundacionmarista.org.ar\/site\/wp-content\/uploads\/2019\/09\/fundacion-bcogalicia1.jpeg",1040,780,false],"2048x2048":["https:\/\/www.fundacionmarista.org.ar\/site\/wp-content\/uploads\/2019\/09\/fundacion-bcogalicia1.jpeg",1040,780,false],"wp_review_large":["https:\/\/www.fundacionmarista.org.ar\/site\/wp-content\/uploads\/2019\/09\/fundacion-bcogalicia1-320x200.jpeg",320,200,true],"wp_review_small":["https:\/\/www.fundacionmarista.org.ar\/site\/wp-content\/uploads\/2019\/09\/fundacion-bcogalicia1-65x65.jpeg",65,65,true],"herald-lay-a":["https:\/\/www.fundacionmarista.org.ar\/site\/wp-content\/uploads\/2019\/09\/fundacion-bcogalicia1-990x556.jpeg",990,556,true],"herald-lay-a-full":["https:\/\/www.fundacionmarista.org.ar\/site\/wp-content\/uploads\/2019\/09\/fundacion-bcogalicia1-1040x742.jpeg",1040,742,true],"herald-lay-b":["https:\/\/www.fundacionmarista.org.ar\/site\/wp-content\/uploads\/2019\/09\/fundacion-bcogalicia1-470x264.jpeg",470,264,true],"herald-lay-b-full":["https:\/\/www.fundacionmarista.org.ar\/site\/wp-content\/uploads\/2019\/09\/fundacion-bcogalicia1-640x360.jpeg",640,360,true],"herald-lay-b1":["https:\/\/www.fundacionmarista.org.ar\/site\/wp-content\/uploads\/2019\/09\/fundacion-bcogalicia1-300x200.jpeg",300,200,true],"herald-lay-b1-full":["https:\/\/www.fundacionmarista.org.ar\/site\/wp-content\/uploads\/2019\/09\/fundacion-bcogalicia1-414x276.jpeg",414,276,true],"herald-lay-c1":["https:\/\/www.fundacionmarista.org.ar\/site\/wp-content\/uploads\/2019\/09\/fundacion-bcogalicia1-470x313.jpeg",470,313,true],"herald-lay-c1-full":["https:\/\/www.fundacionmarista.org.ar\/site\/wp-content\/uploads\/2019\/09\/fundacion-bcogalicia1-640x426.jpeg",640,426,true],"herald-lay-d":["https:\/\/www.fundacionmarista.org.ar\/site\/wp-content\/uploads\/2019\/09\/fundacion-bcogalicia1-215x120.jpeg",215,120,true],"herald-lay-d-full":["https:\/\/www.fundacionmarista.org.ar\/site\/wp-content\/uploads\/2019\/09\/fundacion-bcogalicia1-300x168.jpeg",300,168,true],"herald-lay-d1":["https:\/\/www.fundacionmarista.org.ar\/site\/wp-content\/uploads\/2019\/09\/fundacion-bcogalicia1-130x86.jpeg",130,86,true],"herald-lay-d1-full":["https:\/\/www.fundacionmarista.org.ar\/site\/wp-content\/uploads\/2019\/09\/fundacion-bcogalicia1-187x124.jpeg",187,124,true],"herald-lay-f":["https:\/\/www.fundacionmarista.org.ar\/site\/wp-content\/uploads\/2019\/09\/fundacion-bcogalicia1-300x168.jpeg",300,168,true],"herald-lay-f-full":["https:\/\/www.fundacionmarista.org.ar\/site\/wp-content\/uploads\/2019\/09\/fundacion-bcogalicia1-414x232.jpeg",414,232,true],"herald-lay-g1":["https:\/\/www.fundacionmarista.org.ar\/site\/wp-content\/uploads\/2019\/09\/fundacion-bcogalicia1-74x55.jpeg",74,55,true],"herald-lay-g1-full":["https:\/\/www.fundacionmarista.org.ar\/site\/wp-content\/uploads\/2019\/09\/fundacion-bcogalicia1-111x83.jpeg",111,83,true],"herald-lay-i-full":["https:\/\/www.fundacionmarista.org.ar\/site\/wp-content\/uploads\/2019\/09\/fundacion-bcogalicia1-300x168.jpeg",300,168,true],"herald-lay-i1":["https:\/\/www.fundacionmarista.org.ar\/site\/wp-content\/uploads\/2019\/09\/fundacion-bcogalicia1-215x161.jpeg",215,161,true],"herald-lay-i1-full":["https:\/\/www.fundacionmarista.org.ar\/site\/wp-content\/uploads\/2019\/09\/fundacion-bcogalicia1-300x225.jpeg",300,225,true],"herald-lay-single":["https:\/\/www.fundacionmarista.org.ar\/site\/wp-content\/uploads\/2019\/09\/fundacion-bcogalicia1-990x743.jpeg",990,743,true],"herald-lay-single-full":["https:\/\/www.fundacionmarista.org.ar\/site\/wp-content\/uploads\/2019\/09\/fundacion-bcogalicia1.jpeg",1040,780,false],"herald-lay-page":["https:\/\/www.fundacionmarista.org.ar\/site\/wp-content\/uploads\/2019\/09\/fundacion-bcogalicia1-990x743.jpeg",990,743,true],"herald-lay-page-full":["https:\/\/www.fundacionmarista.org.ar\/site\/wp-content\/uploads\/2019\/09\/fundacion-bcogalicia1.jpeg",1040,780,false],"herald-lay-fa1":["https:\/\/www.fundacionmarista.org.ar\/site\/wp-content\/uploads\/2019\/09\/fundacion-bcogalicia1-434x420.jpeg",434,420,true],"herald-lay-fa1-full":["https:\/\/www.fundacionmarista.org.ar\/site\/wp-content\/uploads\/2019\/09\/fundacion-bcogalicia1-550x520.jpeg",550,520,true],"herald-lay-fa3-big":["https:\/\/www.fundacionmarista.org.ar\/site\/wp-content\/uploads\/2019\/09\/fundacion-bcogalicia1-459x420.jpeg",459,420,true],"herald-lay-fa3-big-full":["https:\/\/www.fundacionmarista.org.ar\/site\/wp-content\/uploads\/2019\/09\/fundacion-bcogalicia1-559x520.jpeg",559,520,true],"herald-lay-fa3-small":["https:\/\/www.fundacionmarista.org.ar\/site\/wp-content\/uploads\/2019\/09\/fundacion-bcogalicia1-260x210.jpeg",260,210,true],"herald-lay-fa3-small-full":["https:\/\/www.fundacionmarista.org.ar\/site\/wp-content\/uploads\/2019\/09\/fundacion-bcogalicia1-379x259.jpeg",379,259,true],"herald-lay-fa5":["https:\/\/www.fundacionmarista.org.ar\/site\/wp-content\/uploads\/2019\/09\/fundacion-bcogalicia1-980x420.jpeg",980,420,true],"herald-lay-fa5-full":["https:\/\/www.fundacionmarista.org.ar\/site\/wp-content\/uploads\/2019\/09\/fundacion-bcogalicia1-1040x520.jpeg",1040,520,true],"awpcp-thumbnail":["https:\/\/www.fundacionmarista.org.ar\/site\/wp-content\/uploads\/2019\/09\/fundacion-bcogalicia1-125x125.jpeg",125,125,true],"awpcp-featured":["https:\/\/www.fundacionmarista.org.ar\/site\/wp-content\/uploads\/2019\/09\/fundacion-bcogalicia1-200x200.jpeg",200,200,true],"awpcp-featured-on-lists":["https:\/\/www.fundacionmarista.org.ar\/site\/wp-content\/uploads\/2019\/09\/fundacion-bcogalicia1-80x80.jpeg",80,80,true],"awpcp-large":["https:\/\/www.fundacionmarista.org.ar\/site\/wp-content\/uploads\/2019\/09\/fundacion-bcogalicia1-640x480.jpeg",640,480,true]},"rttpg_author":{"display_name":"Comunicaci\u00f3n","author_link":"https:\/\/www.fundacionmarista.org.ar\/site\/author\/mrilo\/"},"rttpg_comment":0,"rttpg_category":"<a href=\"https:\/\/www.fundacionmarista.org.ar\/site\/category\/ultimas\/\" rel=\"category tag\">Ultimas Noticias<\/a>","rttpg_excerpt":"El d\u00eda 13 de agosto, el Director Ejecutivo de la Fundaci\u00f3n Marista, Daniel Felippelli, se reuni\u00f3 en la sede de la Fundaci\u00f3n con Marina Grinenco, Coordinadora del Programa de Becas \u00abPotenciamos tu talento\u00bb del Banco Galicia. Del encuentro tambi\u00e9n fueron parte el Equipo de Coordinaci\u00f3n y Tutor\u00eda y los becados. Los asistentes dialogaron sobre las&hellip;","_links":{"self":[{"href":"https:\/\/www.fundacionmarista.org.ar\/site\/wp-json\/wp\/v2\/posts\/2067","targetHints":{"allow":["GET"]}}],"collection":[{"href":"https:\/\/www.fundacionmarista.org.ar\/site\/wp-json\/wp\/v2\/posts"}],"about":[{"href":"https:\/\/www.fundacionmarista.org.ar\/site\/wp-json\/wp\/v2\/types\/post"}],"author":[{"embeddable":true,"href":"https:\/\/www.fundacionmarista.org.ar\/site\/wp-json\/wp\/v2\/users\/4"}],"replies":[{"embeddable":true,"href":"https:\/\/www.fundacionmarista.org.ar\/site\/wp-json\/wp\/v2\/comments?post=2067"}],"version-history":[{"count":1,"href":"https:\/\/www.fundacionmarista.org.ar\/site\/wp-json\/wp\/v2\/posts\/2067\/revisions"}],"predecessor-version":[{"id":2071,"href":"https:\/\/www.fundacionmarista.org.ar\/site\/wp-json\/wp\/v2\/posts\/2067\/revisions\/2071"}],"wp:featuredmedia":[{"embeddable":true,"href":"https:\/\/www.fundacionmarista.org.ar\/site\/wp-json\/wp\/v2\/media\/2069"}],"wp:attachment":[{"href":"https:\/\/www.fundacionmarista.org.ar\/site\/wp-json\/wp\/v2\/media?parent=2067"}],"wp:term":[{"taxonomy":"category","embeddable":true,"href":"https:\/\/www.fundacionmarista.org.ar\/site\/wp-json\/wp\/v2\/categories?post=2067"},{"taxonomy":"post_tag","embeddable":true,"href":"https:\/\/www.fundacionmarista.org.ar\/site\/wp-json\/wp\/v2\/tags?post=2067"}],"curies":[{"name":"wp","href":"https:\/\/api.w.org\/{rel}","templated":true}]}}