{"id":2072,"date":"2019-09-12T15:57:02","date_gmt":"2019-09-12T18:57:02","guid":{"rendered":"http:\/\/www.fundacionmarista.org.ar\/site\/?p=2072"},"modified":"2019-09-12T15:57:05","modified_gmt":"2019-09-12T18:57:05","slug":"la-fundacion-marista-visita-chajari","status":"publish","type":"post","link":"https:\/\/www.fundacionmarista.org.ar\/site\/2019\/09\/12\/la-fundacion-marista-visita-chajari\/","title":{"rendered":"LA FUNDACI\u00d3N MARISTA VISITA CHAJAR\u00cd"},"content":{"rendered":"\n<p>Los d\u00edas 2 y 3 de septiembre, el\nPresidente de la Fundaci\u00f3n Marista, Hno. Horacio Bustos, y el Director\nEjecutivo, Daniel Felippelli, mantuvieron en la ciudad de Chajar\u00ed, Entre R\u00edos, una\nreuni\u00f3n con varios productores de c\u00edtricos con el fin de lograr acuerdos y\napoyo para proyectos que la Fundaci\u00f3n est\u00e1 llevando adelante. <\/p>\n\n\n\n<p>Tambi\u00e9n visitaron la Escuelita <em>El Refugio,<\/em> en la que un grupo de\nvoluntarios acompa\u00f1an a ni\u00f1os, ni\u00f1as y adolescentes en condici\u00f3n de vulnerabilidad\ncon apoyo escolar, ense\u00f1anza religiosa, y la atenci\u00f3n psicol\u00f3gica y\npsicopedag\u00f3gica que puedan necesitar, procurando al mismo tiempo salir en ayuda\nde las familias de la comunidad. \n\nY compartieron una reuni\u00f3n con algunas familias\nrepresentativas de la Escuela, d\u00e1ndoles a conocer la misi\u00f3n y los proyectos que\nimpulsa la Fundaci\u00f3n. \n\n\n\n<\/p>\n\n\n\n<figure class=\"wp-block-image\"><img loading=\"lazy\" decoding=\"async\" width=\"1024\" height=\"576\" src=\"http:\/\/www.fundacionmarista.org.ar\/site\/wp-content\/uploads\/2019\/09\/chajari2-web-1024x576.jpg\" alt=\"\" class=\"wp-image-2074\" srcset=\"https:\/\/www.fundacionmarista.org.ar\/site\/wp-content\/uploads\/2019\/09\/chajari2-web-1024x576.jpg 1024w, https:\/\/www.fundacionmarista.org.ar\/site\/wp-content\/uploads\/2019\/09\/chajari2-web-300x168.jpg 300w, https:\/\/www.fundacionmarista.org.ar\/site\/wp-content\/uploads\/2019\/09\/chajari2-web-768x432.jpg 768w, https:\/\/www.fundacionmarista.org.ar\/site\/wp-content\/uploads\/2019\/09\/chajari2-web-990x557.jpg 990w, https:\/\/www.fundacionmarista.org.ar\/site\/wp-content\/uploads\/2019\/09\/chajari2-web-470x264.jpg 470w, https:\/\/www.fundacionmarista.org.ar\/site\/wp-content\/uploads\/2019\/09\/chajari2-web-640x360.jpg 640w, https:\/\/www.fundacionmarista.org.ar\/site\/wp-content\/uploads\/2019\/09\/chajari2-web-215x120.jpg 215w, https:\/\/www.fundacionmarista.org.ar\/site\/wp-content\/uploads\/2019\/09\/chajari2-web-414x232.jpg 414w, https:\/\/www.fundacionmarista.org.ar\/site\/wp-content\/uploads\/2019\/09\/chajari2-web.jpg 1280w\" sizes=\"auto, (max-width: 1024px) 100vw, 1024px\" \/><\/figure>\n\n\n\n<figure class=\"wp-block-image\"><img loading=\"lazy\" decoding=\"async\" width=\"1024\" height=\"768\" src=\"http:\/\/www.fundacionmarista.org.ar\/site\/wp-content\/uploads\/2019\/09\/chajari3-web-1024x768.jpg\" alt=\"\" class=\"wp-image-2075\" srcset=\"https:\/\/www.fundacionmarista.org.ar\/site\/wp-content\/uploads\/2019\/09\/chajari3-web-1024x768.jpg 1024w, https:\/\/www.fundacionmarista.org.ar\/site\/wp-content\/uploads\/2019\/09\/chajari3-web-300x225.jpg 300w, https:\/\/www.fundacionmarista.org.ar\/site\/wp-content\/uploads\/2019\/09\/chajari3-web-768x576.jpg 768w, https:\/\/www.fundacionmarista.org.ar\/site\/wp-content\/uploads\/2019\/09\/chajari3-web-74x55.jpg 74w, https:\/\/www.fundacionmarista.org.ar\/site\/wp-content\/uploads\/2019\/09\/chajari3-web-111x83.jpg 111w, https:\/\/www.fundacionmarista.org.ar\/site\/wp-content\/uploads\/2019\/09\/chajari3-web-215x161.jpg 215w, https:\/\/www.fundacionmarista.org.ar\/site\/wp-content\/uploads\/2019\/09\/chajari3-web-990x743.jpg 990w, https:\/\/www.fundacionmarista.org.ar\/site\/wp-content\/uploads\/2019\/09\/chajari3-web-640x480.jpg 640w, https:\/\/www.fundacionmarista.org.ar\/site\/wp-content\/uploads\/2019\/09\/chajari3-web.jpg 1280w\" sizes=\"auto, (max-width: 1024px) 100vw, 1024px\" \/><\/figure>\n\n\n\n<figure class=\"wp-block-image\"><img loading=\"lazy\" decoding=\"async\" width=\"1024\" height=\"576\" src=\"http:\/\/www.fundacionmarista.org.ar\/site\/wp-content\/uploads\/2019\/09\/chajari4-web-1024x576.jpg\" alt=\"\" class=\"wp-image-2076\" srcset=\"https:\/\/www.fundacionmarista.org.ar\/site\/wp-content\/uploads\/2019\/09\/chajari4-web-1024x576.jpg 1024w, https:\/\/www.fundacionmarista.org.ar\/site\/wp-content\/uploads\/2019\/09\/chajari4-web-300x168.jpg 300w, https:\/\/www.fundacionmarista.org.ar\/site\/wp-content\/uploads\/2019\/09\/chajari4-web-768x432.jpg 768w, https:\/\/www.fundacionmarista.org.ar\/site\/wp-content\/uploads\/2019\/09\/chajari4-web-990x557.jpg 990w, https:\/\/www.fundacionmarista.org.ar\/site\/wp-content\/uploads\/2019\/09\/chajari4-web-470x264.jpg 470w, https:\/\/www.fundacionmarista.org.ar\/site\/wp-content\/uploads\/2019\/09\/chajari4-web-640x360.jpg 640w, https:\/\/www.fundacionmarista.org.ar\/site\/wp-content\/uploads\/2019\/09\/chajari4-web-215x120.jpg 215w, https:\/\/www.fundacionmarista.org.ar\/site\/wp-content\/uploads\/2019\/09\/chajari4-web-414x232.jpg 414w, https:\/\/www.fundacionmarista.org.ar\/site\/wp-content\/uploads\/2019\/09\/chajari4-web.jpg 1280w\" sizes=\"auto, (max-width: 1024px) 100vw, 1024px\" \/><\/figure>\n","protected":false},"excerpt":{"rendered":"<p>Los d\u00edas 2 y 3 de septiembre, el Presidente de la Fundaci\u00f3n Marista, Hno. Horacio Bustos, y el Director Ejecutivo, Daniel Felippelli, mantuvieron en la ciudad de Chajar\u00ed, Entre R\u00edos, una reuni\u00f3n con varios productores de c\u00edtricos con el fin de lograr acuerdos y apoyo para proyectos que la Fundaci\u00f3n est\u00e1 llevando adelante. Tambi\u00e9n visitaron [&hellip;]<\/p>\n","protected":false},"author":4,"featured_media":2077,"comment_status":"open","ping_status":"open","sticky":false,"template":"","format":"standard","meta":{"footnotes":""},"categories":[1],"tags":[],"class_list":["post-2072","post","type-post","status-publish","format-standard","has-post-thumbnail","hentry","category-ultimas"],"rttpg_featured_image_url":{"full":["https:\/\/www.fundacionmarista.org.ar\/site\/wp-content\/uploads\/2019\/09\/Chajari3.jpg",1280,720,false],"landscape":["https:\/\/www.fundacionmarista.org.ar\/site\/wp-content\/uploads\/2019\/09\/Chajari3.jpg",1280,720,false],"portraits":["https:\/\/www.fundacionmarista.org.ar\/site\/wp-content\/uploads\/2019\/09\/Chajari3.jpg",1280,720,false],"thumbnail":["https:\/\/www.fundacionmarista.org.ar\/site\/wp-content\/uploads\/2019\/09\/Chajari3-150x150.jpg",150,150,true],"medium":["https:\/\/www.fundacionmarista.org.ar\/site\/wp-content\/uploads\/2019\/09\/Chajari3-300x169.jpg",300,169,true],"large":["https:\/\/www.fundacionmarista.org.ar\/site\/wp-content\/uploads\/2019\/09\/Chajari3-1024x576.jpg",1024,576,true],"1536x1536":["https:\/\/www.fundacionmarista.org.ar\/site\/wp-content\/uploads\/2019\/09\/Chajari3.jpg",1280,720,false],"2048x2048":["https:\/\/www.fundacionmarista.org.ar\/site\/wp-content\/uploads\/2019\/09\/Chajari3.jpg",1280,720,false],"wp_review_large":["https:\/\/www.fundacionmarista.org.ar\/site\/wp-content\/uploads\/2019\/09\/Chajari3-320x200.jpg",320,200,true],"wp_review_small":["https:\/\/www.fundacionmarista.org.ar\/site\/wp-content\/uploads\/2019\/09\/Chajari3-65x65.jpg",65,65,true],"herald-lay-a":["https:\/\/www.fundacionmarista.org.ar\/site\/wp-content\/uploads\/2019\/09\/Chajari3-990x556.jpg",990,556,true],"herald-lay-a-full":["https:\/\/www.fundacionmarista.org.ar\/site\/wp-content\/uploads\/2019\/09\/Chajari3.jpg",1280,720,false],"herald-lay-b":["https:\/\/www.fundacionmarista.org.ar\/site\/wp-content\/uploads\/2019\/09\/Chajari3-470x264.jpg",470,264,true],"herald-lay-b-full":["https:\/\/www.fundacionmarista.org.ar\/site\/wp-content\/uploads\/2019\/09\/Chajari3-640x360.jpg",640,360,true],"herald-lay-b1":["https:\/\/www.fundacionmarista.org.ar\/site\/wp-content\/uploads\/2019\/09\/Chajari3-300x200.jpg",300,200,true],"herald-lay-b1-full":["https:\/\/www.fundacionmarista.org.ar\/site\/wp-content\/uploads\/2019\/09\/Chajari3-414x276.jpg",414,276,true],"herald-lay-c1":["https:\/\/www.fundacionmarista.org.ar\/site\/wp-content\/uploads\/2019\/09\/Chajari3-470x313.jpg",470,313,true],"herald-lay-c1-full":["https:\/\/www.fundacionmarista.org.ar\/site\/wp-content\/uploads\/2019\/09\/Chajari3-640x426.jpg",640,426,true],"herald-lay-d":["https:\/\/www.fundacionmarista.org.ar\/site\/wp-content\/uploads\/2019\/09\/Chajari3-215x120.jpg",215,120,true],"herald-lay-d-full":["https:\/\/www.fundacionmarista.org.ar\/site\/wp-content\/uploads\/2019\/09\/Chajari3-300x168.jpg",300,168,true],"herald-lay-d1":["https:\/\/www.fundacionmarista.org.ar\/site\/wp-content\/uploads\/2019\/09\/Chajari3-130x86.jpg",130,86,true],"herald-lay-d1-full":["https:\/\/www.fundacionmarista.org.ar\/site\/wp-content\/uploads\/2019\/09\/Chajari3-187x124.jpg",187,124,true],"herald-lay-f":["https:\/\/www.fundacionmarista.org.ar\/site\/wp-content\/uploads\/2019\/09\/Chajari3-300x168.jpg",300,168,true],"herald-lay-f-full":["https:\/\/www.fundacionmarista.org.ar\/site\/wp-content\/uploads\/2019\/09\/Chajari3-414x232.jpg",414,232,true],"herald-lay-g1":["https:\/\/www.fundacionmarista.org.ar\/site\/wp-content\/uploads\/2019\/09\/Chajari3-74x55.jpg",74,55,true],"herald-lay-g1-full":["https:\/\/www.fundacionmarista.org.ar\/site\/wp-content\/uploads\/2019\/09\/Chajari3-111x83.jpg",111,83,true],"herald-lay-i-full":["https:\/\/www.fundacionmarista.org.ar\/site\/wp-content\/uploads\/2019\/09\/Chajari3-300x168.jpg",300,168,true],"herald-lay-i1":["https:\/\/www.fundacionmarista.org.ar\/site\/wp-content\/uploads\/2019\/09\/Chajari3-215x161.jpg",215,161,true],"herald-lay-i1-full":["https:\/\/www.fundacionmarista.org.ar\/site\/wp-content\/uploads\/2019\/09\/Chajari3-300x225.jpg",300,225,true],"herald-lay-single":["https:\/\/www.fundacionmarista.org.ar\/site\/wp-content\/uploads\/2019\/09\/Chajari3-990x557.jpg",990,557,true],"herald-lay-single-full":["https:\/\/www.fundacionmarista.org.ar\/site\/wp-content\/uploads\/2019\/09\/Chajari3.jpg",1280,720,false],"herald-lay-page":["https:\/\/www.fundacionmarista.org.ar\/site\/wp-content\/uploads\/2019\/09\/Chajari3-990x557.jpg",990,557,true],"herald-lay-page-full":["https:\/\/www.fundacionmarista.org.ar\/site\/wp-content\/uploads\/2019\/09\/Chajari3.jpg",1280,720,false],"herald-lay-fa1":["https:\/\/www.fundacionmarista.org.ar\/site\/wp-content\/uploads\/2019\/09\/Chajari3-434x420.jpg",434,420,true],"herald-lay-fa1-full":["https:\/\/www.fundacionmarista.org.ar\/site\/wp-content\/uploads\/2019\/09\/Chajari3-550x520.jpg",550,520,true],"herald-lay-fa3-big":["https:\/\/www.fundacionmarista.org.ar\/site\/wp-content\/uploads\/2019\/09\/Chajari3-459x420.jpg",459,420,true],"herald-lay-fa3-big-full":["https:\/\/www.fundacionmarista.org.ar\/site\/wp-content\/uploads\/2019\/09\/Chajari3-559x520.jpg",559,520,true],"herald-lay-fa3-small":["https:\/\/www.fundacionmarista.org.ar\/site\/wp-content\/uploads\/2019\/09\/Chajari3-260x210.jpg",260,210,true],"herald-lay-fa3-small-full":["https:\/\/www.fundacionmarista.org.ar\/site\/wp-content\/uploads\/2019\/09\/Chajari3-379x259.jpg",379,259,true],"herald-lay-fa5":["https:\/\/www.fundacionmarista.org.ar\/site\/wp-content\/uploads\/2019\/09\/Chajari3-980x420.jpg",980,420,true],"herald-lay-fa5-full":["https:\/\/www.fundacionmarista.org.ar\/site\/wp-content\/uploads\/2019\/09\/Chajari3-1280x520.jpg",1280,520,true],"awpcp-thumbnail":["https:\/\/www.fundacionmarista.org.ar\/site\/wp-content\/uploads\/2019\/09\/Chajari3-125x125.jpg",125,125,true],"awpcp-featured":["https:\/\/www.fundacionmarista.org.ar\/site\/wp-content\/uploads\/2019\/09\/Chajari3-200x200.jpg",200,200,true],"awpcp-featured-on-lists":["https:\/\/www.fundacionmarista.org.ar\/site\/wp-content\/uploads\/2019\/09\/Chajari3-80x80.jpg",80,80,true],"awpcp-large":["https:\/\/www.fundacionmarista.org.ar\/site\/wp-content\/uploads\/2019\/09\/Chajari3-640x360.jpg",640,360,true]},"rttpg_author":{"display_name":"Comunicaci\u00f3n","author_link":"https:\/\/www.fundacionmarista.org.ar\/site\/author\/mrilo\/"},"rttpg_comment":0,"rttpg_category":"<a href=\"https:\/\/www.fundacionmarista.org.ar\/site\/category\/ultimas\/\" rel=\"category tag\">Ultimas Noticias<\/a>","rttpg_excerpt":"Los d\u00edas 2 y 3 de septiembre, el Presidente de la Fundaci\u00f3n Marista, Hno. Horacio Bustos, y el Director Ejecutivo, Daniel Felippelli, mantuvieron en la ciudad de Chajar\u00ed, Entre R\u00edos, una reuni\u00f3n con varios productores de c\u00edtricos con el fin de lograr acuerdos y apoyo para proyectos que la Fundaci\u00f3n est\u00e1 llevando adelante. Tambi\u00e9n visitaron&hellip;","_links":{"self":[{"href":"https:\/\/www.fundacionmarista.org.ar\/site\/wp-json\/wp\/v2\/posts\/2072","targetHints":{"allow":["GET"]}}],"collection":[{"href":"https:\/\/www.fundacionmarista.org.ar\/site\/wp-json\/wp\/v2\/posts"}],"about":[{"href":"https:\/\/www.fundacionmarista.org.ar\/site\/wp-json\/wp\/v2\/types\/post"}],"author":[{"embeddable":true,"href":"https:\/\/www.fundacionmarista.org.ar\/site\/wp-json\/wp\/v2\/users\/4"}],"replies":[{"embeddable":true,"href":"https:\/\/www.fundacionmarista.org.ar\/site\/wp-json\/wp\/v2\/comments?post=2072"}],"version-history":[{"count":1,"href":"https:\/\/www.fundacionmarista.org.ar\/site\/wp-json\/wp\/v2\/posts\/2072\/revisions"}],"predecessor-version":[{"id":2078,"href":"https:\/\/www.fundacionmarista.org.ar\/site\/wp-json\/wp\/v2\/posts\/2072\/revisions\/2078"}],"wp:featuredmedia":[{"embeddable":true,"href":"https:\/\/www.fundacionmarista.org.ar\/site\/wp-json\/wp\/v2\/media\/2077"}],"wp:attachment":[{"href":"https:\/\/www.fundacionmarista.org.ar\/site\/wp-json\/wp\/v2\/media?parent=2072"}],"wp:term":[{"taxonomy":"category","embeddable":true,"href":"https:\/\/www.fundacionmarista.org.ar\/site\/wp-json\/wp\/v2\/categories?post=2072"},{"taxonomy":"post_tag","embeddable":true,"href":"https:\/\/www.fundacionmarista.org.ar\/site\/wp-json\/wp\/v2\/tags?post=2072"}],"curies":[{"name":"wp","href":"https:\/\/api.w.org\/{rel}","templated":true}]}}