{"id":2089,"date":"2019-09-17T14:24:04","date_gmt":"2019-09-17T17:24:04","guid":{"rendered":"http:\/\/www.fundacionmarista.org.ar\/site\/?p=2089"},"modified":"2019-09-17T14:24:07","modified_gmt":"2019-09-17T17:24:07","slug":"donacion-de-la-subcomision-de-mami-voley-a-la-fundacion","status":"publish","type":"post","link":"https:\/\/www.fundacionmarista.org.ar\/site\/2019\/09\/17\/donacion-de-la-subcomision-de-mami-voley-a-la-fundacion\/","title":{"rendered":"DONACI\u00d3N DE LA SUBCOMISI\u00d3N DE MAMI VOLEY A LA FUNDACI\u00d3N"},"content":{"rendered":"\n<p>El s\u00e1bado 17 de agosto,&nbsp;en\nla sede del Colegio&nbsp;Manuel\nBelgrano,&nbsp;se&nbsp;jug\u00f3&nbsp;el&nbsp;cuarto torneo de <em>Mami Voley.<\/em>&nbsp;<\/p>\n\n\n\n<p><strong>Queremos expresarle a la Subcomisi\u00f3n de\u00a0<\/strong><em><strong>Mami Voley<\/strong><\/em><strong>\u00a0\u2500que encuentra en el deporte el espacio propicio para cultivar los valores de la amistad, el trabajo en equipo y la generosidad\u2500 nuestro m\u00e1s profundo agradecimiento por la donaci\u00f3n que hemos recibido.\u00a0 <\/strong><\/p>\n\n\n\n<p><strong>Agradecemos tambi\u00e9n a <\/strong><em><strong>Punta Mogotes<\/strong><\/em><strong> por facilitarnos las pelotas.<\/strong><\/p>\n\n\n\n<p>El llamado que hace\ntiempo realizara el Consejo Provincial a todas las instituciones maristas a\ntrabajar en pos de un mismo objetivo se va consolidando. <\/p>\n\n\n\n<p>Vamos avanzando\njuntos, con esperanza y coraje, concretando preciosas actitudes para este\ntiempo en el que tenemos el privilegio de vivir.<\/p>\n\n\n\n<p><strong>Gracias tambi\u00e9n por la respuesta solidaria para colaborar con el Proyecto de Gastronom\u00eda\u00a0\u00abAprender con las manos en la masa\u00bb en el Centro Nazaret de Luj\u00e1n.<\/strong><\/p>\n\n\n\n<p>El Centro Nazaret\nbusca ser un espacio de referencia para la promoci\u00f3n y protecci\u00f3n de los\nderechos de ni\u00f1as, ni\u00f1os y adolescentes, desde diferentes \u00e1reas y equipos de\ntrabajo.<\/p>\n\n\n\n<p>Todas las acciones\ndel Centro Nazaret apuntan a sostener, acompa\u00f1ar y alentar su crecimiento\nintegral inspiradas en los valores del Evangelio, en el marco de la Convenci\u00f3n\nInternacional sobre los Derechos del Ni\u00f1o, y desde el paradigma de <em>protecci\u00f3n integral.<\/em><\/p>\n\n\n\n<p>Semanalmente\ntransitan por el Centro m\u00e1s de 80 ni\u00f1os y adolescentes provenientes de los\nbarrios La Palomita, San Juan de Dios, San Francisco, Champagnat, Santa Elena,\nConstantini, El Ceibo y Padre Varela. &nbsp;Y\nalrededor de 35 familias son acompa\u00f1adas peri\u00f3dicamente a trav\u00e9s de diferentes\ninstancias de intervenci\u00f3n.<\/p>\n\n\n\n<p>Agradecemos nuevamente a todos los que nos permiten so\u00f1ar juntos, compartiendo los resultados de las presencias solidarias con la <strong>Provincia Cruz del Sur<\/strong>. <em>Que San Marcelino y Nuestra Buena Madre nos sigan acompa\u00f1ando y animando a construir incansablemente fraternidad entre nosotros.<\/em><\/p>\n","protected":false},"excerpt":{"rendered":"<p>El s\u00e1bado 17 de agosto,&nbsp;en la sede del Colegio&nbsp;Manuel Belgrano,&nbsp;se&nbsp;jug\u00f3&nbsp;el&nbsp;cuarto torneo de Mami Voley.&nbsp; Queremos expresarle a la Subcomisi\u00f3n de\u00a0Mami Voley\u00a0\u2500que encuentra en el deporte el espacio propicio para cultivar los valores de la amistad, el trabajo en equipo y la generosidad\u2500 nuestro m\u00e1s profundo agradecimiento por la donaci\u00f3n que hemos recibido.\u00a0 Agradecemos tambi\u00e9n a [&hellip;]<\/p>\n","protected":false},"author":4,"featured_media":2091,"comment_status":"open","ping_status":"open","sticky":false,"template":"","format":"standard","meta":{"footnotes":""},"categories":[1],"tags":[],"class_list":["post-2089","post","type-post","status-publish","format-standard","has-post-thumbnail","hentry","category-ultimas"],"rttpg_featured_image_url":{"full":["https:\/\/www.fundacionmarista.org.ar\/site\/wp-content\/uploads\/2019\/09\/LOGOfund-fondo-blanco.jpg",888,592,false],"landscape":["https:\/\/www.fundacionmarista.org.ar\/site\/wp-content\/uploads\/2019\/09\/LOGOfund-fondo-blanco.jpg",888,592,false],"portraits":["https:\/\/www.fundacionmarista.org.ar\/site\/wp-content\/uploads\/2019\/09\/LOGOfund-fondo-blanco.jpg",888,592,false],"thumbnail":["https:\/\/www.fundacionmarista.org.ar\/site\/wp-content\/uploads\/2019\/09\/LOGOfund-fondo-blanco-150x150.jpg",150,150,true],"medium":["https:\/\/www.fundacionmarista.org.ar\/site\/wp-content\/uploads\/2019\/09\/LOGOfund-fondo-blanco-300x200.jpg",300,200,true],"large":["https:\/\/www.fundacionmarista.org.ar\/site\/wp-content\/uploads\/2019\/09\/LOGOfund-fondo-blanco.jpg",888,592,false],"1536x1536":["https:\/\/www.fundacionmarista.org.ar\/site\/wp-content\/uploads\/2019\/09\/LOGOfund-fondo-blanco.jpg",888,592,false],"2048x2048":["https:\/\/www.fundacionmarista.org.ar\/site\/wp-content\/uploads\/2019\/09\/LOGOfund-fondo-blanco.jpg",888,592,false],"wp_review_large":["https:\/\/www.fundacionmarista.org.ar\/site\/wp-content\/uploads\/2019\/09\/LOGOfund-fondo-blanco-320x200.jpg",320,200,true],"wp_review_small":["https:\/\/www.fundacionmarista.org.ar\/site\/wp-content\/uploads\/2019\/09\/LOGOfund-fondo-blanco-65x65.jpg",65,65,true],"herald-lay-a":["https:\/\/www.fundacionmarista.org.ar\/site\/wp-content\/uploads\/2019\/09\/LOGOfund-fondo-blanco-888x556.jpg",888,556,true],"herald-lay-a-full":["https:\/\/www.fundacionmarista.org.ar\/site\/wp-content\/uploads\/2019\/09\/LOGOfund-fondo-blanco.jpg",888,592,false],"herald-lay-b":["https:\/\/www.fundacionmarista.org.ar\/site\/wp-content\/uploads\/2019\/09\/LOGOfund-fondo-blanco-470x264.jpg",470,264,true],"herald-lay-b-full":["https:\/\/www.fundacionmarista.org.ar\/site\/wp-content\/uploads\/2019\/09\/LOGOfund-fondo-blanco-640x360.jpg",640,360,true],"herald-lay-b1":["https:\/\/www.fundacionmarista.org.ar\/site\/wp-content\/uploads\/2019\/09\/LOGOfund-fondo-blanco-300x200.jpg",300,200,true],"herald-lay-b1-full":["https:\/\/www.fundacionmarista.org.ar\/site\/wp-content\/uploads\/2019\/09\/LOGOfund-fondo-blanco-414x276.jpg",414,276,true],"herald-lay-c1":["https:\/\/www.fundacionmarista.org.ar\/site\/wp-content\/uploads\/2019\/09\/LOGOfund-fondo-blanco-470x313.jpg",470,313,true],"herald-lay-c1-full":["https:\/\/www.fundacionmarista.org.ar\/site\/wp-content\/uploads\/2019\/09\/LOGOfund-fondo-blanco-640x426.jpg",640,426,true],"herald-lay-d":["https:\/\/www.fundacionmarista.org.ar\/site\/wp-content\/uploads\/2019\/09\/LOGOfund-fondo-blanco-215x120.jpg",215,120,true],"herald-lay-d-full":["https:\/\/www.fundacionmarista.org.ar\/site\/wp-content\/uploads\/2019\/09\/LOGOfund-fondo-blanco-300x168.jpg",300,168,true],"herald-lay-d1":["https:\/\/www.fundacionmarista.org.ar\/site\/wp-content\/uploads\/2019\/09\/LOGOfund-fondo-blanco-130x86.jpg",130,86,true],"herald-lay-d1-full":["https:\/\/www.fundacionmarista.org.ar\/site\/wp-content\/uploads\/2019\/09\/LOGOfund-fondo-blanco-187x124.jpg",187,124,true],"herald-lay-f":["https:\/\/www.fundacionmarista.org.ar\/site\/wp-content\/uploads\/2019\/09\/LOGOfund-fondo-blanco-300x168.jpg",300,168,true],"herald-lay-f-full":["https:\/\/www.fundacionmarista.org.ar\/site\/wp-content\/uploads\/2019\/09\/LOGOfund-fondo-blanco-414x232.jpg",414,232,true],"herald-lay-g1":["https:\/\/www.fundacionmarista.org.ar\/site\/wp-content\/uploads\/2019\/09\/LOGOfund-fondo-blanco-74x55.jpg",74,55,true],"herald-lay-g1-full":["https:\/\/www.fundacionmarista.org.ar\/site\/wp-content\/uploads\/2019\/09\/LOGOfund-fondo-blanco-111x83.jpg",111,83,true],"herald-lay-i-full":["https:\/\/www.fundacionmarista.org.ar\/site\/wp-content\/uploads\/2019\/09\/LOGOfund-fondo-blanco-300x168.jpg",300,168,true],"herald-lay-i1":["https:\/\/www.fundacionmarista.org.ar\/site\/wp-content\/uploads\/2019\/09\/LOGOfund-fondo-blanco-215x161.jpg",215,161,true],"herald-lay-i1-full":["https:\/\/www.fundacionmarista.org.ar\/site\/wp-content\/uploads\/2019\/09\/LOGOfund-fondo-blanco-300x225.jpg",300,225,true],"herald-lay-single":["https:\/\/www.fundacionmarista.org.ar\/site\/wp-content\/uploads\/2019\/09\/LOGOfund-fondo-blanco.jpg",888,592,false],"herald-lay-single-full":["https:\/\/www.fundacionmarista.org.ar\/site\/wp-content\/uploads\/2019\/09\/LOGOfund-fondo-blanco.jpg",888,592,false],"herald-lay-page":["https:\/\/www.fundacionmarista.org.ar\/site\/wp-content\/uploads\/2019\/09\/LOGOfund-fondo-blanco.jpg",888,592,false],"herald-lay-page-full":["https:\/\/www.fundacionmarista.org.ar\/site\/wp-content\/uploads\/2019\/09\/LOGOfund-fondo-blanco.jpg",888,592,false],"herald-lay-fa1":["https:\/\/www.fundacionmarista.org.ar\/site\/wp-content\/uploads\/2019\/09\/LOGOfund-fondo-blanco-434x420.jpg",434,420,true],"herald-lay-fa1-full":["https:\/\/www.fundacionmarista.org.ar\/site\/wp-content\/uploads\/2019\/09\/LOGOfund-fondo-blanco-550x520.jpg",550,520,true],"herald-lay-fa3-big":["https:\/\/www.fundacionmarista.org.ar\/site\/wp-content\/uploads\/2019\/09\/LOGOfund-fondo-blanco-459x420.jpg",459,420,true],"herald-lay-fa3-big-full":["https:\/\/www.fundacionmarista.org.ar\/site\/wp-content\/uploads\/2019\/09\/LOGOfund-fondo-blanco-559x520.jpg",559,520,true],"herald-lay-fa3-small":["https:\/\/www.fundacionmarista.org.ar\/site\/wp-content\/uploads\/2019\/09\/LOGOfund-fondo-blanco-260x210.jpg",260,210,true],"herald-lay-fa3-small-full":["https:\/\/www.fundacionmarista.org.ar\/site\/wp-content\/uploads\/2019\/09\/LOGOfund-fondo-blanco-379x259.jpg",379,259,true],"herald-lay-fa5":["https:\/\/www.fundacionmarista.org.ar\/site\/wp-content\/uploads\/2019\/09\/LOGOfund-fondo-blanco-888x420.jpg",888,420,true],"herald-lay-fa5-full":["https:\/\/www.fundacionmarista.org.ar\/site\/wp-content\/uploads\/2019\/09\/LOGOfund-fondo-blanco-888x520.jpg",888,520,true],"awpcp-thumbnail":["https:\/\/www.fundacionmarista.org.ar\/site\/wp-content\/uploads\/2019\/09\/LOGOfund-fondo-blanco-125x125.jpg",125,125,true],"awpcp-featured":["https:\/\/www.fundacionmarista.org.ar\/site\/wp-content\/uploads\/2019\/09\/LOGOfund-fondo-blanco-200x200.jpg",200,200,true],"awpcp-featured-on-lists":["https:\/\/www.fundacionmarista.org.ar\/site\/wp-content\/uploads\/2019\/09\/LOGOfund-fondo-blanco-80x80.jpg",80,80,true],"awpcp-large":["https:\/\/www.fundacionmarista.org.ar\/site\/wp-content\/uploads\/2019\/09\/LOGOfund-fondo-blanco-640x427.jpg",640,427,true]},"rttpg_author":{"display_name":"Comunicaci\u00f3n","author_link":"https:\/\/www.fundacionmarista.org.ar\/site\/author\/mrilo\/"},"rttpg_comment":0,"rttpg_category":"<a href=\"https:\/\/www.fundacionmarista.org.ar\/site\/category\/ultimas\/\" rel=\"category tag\">Ultimas Noticias<\/a>","rttpg_excerpt":"El s\u00e1bado 17 de agosto,&nbsp;en la sede del Colegio&nbsp;Manuel Belgrano,&nbsp;se&nbsp;jug\u00f3&nbsp;el&nbsp;cuarto torneo de Mami Voley.&nbsp; Queremos expresarle a la Subcomisi\u00f3n de\u00a0Mami Voley\u00a0\u2500que encuentra en el deporte el espacio propicio para cultivar los valores de la amistad, el trabajo en equipo y la generosidad\u2500 nuestro m\u00e1s profundo agradecimiento por la donaci\u00f3n que hemos recibido.\u00a0 Agradecemos tambi\u00e9n a&hellip;","_links":{"self":[{"href":"https:\/\/www.fundacionmarista.org.ar\/site\/wp-json\/wp\/v2\/posts\/2089","targetHints":{"allow":["GET"]}}],"collection":[{"href":"https:\/\/www.fundacionmarista.org.ar\/site\/wp-json\/wp\/v2\/posts"}],"about":[{"href":"https:\/\/www.fundacionmarista.org.ar\/site\/wp-json\/wp\/v2\/types\/post"}],"author":[{"embeddable":true,"href":"https:\/\/www.fundacionmarista.org.ar\/site\/wp-json\/wp\/v2\/users\/4"}],"replies":[{"embeddable":true,"href":"https:\/\/www.fundacionmarista.org.ar\/site\/wp-json\/wp\/v2\/comments?post=2089"}],"version-history":[{"count":1,"href":"https:\/\/www.fundacionmarista.org.ar\/site\/wp-json\/wp\/v2\/posts\/2089\/revisions"}],"predecessor-version":[{"id":2092,"href":"https:\/\/www.fundacionmarista.org.ar\/site\/wp-json\/wp\/v2\/posts\/2089\/revisions\/2092"}],"wp:featuredmedia":[{"embeddable":true,"href":"https:\/\/www.fundacionmarista.org.ar\/site\/wp-json\/wp\/v2\/media\/2091"}],"wp:attachment":[{"href":"https:\/\/www.fundacionmarista.org.ar\/site\/wp-json\/wp\/v2\/media?parent=2089"}],"wp:term":[{"taxonomy":"category","embeddable":true,"href":"https:\/\/www.fundacionmarista.org.ar\/site\/wp-json\/wp\/v2\/categories?post=2089"},{"taxonomy":"post_tag","embeddable":true,"href":"https:\/\/www.fundacionmarista.org.ar\/site\/wp-json\/wp\/v2\/tags?post=2089"}],"curies":[{"name":"wp","href":"https:\/\/api.w.org\/{rel}","templated":true}]}}