{"id":2094,"date":"2019-09-24T15:55:41","date_gmt":"2019-09-24T18:55:41","guid":{"rendered":"http:\/\/www.fundacionmarista.org.ar\/site\/?p=2094"},"modified":"2019-09-24T15:56:39","modified_gmt":"2019-09-24T18:56:39","slug":"el-cec-construyendo-suenos-de-mar-del-plata-promueve-el-derecho-a-la-salud-y-el-cuidado-del-cuerpo-entre-sus-nnayj","status":"publish","type":"post","link":"https:\/\/www.fundacionmarista.org.ar\/site\/2019\/09\/24\/el-cec-construyendo-suenos-de-mar-del-plata-promueve-el-derecho-a-la-salud-y-el-cuidado-del-cuerpo-entre-sus-nnayj\/","title":{"rendered":"EL CEC \u00abCONSTRUYENDO SUE\u00d1OS\u00bb, DE MAR DEL PLATA, PROMUEVE EL DERECHO A LA SALUD Y EL CUIDADO DEL CUERPO ENTRE SUS NNAyJ"},"content":{"rendered":"\n<p><strong>El Centro Educativo Comunitario San Marcelino\nChampagnat \u201cConstruyendo Sue<\/strong><strong>\u00f1<\/strong><strong>os\u201d, de Mar del Plata, brind\u00f3 a NNAyJ y a sus familias <\/strong><strong>herramientas educativa<\/strong><strong>s que facilitan la generaci\u00f3n de&nbsp;<\/strong><strong>h\u00e1bitos de higiene y\nautocuidado.<\/strong><\/p>\n\n\n\n<p>Luego de\nhaber trabajado durante todo el a\u00f1o el reconocimiento, la protecci\u00f3n y la\npromoci\u00f3n de los derechos de NNAyJ, los responsables del CEC desarrollaron un <em>Proyecto&nbsp; sobre el cuidado del cuerpo como h\u00e1bito esencial\nen el Derecho a la Salud.<\/em><\/p>\n\n\n\n<p>A trav\u00e9s de charlas y talleres interactivos, se\nprocur\u00f3 que los ni\u00f1os y ni\u00f1as de turno ma\u00f1ana y los reci\u00e9n ingresados ni\u00f1os del\nturno tarde, as\u00ed como los adolescentes que concurren los d\u00edas s\u00e1bados,\nconcienticen el cuidado integral de su cuerpo.<\/p>\n\n\n\n<p>Con material audiovisual y con narraciones, trabajaron\nmuy especialmente la importancia de cuidarse como personas a s\u00ed mismos, pero\ntambi\u00e9n respetar y cuidar a los dem\u00e1s.<\/p>\n\n\n\n<p>Adem\u00e1s, realizaron un taller en el cual\npudieron identificar las diferentes partes de su cuerpo y reconocer situaciones\nde cuidado, higiene y prevenci\u00f3n.<\/p>\n\n\n\n<p>Realizaron afiches con lo trabajado para llevarlo\na sus casas y darlo a conocer entre los suyos.<\/p>\n\n\n\n<p>Como \u00faltimo espacio del recorrido, invitaron a los NNAyJ y a sus familias a participar de las charlas&nbsp;de una m\u00e9dica pediatra y de una odont\u00f3loga quienes, repasando todo lo aprendido, ofrecieron consejos \u00fatiles y despejaron dudas.  Antes de finalizar el a\u00f1o, &nbsp;est\u00e1 prevista la entrega paulatina de elementos para el aseo y la implementaci\u00f3n de la higiene bucal. <\/p>\n\n\n\n<ul class=\"wp-block-gallery columns-3 is-cropped wp-block-gallery-1 is-layout-flex wp-block-gallery-is-layout-flex\"><li class=\"blocks-gallery-item\"><figure><img loading=\"lazy\" decoding=\"async\" width=\"1024\" height=\"768\" src=\"http:\/\/www.fundacionmarista.org.ar\/site\/wp-content\/uploads\/2019\/09\/PHOTO-2019-09-17-15-16-49-1024x768.jpg\" alt=\"\" data-id=\"2097\" data-link=\"http:\/\/www.fundacionmarista.org.ar\/site\/?attachment_id=2097\" class=\"wp-image-2097\" srcset=\"https:\/\/www.fundacionmarista.org.ar\/site\/wp-content\/uploads\/2019\/09\/PHOTO-2019-09-17-15-16-49-1024x768.jpg 1024w, https:\/\/www.fundacionmarista.org.ar\/site\/wp-content\/uploads\/2019\/09\/PHOTO-2019-09-17-15-16-49-300x225.jpg 300w, https:\/\/www.fundacionmarista.org.ar\/site\/wp-content\/uploads\/2019\/09\/PHOTO-2019-09-17-15-16-49-768x576.jpg 768w, https:\/\/www.fundacionmarista.org.ar\/site\/wp-content\/uploads\/2019\/09\/PHOTO-2019-09-17-15-16-49-74x55.jpg 74w, https:\/\/www.fundacionmarista.org.ar\/site\/wp-content\/uploads\/2019\/09\/PHOTO-2019-09-17-15-16-49-111x83.jpg 111w, https:\/\/www.fundacionmarista.org.ar\/site\/wp-content\/uploads\/2019\/09\/PHOTO-2019-09-17-15-16-49-215x161.jpg 215w, https:\/\/www.fundacionmarista.org.ar\/site\/wp-content\/uploads\/2019\/09\/PHOTO-2019-09-17-15-16-49-990x743.jpg 990w, https:\/\/www.fundacionmarista.org.ar\/site\/wp-content\/uploads\/2019\/09\/PHOTO-2019-09-17-15-16-49-640x480.jpg 640w, https:\/\/www.fundacionmarista.org.ar\/site\/wp-content\/uploads\/2019\/09\/PHOTO-2019-09-17-15-16-49.jpg 1280w\" sizes=\"auto, (max-width: 1024px) 100vw, 1024px\" \/><\/figure><\/li><li class=\"blocks-gallery-item\"><figure><img loading=\"lazy\" decoding=\"async\" width=\"768\" height=\"1024\" src=\"http:\/\/www.fundacionmarista.org.ar\/site\/wp-content\/uploads\/2019\/09\/PHOTO-2019-09-17-15-16-50-2-768x1024.jpg\" alt=\"\" data-id=\"2098\" data-link=\"http:\/\/www.fundacionmarista.org.ar\/site\/?attachment_id=2098\" class=\"wp-image-2098\" srcset=\"https:\/\/www.fundacionmarista.org.ar\/site\/wp-content\/uploads\/2019\/09\/PHOTO-2019-09-17-15-16-50-2-768x1024.jpg 768w, https:\/\/www.fundacionmarista.org.ar\/site\/wp-content\/uploads\/2019\/09\/PHOTO-2019-09-17-15-16-50-2-225x300.jpg 225w, https:\/\/www.fundacionmarista.org.ar\/site\/wp-content\/uploads\/2019\/09\/PHOTO-2019-09-17-15-16-50-2-360x480.jpg 360w, https:\/\/www.fundacionmarista.org.ar\/site\/wp-content\/uploads\/2019\/09\/PHOTO-2019-09-17-15-16-50-2.jpg 960w\" sizes=\"auto, (max-width: 768px) 100vw, 768px\" \/><\/figure><\/li><li class=\"blocks-gallery-item\"><figure><img loading=\"lazy\" decoding=\"async\" width=\"1024\" height=\"768\" src=\"http:\/\/www.fundacionmarista.org.ar\/site\/wp-content\/uploads\/2019\/09\/PHOTO-2019-09-17-15-16-51-1024x768.jpg\" alt=\"\" data-id=\"2099\" data-link=\"http:\/\/www.fundacionmarista.org.ar\/site\/?attachment_id=2099\" class=\"wp-image-2099\" srcset=\"https:\/\/www.fundacionmarista.org.ar\/site\/wp-content\/uploads\/2019\/09\/PHOTO-2019-09-17-15-16-51-1024x768.jpg 1024w, https:\/\/www.fundacionmarista.org.ar\/site\/wp-content\/uploads\/2019\/09\/PHOTO-2019-09-17-15-16-51-300x225.jpg 300w, https:\/\/www.fundacionmarista.org.ar\/site\/wp-content\/uploads\/2019\/09\/PHOTO-2019-09-17-15-16-51-768x576.jpg 768w, https:\/\/www.fundacionmarista.org.ar\/site\/wp-content\/uploads\/2019\/09\/PHOTO-2019-09-17-15-16-51-74x55.jpg 74w, https:\/\/www.fundacionmarista.org.ar\/site\/wp-content\/uploads\/2019\/09\/PHOTO-2019-09-17-15-16-51-111x83.jpg 111w, https:\/\/www.fundacionmarista.org.ar\/site\/wp-content\/uploads\/2019\/09\/PHOTO-2019-09-17-15-16-51-215x161.jpg 215w, https:\/\/www.fundacionmarista.org.ar\/site\/wp-content\/uploads\/2019\/09\/PHOTO-2019-09-17-15-16-51-990x743.jpg 990w, https:\/\/www.fundacionmarista.org.ar\/site\/wp-content\/uploads\/2019\/09\/PHOTO-2019-09-17-15-16-51-640x480.jpg 640w, https:\/\/www.fundacionmarista.org.ar\/site\/wp-content\/uploads\/2019\/09\/PHOTO-2019-09-17-15-16-51.jpg 1280w\" sizes=\"auto, (max-width: 1024px) 100vw, 1024px\" \/><\/figure><\/li><li class=\"blocks-gallery-item\"><figure><img loading=\"lazy\" decoding=\"async\" width=\"768\" height=\"1024\" src=\"http:\/\/www.fundacionmarista.org.ar\/site\/wp-content\/uploads\/2019\/09\/PHOTO-2019-09-17-15-17-36-1-768x1024.jpg\" alt=\"\" data-id=\"2100\" data-link=\"http:\/\/www.fundacionmarista.org.ar\/site\/?attachment_id=2100\" class=\"wp-image-2100\" srcset=\"https:\/\/www.fundacionmarista.org.ar\/site\/wp-content\/uploads\/2019\/09\/PHOTO-2019-09-17-15-17-36-1-768x1024.jpg 768w, https:\/\/www.fundacionmarista.org.ar\/site\/wp-content\/uploads\/2019\/09\/PHOTO-2019-09-17-15-17-36-1-225x300.jpg 225w, https:\/\/www.fundacionmarista.org.ar\/site\/wp-content\/uploads\/2019\/09\/PHOTO-2019-09-17-15-17-36-1-360x480.jpg 360w, https:\/\/www.fundacionmarista.org.ar\/site\/wp-content\/uploads\/2019\/09\/PHOTO-2019-09-17-15-17-36-1.jpg 960w\" sizes=\"auto, (max-width: 768px) 100vw, 768px\" \/><\/figure><\/li><li class=\"blocks-gallery-item\"><figure><img loading=\"lazy\" decoding=\"async\" width=\"1024\" height=\"768\" src=\"http:\/\/www.fundacionmarista.org.ar\/site\/wp-content\/uploads\/2019\/09\/PHOTO-2019-09-17-15-16-50-1024x768.jpg\" alt=\"\" data-id=\"2103\" data-link=\"http:\/\/www.fundacionmarista.org.ar\/site\/2019\/09\/24\/el-cec-construyendo-suenos-de-mar-del-plata-promueve-el-derecho-a-la-salud-y-el-cuidado-del-cuerpo-entre-sus-nnayj\/photo-2019-09-17-15-16-50\/\" class=\"wp-image-2103\" srcset=\"https:\/\/www.fundacionmarista.org.ar\/site\/wp-content\/uploads\/2019\/09\/PHOTO-2019-09-17-15-16-50-1024x768.jpg 1024w, https:\/\/www.fundacionmarista.org.ar\/site\/wp-content\/uploads\/2019\/09\/PHOTO-2019-09-17-15-16-50-300x225.jpg 300w, https:\/\/www.fundacionmarista.org.ar\/site\/wp-content\/uploads\/2019\/09\/PHOTO-2019-09-17-15-16-50-768x576.jpg 768w, https:\/\/www.fundacionmarista.org.ar\/site\/wp-content\/uploads\/2019\/09\/PHOTO-2019-09-17-15-16-50-74x55.jpg 74w, https:\/\/www.fundacionmarista.org.ar\/site\/wp-content\/uploads\/2019\/09\/PHOTO-2019-09-17-15-16-50-111x83.jpg 111w, https:\/\/www.fundacionmarista.org.ar\/site\/wp-content\/uploads\/2019\/09\/PHOTO-2019-09-17-15-16-50-215x161.jpg 215w, https:\/\/www.fundacionmarista.org.ar\/site\/wp-content\/uploads\/2019\/09\/PHOTO-2019-09-17-15-16-50-990x743.jpg 990w, https:\/\/www.fundacionmarista.org.ar\/site\/wp-content\/uploads\/2019\/09\/PHOTO-2019-09-17-15-16-50-640x480.jpg 640w, https:\/\/www.fundacionmarista.org.ar\/site\/wp-content\/uploads\/2019\/09\/PHOTO-2019-09-17-15-16-50.jpg 1280w\" sizes=\"auto, (max-width: 1024px) 100vw, 1024px\" \/><\/figure><\/li><\/ul>\n","protected":false},"excerpt":{"rendered":"<p>El Centro Educativo Comunitario San Marcelino Champagnat \u201cConstruyendo Sue\u00f1os\u201d, de Mar del Plata, brind\u00f3 a NNAyJ y a sus familias herramientas educativas que facilitan la generaci\u00f3n de&nbsp;h\u00e1bitos de higiene y autocuidado. Luego de haber trabajado durante todo el a\u00f1o el reconocimiento, la protecci\u00f3n y la promoci\u00f3n de los derechos de NNAyJ, los responsables del CEC [&hellip;]<\/p>\n","protected":false},"author":4,"featured_media":2096,"comment_status":"open","ping_status":"open","sticky":false,"template":"","format":"standard","meta":{"footnotes":""},"categories":[1],"tags":[],"class_list":["post-2094","post","type-post","status-publish","format-standard","has-post-thumbnail","hentry","category-ultimas"],"rttpg_featured_image_url":{"full":["https:\/\/www.fundacionmarista.org.ar\/site\/wp-content\/uploads\/2019\/09\/PHOTO-2019-09-17-15-17-36.jpg",1280,960,false],"landscape":["https:\/\/www.fundacionmarista.org.ar\/site\/wp-content\/uploads\/2019\/09\/PHOTO-2019-09-17-15-17-36.jpg",1280,960,false],"portraits":["https:\/\/www.fundacionmarista.org.ar\/site\/wp-content\/uploads\/2019\/09\/PHOTO-2019-09-17-15-17-36.jpg",1280,960,false],"thumbnail":["https:\/\/www.fundacionmarista.org.ar\/site\/wp-content\/uploads\/2019\/09\/PHOTO-2019-09-17-15-17-36-150x150.jpg",150,150,true],"medium":["https:\/\/www.fundacionmarista.org.ar\/site\/wp-content\/uploads\/2019\/09\/PHOTO-2019-09-17-15-17-36-300x225.jpg",300,225,true],"large":["https:\/\/www.fundacionmarista.org.ar\/site\/wp-content\/uploads\/2019\/09\/PHOTO-2019-09-17-15-17-36-1024x768.jpg",1024,768,true],"1536x1536":["https:\/\/www.fundacionmarista.org.ar\/site\/wp-content\/uploads\/2019\/09\/PHOTO-2019-09-17-15-17-36.jpg",1280,960,false],"2048x2048":["https:\/\/www.fundacionmarista.org.ar\/site\/wp-content\/uploads\/2019\/09\/PHOTO-2019-09-17-15-17-36.jpg",1280,960,false],"wp_review_large":["https:\/\/www.fundacionmarista.org.ar\/site\/wp-content\/uploads\/2019\/09\/PHOTO-2019-09-17-15-17-36-320x200.jpg",320,200,true],"wp_review_small":["https:\/\/www.fundacionmarista.org.ar\/site\/wp-content\/uploads\/2019\/09\/PHOTO-2019-09-17-15-17-36-65x65.jpg",65,65,true],"herald-lay-a":["https:\/\/www.fundacionmarista.org.ar\/site\/wp-content\/uploads\/2019\/09\/PHOTO-2019-09-17-15-17-36-990x556.jpg",990,556,true],"herald-lay-a-full":["https:\/\/www.fundacionmarista.org.ar\/site\/wp-content\/uploads\/2019\/09\/PHOTO-2019-09-17-15-17-36-1280x742.jpg",1280,742,true],"herald-lay-b":["https:\/\/www.fundacionmarista.org.ar\/site\/wp-content\/uploads\/2019\/09\/PHOTO-2019-09-17-15-17-36-470x264.jpg",470,264,true],"herald-lay-b-full":["https:\/\/www.fundacionmarista.org.ar\/site\/wp-content\/uploads\/2019\/09\/PHOTO-2019-09-17-15-17-36-640x360.jpg",640,360,true],"herald-lay-b1":["https:\/\/www.fundacionmarista.org.ar\/site\/wp-content\/uploads\/2019\/09\/PHOTO-2019-09-17-15-17-36-300x200.jpg",300,200,true],"herald-lay-b1-full":["https:\/\/www.fundacionmarista.org.ar\/site\/wp-content\/uploads\/2019\/09\/PHOTO-2019-09-17-15-17-36-414x276.jpg",414,276,true],"herald-lay-c1":["https:\/\/www.fundacionmarista.org.ar\/site\/wp-content\/uploads\/2019\/09\/PHOTO-2019-09-17-15-17-36-470x313.jpg",470,313,true],"herald-lay-c1-full":["https:\/\/www.fundacionmarista.org.ar\/site\/wp-content\/uploads\/2019\/09\/PHOTO-2019-09-17-15-17-36-640x426.jpg",640,426,true],"herald-lay-d":["https:\/\/www.fundacionmarista.org.ar\/site\/wp-content\/uploads\/2019\/09\/PHOTO-2019-09-17-15-17-36-215x120.jpg",215,120,true],"herald-lay-d-full":["https:\/\/www.fundacionmarista.org.ar\/site\/wp-content\/uploads\/2019\/09\/PHOTO-2019-09-17-15-17-36-300x168.jpg",300,168,true],"herald-lay-d1":["https:\/\/www.fundacionmarista.org.ar\/site\/wp-content\/uploads\/2019\/09\/PHOTO-2019-09-17-15-17-36-130x86.jpg",130,86,true],"herald-lay-d1-full":["https:\/\/www.fundacionmarista.org.ar\/site\/wp-content\/uploads\/2019\/09\/PHOTO-2019-09-17-15-17-36-187x124.jpg",187,124,true],"herald-lay-f":["https:\/\/www.fundacionmarista.org.ar\/site\/wp-content\/uploads\/2019\/09\/PHOTO-2019-09-17-15-17-36-300x168.jpg",300,168,true],"herald-lay-f-full":["https:\/\/www.fundacionmarista.org.ar\/site\/wp-content\/uploads\/2019\/09\/PHOTO-2019-09-17-15-17-36-414x232.jpg",414,232,true],"herald-lay-g1":["https:\/\/www.fundacionmarista.org.ar\/site\/wp-content\/uploads\/2019\/09\/PHOTO-2019-09-17-15-17-36-74x55.jpg",74,55,true],"herald-lay-g1-full":["https:\/\/www.fundacionmarista.org.ar\/site\/wp-content\/uploads\/2019\/09\/PHOTO-2019-09-17-15-17-36-111x83.jpg",111,83,true],"herald-lay-i-full":["https:\/\/www.fundacionmarista.org.ar\/site\/wp-content\/uploads\/2019\/09\/PHOTO-2019-09-17-15-17-36-300x168.jpg",300,168,true],"herald-lay-i1":["https:\/\/www.fundacionmarista.org.ar\/site\/wp-content\/uploads\/2019\/09\/PHOTO-2019-09-17-15-17-36-215x161.jpg",215,161,true],"herald-lay-i1-full":["https:\/\/www.fundacionmarista.org.ar\/site\/wp-content\/uploads\/2019\/09\/PHOTO-2019-09-17-15-17-36-300x225.jpg",300,225,true],"herald-lay-single":["https:\/\/www.fundacionmarista.org.ar\/site\/wp-content\/uploads\/2019\/09\/PHOTO-2019-09-17-15-17-36-990x743.jpg",990,743,true],"herald-lay-single-full":["https:\/\/www.fundacionmarista.org.ar\/site\/wp-content\/uploads\/2019\/09\/PHOTO-2019-09-17-15-17-36.jpg",1280,960,false],"herald-lay-page":["https:\/\/www.fundacionmarista.org.ar\/site\/wp-content\/uploads\/2019\/09\/PHOTO-2019-09-17-15-17-36-990x743.jpg",990,743,true],"herald-lay-page-full":["https:\/\/www.fundacionmarista.org.ar\/site\/wp-content\/uploads\/2019\/09\/PHOTO-2019-09-17-15-17-36.jpg",1280,960,false],"herald-lay-fa1":["https:\/\/www.fundacionmarista.org.ar\/site\/wp-content\/uploads\/2019\/09\/PHOTO-2019-09-17-15-17-36-434x420.jpg",434,420,true],"herald-lay-fa1-full":["https:\/\/www.fundacionmarista.org.ar\/site\/wp-content\/uploads\/2019\/09\/PHOTO-2019-09-17-15-17-36-550x520.jpg",550,520,true],"herald-lay-fa3-big":["https:\/\/www.fundacionmarista.org.ar\/site\/wp-content\/uploads\/2019\/09\/PHOTO-2019-09-17-15-17-36-459x420.jpg",459,420,true],"herald-lay-fa3-big-full":["https:\/\/www.fundacionmarista.org.ar\/site\/wp-content\/uploads\/2019\/09\/PHOTO-2019-09-17-15-17-36-559x520.jpg",559,520,true],"herald-lay-fa3-small":["https:\/\/www.fundacionmarista.org.ar\/site\/wp-content\/uploads\/2019\/09\/PHOTO-2019-09-17-15-17-36-260x210.jpg",260,210,true],"herald-lay-fa3-small-full":["https:\/\/www.fundacionmarista.org.ar\/site\/wp-content\/uploads\/2019\/09\/PHOTO-2019-09-17-15-17-36-379x259.jpg",379,259,true],"herald-lay-fa5":["https:\/\/www.fundacionmarista.org.ar\/site\/wp-content\/uploads\/2019\/09\/PHOTO-2019-09-17-15-17-36-980x420.jpg",980,420,true],"herald-lay-fa5-full":["https:\/\/www.fundacionmarista.org.ar\/site\/wp-content\/uploads\/2019\/09\/PHOTO-2019-09-17-15-17-36-1280x520.jpg",1280,520,true],"awpcp-thumbnail":["https:\/\/www.fundacionmarista.org.ar\/site\/wp-content\/uploads\/2019\/09\/PHOTO-2019-09-17-15-17-36-125x125.jpg",125,125,true],"awpcp-featured":["https:\/\/www.fundacionmarista.org.ar\/site\/wp-content\/uploads\/2019\/09\/PHOTO-2019-09-17-15-17-36-200x200.jpg",200,200,true],"awpcp-featured-on-lists":["https:\/\/www.fundacionmarista.org.ar\/site\/wp-content\/uploads\/2019\/09\/PHOTO-2019-09-17-15-17-36-80x80.jpg",80,80,true],"awpcp-large":["https:\/\/www.fundacionmarista.org.ar\/site\/wp-content\/uploads\/2019\/09\/PHOTO-2019-09-17-15-17-36-640x480.jpg",640,480,true]},"rttpg_author":{"display_name":"Comunicaci\u00f3n","author_link":"https:\/\/www.fundacionmarista.org.ar\/site\/author\/mrilo\/"},"rttpg_comment":0,"rttpg_category":"<a href=\"https:\/\/www.fundacionmarista.org.ar\/site\/category\/ultimas\/\" rel=\"category tag\">Ultimas Noticias<\/a>","rttpg_excerpt":"El Centro Educativo Comunitario San Marcelino Champagnat \u201cConstruyendo Sue\u00f1os\u201d, de Mar del Plata, brind\u00f3 a NNAyJ y a sus familias herramientas educativas que facilitan la generaci\u00f3n de&nbsp;h\u00e1bitos de higiene y autocuidado. Luego de haber trabajado durante todo el a\u00f1o el reconocimiento, la protecci\u00f3n y la promoci\u00f3n de los derechos de NNAyJ, los responsables del CEC&hellip;","_links":{"self":[{"href":"https:\/\/www.fundacionmarista.org.ar\/site\/wp-json\/wp\/v2\/posts\/2094","targetHints":{"allow":["GET"]}}],"collection":[{"href":"https:\/\/www.fundacionmarista.org.ar\/site\/wp-json\/wp\/v2\/posts"}],"about":[{"href":"https:\/\/www.fundacionmarista.org.ar\/site\/wp-json\/wp\/v2\/types\/post"}],"author":[{"embeddable":true,"href":"https:\/\/www.fundacionmarista.org.ar\/site\/wp-json\/wp\/v2\/users\/4"}],"replies":[{"embeddable":true,"href":"https:\/\/www.fundacionmarista.org.ar\/site\/wp-json\/wp\/v2\/comments?post=2094"}],"version-history":[{"count":2,"href":"https:\/\/www.fundacionmarista.org.ar\/site\/wp-json\/wp\/v2\/posts\/2094\/revisions"}],"predecessor-version":[{"id":2104,"href":"https:\/\/www.fundacionmarista.org.ar\/site\/wp-json\/wp\/v2\/posts\/2094\/revisions\/2104"}],"wp:featuredmedia":[{"embeddable":true,"href":"https:\/\/www.fundacionmarista.org.ar\/site\/wp-json\/wp\/v2\/media\/2096"}],"wp:attachment":[{"href":"https:\/\/www.fundacionmarista.org.ar\/site\/wp-json\/wp\/v2\/media?parent=2094"}],"wp:term":[{"taxonomy":"category","embeddable":true,"href":"https:\/\/www.fundacionmarista.org.ar\/site\/wp-json\/wp\/v2\/categories?post=2094"},{"taxonomy":"post_tag","embeddable":true,"href":"https:\/\/www.fundacionmarista.org.ar\/site\/wp-json\/wp\/v2\/tags?post=2094"}],"curies":[{"name":"wp","href":"https:\/\/api.w.org\/{rel}","templated":true}]}}