{"id":2110,"date":"2019-10-22T16:42:47","date_gmt":"2019-10-22T19:42:47","guid":{"rendered":"http:\/\/www.fundacionmarista.org.ar\/site\/?p=2110"},"modified":"2019-10-22T16:42:51","modified_gmt":"2019-10-22T19:42:51","slug":"fundacion-marista-acompana-una-nueva-y-potente-experiencia-de-peregrinos-solidarios","status":"publish","type":"post","link":"https:\/\/www.fundacionmarista.org.ar\/site\/2019\/10\/22\/fundacion-marista-acompana-una-nueva-y-potente-experiencia-de-peregrinos-solidarios\/","title":{"rendered":"FUNDACI\u00d3N MARISTA ACOMPA\u00d1A UNA NUEVA Y POTENTE EXPERIENCIA DE PEREGRINOS SOLIDARIOS ."},"content":{"rendered":"\n<p>\u00abCONSTRUIMOS COMUNIDADES DE VIDA EN TORNO A LA MISMA MESA\u00bb   <\/p>\n\n\n\n<p style=\"text-align:left\"><strong>El viernes 18 y el s\u00e1bado 19 de octubre 170 adolescentes provenientes\nde colegios y centros educativos comunitarios maristas de distintos lugares del\npa\u00eds, se hicieron uno en una nueva y potente experiencia de <em>Peregrinos Solidarios <\/em>de la que tambi\u00e9n\nfue parte la Fundaci\u00f3n Marista, con la presencia de su Director, Daniel\nFelippelli.<\/strong><\/p>\n\n\n\n<p>La experiencia arranc\u00f3 el jueves\nde nochecita con la llegada de los primeros grupos. Hospedados en el Colegio\nmarista del Centro \u2500Nuestra Se\u00f1ora del Rosario\u2500, las dos comunidades (la del\nCentro y la del Barrio La Boca) les garantizaron a las y los adolescentes el\ndesarrollo de la experiencia, que prepararon los encargados de Pastoral juvenil\nde las dos obras con el apoyo del Equipo directivo, de la comunidad de Hermanos,\ndel Equipo de Solidaridad, y de la Fundaci\u00f3n Marista, que, gracias a un\nconvenio firmado con la Secretar\u00eda de la Ni\u00f1ez del Ministerio de Desarrollo\nSocial del gobierno de Santa Fe,&nbsp;&nbsp;\ncoopera con el sostenimiento de los espacios para la Primera Infancia en\nla Escuela del Barrio. <\/p>\n\n\n\n<p>La Fundaci\u00f3n Marista tuvo tambi\u00e9n\nespecial protagonismo en las Jornadas como propulsora y acompa\u00f1ante continua de\nla valiosa obra que realiza el Taller de Ensamble Musical de la Escuela\nMarcelino Champagnat de La Boca, gracias al cual muchos adolescentes y j\u00f3venes\nintegran una banda de rock y&nbsp; peque\u00f1as\norquestas que resignifican su vida cotidiana ayud\u00e1ndolos a romper los l\u00edmites\nde su condici\u00f3n socioecon\u00f3mica y a procurarse nuevas pertenencias y\noportunidades.<\/p>\n\n\n\n<p>Adem\u00e1s, un mont\u00f3n de gente que se\nsum\u00f3 a dar una mano (gente de Fraternidades, familias, el Equipo de Panader\u00eda,\nlos Talleres de Herrer\u00eda, etc.). En total,&nbsp;\n210 personas sumaron su aporte a&nbsp;\nesta experiencia.<\/p>\n\n\n\n<p>El lema&nbsp; de este <em>Peregrinos<\/em> \u2500\u00abConstruimos comunidades de\nvida en torno a la misma mesa\u00bb\u2500 <\/p>\n\n\n\n<p>los invit\u00f3 a pensar en las\ndistintas mesas que habitamos: &nbsp;donde se\nsue\u00f1a, se comparten dolores, se generan proyectos\u2026 Y tambi\u00e9n en todas las mesas\nque nos antecedieron: las de <em>Peregrinos\nsolidarios,<\/em> las de nuestros lugares de origen, las familiares, la mesa de\nLa Vall\u00e1, que dio vida a la familia marista y, por supuesto, la mesa de Jes\u00fas y\nsus disc\u00edpulos\u2026En torno a ellas se armaron los distintos espacios celebrativos\nde las dos Jornadas.<\/p>\n\n\n\n<p>Trabajaron en distintas\norganizaciones sociales del barrio: en la escuela, en el play\u00f3n, en algunos\nmerenderos, en Aldeas infantiles, en una canchita de f\u00fatbol, en un Jard\u00edn,\nhaciendo distintos trabajos manuales que buscaban embellecer y generar un\nespacio m\u00e1s digno a las pibas y los pibes del Barrio.<\/p>\n\n\n\n<p>&nbsp;Las comunidades que participaron provinieron\nde 10 lugares diferentes \u201312 obras&#8211;: Colegio San Luis de La Plata, CEC Miguel\n\u00c1ngel Isla, de La Plata, Colegio Macnab Bernal de Lugano, CEC San Marcelino\nChampagnat, de Tigre, Mundo Juvenil de Bs.As., CEC &nbsp;Centro Nazaret de Luj\u00e1n, Colegio Ntra. Sra. de\nLuj\u00e1n, Colegio San Jos\u00e9, de Pergamino, Colegio Nogoy\u00e1, Colegio San Francisco, Misi\u00f3n\nNueva Pompeya-Chaco-, &nbsp;Ntra. Sra. de\nRosario Centro y Escuela Marcelino Champagnat de La Boca (Rosario). <\/p>\n\n\n\n<p>La experiencia concluy\u00f3 el s\u00e1bado\ncon un almuerzo compartido con la gente del Barrio, que se acerc\u00f3 y expres\u00f3 lo\nque significan para ellos esos lugares en los que los peregrinos solidarios\ntrabajaron.\n\nEl trabajo conjunto de las dos obras maristas de\nRosario, la energ\u00eda muy potente de chicos y chicas unidos para una misma causa \u2500todas\nesas remeras celestes dando vueltas por todos lados con una identidad com\u00fan,\nhaciendo alegremente, codo a codo, murales, dibujando canchitas y juegos de\npiso, poniendo un techo e involucr\u00e1ndose en otras obras de alba\u00f1iler\u00eda para las\norganizaciones que los recib\u00edan\u2500 les permiti\u00f3 comprobar una vez m\u00e1s c\u00f3mo, cuando\ntodos nos sumamos y compartimos como hermanos, podemos hacer del mundo un lugar\nm\u00e1s lindo, m\u00e1s digno, m\u00e1s bello, donde se pueda so\u00f1ar y donde todos tengan\nposibilidades.\n\n\n\n<\/p>\n\n\n\n<figure class=\"wp-block-image\"><img loading=\"lazy\" decoding=\"async\" width=\"1024\" height=\"724\" src=\"http:\/\/www.fundacionmarista.org.ar\/site\/wp-content\/uploads\/2019\/10\/peregrinos19-mosaico-1024x724.jpg\" alt=\"\" class=\"wp-image-2115\" srcset=\"https:\/\/www.fundacionmarista.org.ar\/site\/wp-content\/uploads\/2019\/10\/peregrinos19-mosaico-1024x724.jpg 1024w, https:\/\/www.fundacionmarista.org.ar\/site\/wp-content\/uploads\/2019\/10\/peregrinos19-mosaico-300x212.jpg 300w, https:\/\/www.fundacionmarista.org.ar\/site\/wp-content\/uploads\/2019\/10\/peregrinos19-mosaico-768x543.jpg 768w, https:\/\/www.fundacionmarista.org.ar\/site\/wp-content\/uploads\/2019\/10\/peregrinos19-mosaico-990x700.jpg 990w, https:\/\/www.fundacionmarista.org.ar\/site\/wp-content\/uploads\/2019\/10\/peregrinos19-mosaico-640x452.jpg 640w, https:\/\/www.fundacionmarista.org.ar\/site\/wp-content\/uploads\/2019\/10\/peregrinos19-mosaico.jpg 1170w\" sizes=\"auto, (max-width: 1024px) 100vw, 1024px\" \/><\/figure>\n","protected":false},"excerpt":{"rendered":"<p>\u00abCONSTRUIMOS COMUNIDADES DE VIDA EN TORNO A LA MISMA MESA\u00bb El viernes 18 y el s\u00e1bado 19 de octubre 170 adolescentes provenientes de colegios y centros educativos comunitarios maristas de distintos lugares del pa\u00eds, se hicieron uno en una nueva y potente experiencia de Peregrinos Solidarios de la que tambi\u00e9n fue parte la Fundaci\u00f3n Marista, [&hellip;]<\/p>\n","protected":false},"author":4,"featured_media":2114,"comment_status":"open","ping_status":"open","sticky":false,"template":"","format":"standard","meta":{"footnotes":""},"categories":[1],"tags":[],"class_list":["post-2110","post","type-post","status-publish","format-standard","has-post-thumbnail","hentry","category-ultimas"],"rttpg_featured_image_url":{"full":["https:\/\/www.fundacionmarista.org.ar\/site\/wp-content\/uploads\/2019\/10\/PEREGRINOS-portada-1.jpg",600,325,false],"landscape":["https:\/\/www.fundacionmarista.org.ar\/site\/wp-content\/uploads\/2019\/10\/PEREGRINOS-portada-1.jpg",600,325,false],"portraits":["https:\/\/www.fundacionmarista.org.ar\/site\/wp-content\/uploads\/2019\/10\/PEREGRINOS-portada-1.jpg",600,325,false],"thumbnail":["https:\/\/www.fundacionmarista.org.ar\/site\/wp-content\/uploads\/2019\/10\/PEREGRINOS-portada-1-150x150.jpg",150,150,true],"medium":["https:\/\/www.fundacionmarista.org.ar\/site\/wp-content\/uploads\/2019\/10\/PEREGRINOS-portada-1-300x163.jpg",300,163,true],"large":["https:\/\/www.fundacionmarista.org.ar\/site\/wp-content\/uploads\/2019\/10\/PEREGRINOS-portada-1.jpg",600,325,false],"1536x1536":["https:\/\/www.fundacionmarista.org.ar\/site\/wp-content\/uploads\/2019\/10\/PEREGRINOS-portada-1.jpg",600,325,false],"2048x2048":["https:\/\/www.fundacionmarista.org.ar\/site\/wp-content\/uploads\/2019\/10\/PEREGRINOS-portada-1.jpg",600,325,false],"wp_review_large":["https:\/\/www.fundacionmarista.org.ar\/site\/wp-content\/uploads\/2019\/10\/PEREGRINOS-portada-1-320x200.jpg",320,200,true],"wp_review_small":["https:\/\/www.fundacionmarista.org.ar\/site\/wp-content\/uploads\/2019\/10\/PEREGRINOS-portada-1-65x65.jpg",65,65,true],"herald-lay-a":["https:\/\/www.fundacionmarista.org.ar\/site\/wp-content\/uploads\/2019\/10\/PEREGRINOS-portada-1.jpg",600,325,false],"herald-lay-a-full":["https:\/\/www.fundacionmarista.org.ar\/site\/wp-content\/uploads\/2019\/10\/PEREGRINOS-portada-1.jpg",600,325,false],"herald-lay-b":["https:\/\/www.fundacionmarista.org.ar\/site\/wp-content\/uploads\/2019\/10\/PEREGRINOS-portada-1-470x264.jpg",470,264,true],"herald-lay-b-full":["https:\/\/www.fundacionmarista.org.ar\/site\/wp-content\/uploads\/2019\/10\/PEREGRINOS-portada-1.jpg",600,325,false],"herald-lay-b1":["https:\/\/www.fundacionmarista.org.ar\/site\/wp-content\/uploads\/2019\/10\/PEREGRINOS-portada-1-300x200.jpg",300,200,true],"herald-lay-b1-full":["https:\/\/www.fundacionmarista.org.ar\/site\/wp-content\/uploads\/2019\/10\/PEREGRINOS-portada-1-414x276.jpg",414,276,true],"herald-lay-c1":["https:\/\/www.fundacionmarista.org.ar\/site\/wp-content\/uploads\/2019\/10\/PEREGRINOS-portada-1-470x313.jpg",470,313,true],"herald-lay-c1-full":["https:\/\/www.fundacionmarista.org.ar\/site\/wp-content\/uploads\/2019\/10\/PEREGRINOS-portada-1.jpg",600,325,false],"herald-lay-d":["https:\/\/www.fundacionmarista.org.ar\/site\/wp-content\/uploads\/2019\/10\/PEREGRINOS-portada-1-215x120.jpg",215,120,true],"herald-lay-d-full":["https:\/\/www.fundacionmarista.org.ar\/site\/wp-content\/uploads\/2019\/10\/PEREGRINOS-portada-1-300x168.jpg",300,168,true],"herald-lay-d1":["https:\/\/www.fundacionmarista.org.ar\/site\/wp-content\/uploads\/2019\/10\/PEREGRINOS-portada-1-130x86.jpg",130,86,true],"herald-lay-d1-full":["https:\/\/www.fundacionmarista.org.ar\/site\/wp-content\/uploads\/2019\/10\/PEREGRINOS-portada-1-187x124.jpg",187,124,true],"herald-lay-f":["https:\/\/www.fundacionmarista.org.ar\/site\/wp-content\/uploads\/2019\/10\/PEREGRINOS-portada-1-300x168.jpg",300,168,true],"herald-lay-f-full":["https:\/\/www.fundacionmarista.org.ar\/site\/wp-content\/uploads\/2019\/10\/PEREGRINOS-portada-1-414x232.jpg",414,232,true],"herald-lay-g1":["https:\/\/www.fundacionmarista.org.ar\/site\/wp-content\/uploads\/2019\/10\/PEREGRINOS-portada-1-74x55.jpg",74,55,true],"herald-lay-g1-full":["https:\/\/www.fundacionmarista.org.ar\/site\/wp-content\/uploads\/2019\/10\/PEREGRINOS-portada-1-111x83.jpg",111,83,true],"herald-lay-i-full":["https:\/\/www.fundacionmarista.org.ar\/site\/wp-content\/uploads\/2019\/10\/PEREGRINOS-portada-1-300x168.jpg",300,168,true],"herald-lay-i1":["https:\/\/www.fundacionmarista.org.ar\/site\/wp-content\/uploads\/2019\/10\/PEREGRINOS-portada-1-215x161.jpg",215,161,true],"herald-lay-i1-full":["https:\/\/www.fundacionmarista.org.ar\/site\/wp-content\/uploads\/2019\/10\/PEREGRINOS-portada-1-300x225.jpg",300,225,true],"herald-lay-single":["https:\/\/www.fundacionmarista.org.ar\/site\/wp-content\/uploads\/2019\/10\/PEREGRINOS-portada-1.jpg",600,325,false],"herald-lay-single-full":["https:\/\/www.fundacionmarista.org.ar\/site\/wp-content\/uploads\/2019\/10\/PEREGRINOS-portada-1.jpg",600,325,false],"herald-lay-page":["https:\/\/www.fundacionmarista.org.ar\/site\/wp-content\/uploads\/2019\/10\/PEREGRINOS-portada-1.jpg",600,325,false],"herald-lay-page-full":["https:\/\/www.fundacionmarista.org.ar\/site\/wp-content\/uploads\/2019\/10\/PEREGRINOS-portada-1.jpg",600,325,false],"herald-lay-fa1":["https:\/\/www.fundacionmarista.org.ar\/site\/wp-content\/uploads\/2019\/10\/PEREGRINOS-portada-1-434x325.jpg",434,325,true],"herald-lay-fa1-full":["https:\/\/www.fundacionmarista.org.ar\/site\/wp-content\/uploads\/2019\/10\/PEREGRINOS-portada-1-550x325.jpg",550,325,true],"herald-lay-fa3-big":["https:\/\/www.fundacionmarista.org.ar\/site\/wp-content\/uploads\/2019\/10\/PEREGRINOS-portada-1-459x325.jpg",459,325,true],"herald-lay-fa3-big-full":["https:\/\/www.fundacionmarista.org.ar\/site\/wp-content\/uploads\/2019\/10\/PEREGRINOS-portada-1-559x325.jpg",559,325,true],"herald-lay-fa3-small":["https:\/\/www.fundacionmarista.org.ar\/site\/wp-content\/uploads\/2019\/10\/PEREGRINOS-portada-1-260x210.jpg",260,210,true],"herald-lay-fa3-small-full":["https:\/\/www.fundacionmarista.org.ar\/site\/wp-content\/uploads\/2019\/10\/PEREGRINOS-portada-1-379x259.jpg",379,259,true],"herald-lay-fa5":["https:\/\/www.fundacionmarista.org.ar\/site\/wp-content\/uploads\/2019\/10\/PEREGRINOS-portada-1.jpg",600,325,false],"herald-lay-fa5-full":["https:\/\/www.fundacionmarista.org.ar\/site\/wp-content\/uploads\/2019\/10\/PEREGRINOS-portada-1.jpg",600,325,false],"awpcp-thumbnail":["https:\/\/www.fundacionmarista.org.ar\/site\/wp-content\/uploads\/2019\/10\/PEREGRINOS-portada-1-125x125.jpg",125,125,true],"awpcp-featured":["https:\/\/www.fundacionmarista.org.ar\/site\/wp-content\/uploads\/2019\/10\/PEREGRINOS-portada-1-200x200.jpg",200,200,true],"awpcp-featured-on-lists":["https:\/\/www.fundacionmarista.org.ar\/site\/wp-content\/uploads\/2019\/10\/PEREGRINOS-portada-1-80x80.jpg",80,80,true],"awpcp-large":["https:\/\/www.fundacionmarista.org.ar\/site\/wp-content\/uploads\/2019\/10\/PEREGRINOS-portada-1.jpg",600,325,false]},"rttpg_author":{"display_name":"Comunicaci\u00f3n","author_link":"https:\/\/www.fundacionmarista.org.ar\/site\/author\/mrilo\/"},"rttpg_comment":0,"rttpg_category":"<a href=\"https:\/\/www.fundacionmarista.org.ar\/site\/category\/ultimas\/\" rel=\"category tag\">Ultimas Noticias<\/a>","rttpg_excerpt":"\u00abCONSTRUIMOS COMUNIDADES DE VIDA EN TORNO A LA MISMA MESA\u00bb El viernes 18 y el s\u00e1bado 19 de octubre 170 adolescentes provenientes de colegios y centros educativos comunitarios maristas de distintos lugares del pa\u00eds, se hicieron uno en una nueva y potente experiencia de Peregrinos Solidarios de la que tambi\u00e9n fue parte la Fundaci\u00f3n Marista,&hellip;","_links":{"self":[{"href":"https:\/\/www.fundacionmarista.org.ar\/site\/wp-json\/wp\/v2\/posts\/2110","targetHints":{"allow":["GET"]}}],"collection":[{"href":"https:\/\/www.fundacionmarista.org.ar\/site\/wp-json\/wp\/v2\/posts"}],"about":[{"href":"https:\/\/www.fundacionmarista.org.ar\/site\/wp-json\/wp\/v2\/types\/post"}],"author":[{"embeddable":true,"href":"https:\/\/www.fundacionmarista.org.ar\/site\/wp-json\/wp\/v2\/users\/4"}],"replies":[{"embeddable":true,"href":"https:\/\/www.fundacionmarista.org.ar\/site\/wp-json\/wp\/v2\/comments?post=2110"}],"version-history":[{"count":1,"href":"https:\/\/www.fundacionmarista.org.ar\/site\/wp-json\/wp\/v2\/posts\/2110\/revisions"}],"predecessor-version":[{"id":2116,"href":"https:\/\/www.fundacionmarista.org.ar\/site\/wp-json\/wp\/v2\/posts\/2110\/revisions\/2116"}],"wp:featuredmedia":[{"embeddable":true,"href":"https:\/\/www.fundacionmarista.org.ar\/site\/wp-json\/wp\/v2\/media\/2114"}],"wp:attachment":[{"href":"https:\/\/www.fundacionmarista.org.ar\/site\/wp-json\/wp\/v2\/media?parent=2110"}],"wp:term":[{"taxonomy":"category","embeddable":true,"href":"https:\/\/www.fundacionmarista.org.ar\/site\/wp-json\/wp\/v2\/categories?post=2110"},{"taxonomy":"post_tag","embeddable":true,"href":"https:\/\/www.fundacionmarista.org.ar\/site\/wp-json\/wp\/v2\/tags?post=2110"}],"curies":[{"name":"wp","href":"https:\/\/api.w.org\/{rel}","templated":true}]}}