{"id":2131,"date":"2019-11-12T15:59:41","date_gmt":"2019-11-12T18:59:41","guid":{"rendered":"http:\/\/www.fundacionmarista.org.ar\/site\/?p=2131"},"modified":"2019-11-12T15:59:45","modified_gmt":"2019-11-12T18:59:45","slug":"fundacion-presente-el-cec-champagnat-de-tigre-cumple-35-anos-de-entrega-y-servicio","status":"publish","type":"post","link":"https:\/\/www.fundacionmarista.org.ar\/site\/2019\/11\/12\/fundacion-presente-el-cec-champagnat-de-tigre-cumple-35-anos-de-entrega-y-servicio\/","title":{"rendered":"Fundaci\u00f3n presente. El CEC Champagnat de Tigre cumple 35 a\u00f1os de entrega y servicio"},"content":{"rendered":"\n<p><strong>En noviembre, el Centro\nEducativo Comunitario Champagnat de Los T\u00e1banos, Tigre, est\u00e1 celebrando sus\nprimeros 35 a\u00f1os. \u00a1Y lo celebramos con ellos!<\/strong><\/p>\n\n\n\n<p>Raquel P\u00e9rez S\u00e1nchez,\ncoordinadora del Centro, y un equipo animoso e incansable, atienden todos los d\u00edas a 120 ni\u00f1as y&nbsp; ni\u00f1os a quienes brindan cari\u00f1o, atenci\u00f3n,\ndesayuno y merienda, y apoyo escolar. <\/p>\n\n\n\n<p>Junto a los\nanimadores, que reciben a 60 adolescentes y j\u00f3venes a quienes tambi\u00e9n ofrecen\nactividades formativas y recreativas de acompa\u00f1amiento y contenci\u00f3n, son muchos\nlos que han colaborado y colaboran para hacer de este Centro Comunitario un\nhogar \u00a1desde hace 35 a\u00f1os!<\/p>\n\n\n\n<blockquote class=\"wp-block-quote is-layout-flow wp-block-quote-is-layout-flow\"><p><em>A 35 a\u00f1os de la llegada de los Hermanos Maristas al Barrio de Los T\u00e1banos y de la construcci\u00f3n del CEC San Marcelino Champagnat, la mesa de La Valla contin\u00faa tendida entre nosotras y nosotros para seguir compartiendo, creciendo, sembrando con otras y otros, reafirmando el trabajo por la promoci\u00f3n y defensa de las\/os ni\u00f1as, ni\u00f1os, adolescentes y j\u00f3venes, con la convicci\u00f3n de que solo se puede educar con amor, sencillez, modestia y humildad.\u201d<\/em><\/p><p> <em>Raquel y Sandra (Coordinadora y Co-coordinadora del CEC)<\/em> <\/p><\/blockquote>\n\n\n\n<p>Con la presencia de Daniel Fellipelli\ny Gisella Favaro, Director Ejecutivo y Secretaria de la Fundaci\u00f3n Marista, que\ntan \u00edntimamente ligada est\u00e1 a la vida del CEC de Tigre, se desarroll\u00f3 una\njornada de actividades a la que fue invitada toda la comunidad barrial.<\/p>\n\n\n\n<p>Un almuerzo fraterno reuni\u00f3 a los\nasistentes, que intercambiaron vivencias, experiencias y testimonios de estos\nprimeros 35 a\u00f1os en un clima de genuina alegr\u00eda y gratitud.<\/p>\n\n\n\n<p>Al cierre de la jornada, la\ncelebraci\u00f3n eucar\u00edstica permiti\u00f3 compartir el Pan de la Vida entregada y\ncelebrada a lo largo de todos estos a\u00f1os. <\/p>\n\n\n\n<p>Y el\nfuego del fog\u00f3n, con la mateada final, logr\u00f3 reunir y expresar&nbsp; la esperanza de tantos NNAyJ y de tantas\nfamilias, destinatarios y protagonistas de un sue\u00f1o que crece y que se renueva\ncada d\u00eda frente a cada necesidad. <\/p>\n\n\n\n<figure class=\"wp-block-image\"><img loading=\"lazy\" decoding=\"async\" width=\"747\" height=\"747\" src=\"http:\/\/www.fundacionmarista.org.ar\/site\/wp-content\/uploads\/2019\/11\/cec-tigre.jpg\" alt=\"\" class=\"wp-image-2134\" srcset=\"https:\/\/www.fundacionmarista.org.ar\/site\/wp-content\/uploads\/2019\/11\/cec-tigre.jpg 747w, https:\/\/www.fundacionmarista.org.ar\/site\/wp-content\/uploads\/2019\/11\/cec-tigre-150x150.jpg 150w, https:\/\/www.fundacionmarista.org.ar\/site\/wp-content\/uploads\/2019\/11\/cec-tigre-300x300.jpg 300w, https:\/\/www.fundacionmarista.org.ar\/site\/wp-content\/uploads\/2019\/11\/cec-tigre-65x65.jpg 65w, https:\/\/www.fundacionmarista.org.ar\/site\/wp-content\/uploads\/2019\/11\/cec-tigre-125x125.jpg 125w, https:\/\/www.fundacionmarista.org.ar\/site\/wp-content\/uploads\/2019\/11\/cec-tigre-200x200.jpg 200w, https:\/\/www.fundacionmarista.org.ar\/site\/wp-content\/uploads\/2019\/11\/cec-tigre-80x80.jpg 80w, https:\/\/www.fundacionmarista.org.ar\/site\/wp-content\/uploads\/2019\/11\/cec-tigre-480x480.jpg 480w\" sizes=\"auto, (max-width: 747px) 100vw, 747px\" \/><\/figure>\n\n\n\n<figure class=\"wp-block-image\"><img loading=\"lazy\" decoding=\"async\" width=\"1024\" height=\"768\" src=\"http:\/\/www.fundacionmarista.org.ar\/site\/wp-content\/uploads\/2019\/11\/IMG-20191111-WA0012-1024x768.jpg\" alt=\"\" class=\"wp-image-2135\" srcset=\"https:\/\/www.fundacionmarista.org.ar\/site\/wp-content\/uploads\/2019\/11\/IMG-20191111-WA0012-1024x768.jpg 1024w, https:\/\/www.fundacionmarista.org.ar\/site\/wp-content\/uploads\/2019\/11\/IMG-20191111-WA0012-300x225.jpg 300w, https:\/\/www.fundacionmarista.org.ar\/site\/wp-content\/uploads\/2019\/11\/IMG-20191111-WA0012-768x576.jpg 768w, https:\/\/www.fundacionmarista.org.ar\/site\/wp-content\/uploads\/2019\/11\/IMG-20191111-WA0012-74x55.jpg 74w, https:\/\/www.fundacionmarista.org.ar\/site\/wp-content\/uploads\/2019\/11\/IMG-20191111-WA0012-111x83.jpg 111w, https:\/\/www.fundacionmarista.org.ar\/site\/wp-content\/uploads\/2019\/11\/IMG-20191111-WA0012-215x161.jpg 215w, https:\/\/www.fundacionmarista.org.ar\/site\/wp-content\/uploads\/2019\/11\/IMG-20191111-WA0012-990x743.jpg 990w, https:\/\/www.fundacionmarista.org.ar\/site\/wp-content\/uploads\/2019\/11\/IMG-20191111-WA0012-640x480.jpg 640w, https:\/\/www.fundacionmarista.org.ar\/site\/wp-content\/uploads\/2019\/11\/IMG-20191111-WA0012.jpg 1280w\" sizes=\"auto, (max-width: 1024px) 100vw, 1024px\" \/><\/figure>\n","protected":false},"excerpt":{"rendered":"<p>En noviembre, el Centro Educativo Comunitario Champagnat de Los T\u00e1banos, Tigre, est\u00e1 celebrando sus primeros 35 a\u00f1os. \u00a1Y lo celebramos con ellos! Raquel P\u00e9rez S\u00e1nchez, coordinadora del Centro, y un equipo animoso e incansable, atienden todos los d\u00edas a 120 ni\u00f1as y&nbsp; ni\u00f1os a quienes brindan cari\u00f1o, atenci\u00f3n, desayuno y merienda, y apoyo escolar. Junto [&hellip;]<\/p>\n","protected":false},"author":4,"featured_media":2133,"comment_status":"open","ping_status":"open","sticky":false,"template":"","format":"standard","meta":{"footnotes":""},"categories":[1],"tags":[],"class_list":["post-2131","post","type-post","status-publish","format-standard","has-post-thumbnail","hentry","category-ultimas"],"rttpg_featured_image_url":{"full":["https:\/\/www.fundacionmarista.org.ar\/site\/wp-content\/uploads\/2019\/11\/IMG-20191111-WA0011.jpg",1280,960,false],"landscape":["https:\/\/www.fundacionmarista.org.ar\/site\/wp-content\/uploads\/2019\/11\/IMG-20191111-WA0011.jpg",1280,960,false],"portraits":["https:\/\/www.fundacionmarista.org.ar\/site\/wp-content\/uploads\/2019\/11\/IMG-20191111-WA0011.jpg",1280,960,false],"thumbnail":["https:\/\/www.fundacionmarista.org.ar\/site\/wp-content\/uploads\/2019\/11\/IMG-20191111-WA0011-150x150.jpg",150,150,true],"medium":["https:\/\/www.fundacionmarista.org.ar\/site\/wp-content\/uploads\/2019\/11\/IMG-20191111-WA0011-300x225.jpg",300,225,true],"large":["https:\/\/www.fundacionmarista.org.ar\/site\/wp-content\/uploads\/2019\/11\/IMG-20191111-WA0011-1024x768.jpg",1024,768,true],"1536x1536":["https:\/\/www.fundacionmarista.org.ar\/site\/wp-content\/uploads\/2019\/11\/IMG-20191111-WA0011.jpg",1280,960,false],"2048x2048":["https:\/\/www.fundacionmarista.org.ar\/site\/wp-content\/uploads\/2019\/11\/IMG-20191111-WA0011.jpg",1280,960,false],"wp_review_large":["https:\/\/www.fundacionmarista.org.ar\/site\/wp-content\/uploads\/2019\/11\/IMG-20191111-WA0011-320x200.jpg",320,200,true],"wp_review_small":["https:\/\/www.fundacionmarista.org.ar\/site\/wp-content\/uploads\/2019\/11\/IMG-20191111-WA0011-65x65.jpg",65,65,true],"herald-lay-a":["https:\/\/www.fundacionmarista.org.ar\/site\/wp-content\/uploads\/2019\/11\/IMG-20191111-WA0011-990x556.jpg",990,556,true],"herald-lay-a-full":["https:\/\/www.fundacionmarista.org.ar\/site\/wp-content\/uploads\/2019\/11\/IMG-20191111-WA0011-1280x742.jpg",1280,742,true],"herald-lay-b":["https:\/\/www.fundacionmarista.org.ar\/site\/wp-content\/uploads\/2019\/11\/IMG-20191111-WA0011-470x264.jpg",470,264,true],"herald-lay-b-full":["https:\/\/www.fundacionmarista.org.ar\/site\/wp-content\/uploads\/2019\/11\/IMG-20191111-WA0011-640x360.jpg",640,360,true],"herald-lay-b1":["https:\/\/www.fundacionmarista.org.ar\/site\/wp-content\/uploads\/2019\/11\/IMG-20191111-WA0011-300x200.jpg",300,200,true],"herald-lay-b1-full":["https:\/\/www.fundacionmarista.org.ar\/site\/wp-content\/uploads\/2019\/11\/IMG-20191111-WA0011-414x276.jpg",414,276,true],"herald-lay-c1":["https:\/\/www.fundacionmarista.org.ar\/site\/wp-content\/uploads\/2019\/11\/IMG-20191111-WA0011-470x313.jpg",470,313,true],"herald-lay-c1-full":["https:\/\/www.fundacionmarista.org.ar\/site\/wp-content\/uploads\/2019\/11\/IMG-20191111-WA0011-640x426.jpg",640,426,true],"herald-lay-d":["https:\/\/www.fundacionmarista.org.ar\/site\/wp-content\/uploads\/2019\/11\/IMG-20191111-WA0011-215x120.jpg",215,120,true],"herald-lay-d-full":["https:\/\/www.fundacionmarista.org.ar\/site\/wp-content\/uploads\/2019\/11\/IMG-20191111-WA0011-300x168.jpg",300,168,true],"herald-lay-d1":["https:\/\/www.fundacionmarista.org.ar\/site\/wp-content\/uploads\/2019\/11\/IMG-20191111-WA0011-130x86.jpg",130,86,true],"herald-lay-d1-full":["https:\/\/www.fundacionmarista.org.ar\/site\/wp-content\/uploads\/2019\/11\/IMG-20191111-WA0011-187x124.jpg",187,124,true],"herald-lay-f":["https:\/\/www.fundacionmarista.org.ar\/site\/wp-content\/uploads\/2019\/11\/IMG-20191111-WA0011-300x168.jpg",300,168,true],"herald-lay-f-full":["https:\/\/www.fundacionmarista.org.ar\/site\/wp-content\/uploads\/2019\/11\/IMG-20191111-WA0011-414x232.jpg",414,232,true],"herald-lay-g1":["https:\/\/www.fundacionmarista.org.ar\/site\/wp-content\/uploads\/2019\/11\/IMG-20191111-WA0011-74x55.jpg",74,55,true],"herald-lay-g1-full":["https:\/\/www.fundacionmarista.org.ar\/site\/wp-content\/uploads\/2019\/11\/IMG-20191111-WA0011-111x83.jpg",111,83,true],"herald-lay-i-full":["https:\/\/www.fundacionmarista.org.ar\/site\/wp-content\/uploads\/2019\/11\/IMG-20191111-WA0011-300x168.jpg",300,168,true],"herald-lay-i1":["https:\/\/www.fundacionmarista.org.ar\/site\/wp-content\/uploads\/2019\/11\/IMG-20191111-WA0011-215x161.jpg",215,161,true],"herald-lay-i1-full":["https:\/\/www.fundacionmarista.org.ar\/site\/wp-content\/uploads\/2019\/11\/IMG-20191111-WA0011-300x225.jpg",300,225,true],"herald-lay-single":["https:\/\/www.fundacionmarista.org.ar\/site\/wp-content\/uploads\/2019\/11\/IMG-20191111-WA0011-990x743.jpg",990,743,true],"herald-lay-single-full":["https:\/\/www.fundacionmarista.org.ar\/site\/wp-content\/uploads\/2019\/11\/IMG-20191111-WA0011.jpg",1280,960,false],"herald-lay-page":["https:\/\/www.fundacionmarista.org.ar\/site\/wp-content\/uploads\/2019\/11\/IMG-20191111-WA0011-990x743.jpg",990,743,true],"herald-lay-page-full":["https:\/\/www.fundacionmarista.org.ar\/site\/wp-content\/uploads\/2019\/11\/IMG-20191111-WA0011.jpg",1280,960,false],"herald-lay-fa1":["https:\/\/www.fundacionmarista.org.ar\/site\/wp-content\/uploads\/2019\/11\/IMG-20191111-WA0011-434x420.jpg",434,420,true],"herald-lay-fa1-full":["https:\/\/www.fundacionmarista.org.ar\/site\/wp-content\/uploads\/2019\/11\/IMG-20191111-WA0011-550x520.jpg",550,520,true],"herald-lay-fa3-big":["https:\/\/www.fundacionmarista.org.ar\/site\/wp-content\/uploads\/2019\/11\/IMG-20191111-WA0011-459x420.jpg",459,420,true],"herald-lay-fa3-big-full":["https:\/\/www.fundacionmarista.org.ar\/site\/wp-content\/uploads\/2019\/11\/IMG-20191111-WA0011-559x520.jpg",559,520,true],"herald-lay-fa3-small":["https:\/\/www.fundacionmarista.org.ar\/site\/wp-content\/uploads\/2019\/11\/IMG-20191111-WA0011-260x210.jpg",260,210,true],"herald-lay-fa3-small-full":["https:\/\/www.fundacionmarista.org.ar\/site\/wp-content\/uploads\/2019\/11\/IMG-20191111-WA0011-379x259.jpg",379,259,true],"herald-lay-fa5":["https:\/\/www.fundacionmarista.org.ar\/site\/wp-content\/uploads\/2019\/11\/IMG-20191111-WA0011-980x420.jpg",980,420,true],"herald-lay-fa5-full":["https:\/\/www.fundacionmarista.org.ar\/site\/wp-content\/uploads\/2019\/11\/IMG-20191111-WA0011-1280x520.jpg",1280,520,true],"awpcp-thumbnail":["https:\/\/www.fundacionmarista.org.ar\/site\/wp-content\/uploads\/2019\/11\/IMG-20191111-WA0011-125x125.jpg",125,125,true],"awpcp-featured":["https:\/\/www.fundacionmarista.org.ar\/site\/wp-content\/uploads\/2019\/11\/IMG-20191111-WA0011-200x200.jpg",200,200,true],"awpcp-featured-on-lists":["https:\/\/www.fundacionmarista.org.ar\/site\/wp-content\/uploads\/2019\/11\/IMG-20191111-WA0011-80x80.jpg",80,80,true],"awpcp-large":["https:\/\/www.fundacionmarista.org.ar\/site\/wp-content\/uploads\/2019\/11\/IMG-20191111-WA0011-640x480.jpg",640,480,true]},"rttpg_author":{"display_name":"Comunicaci\u00f3n","author_link":"https:\/\/www.fundacionmarista.org.ar\/site\/author\/mrilo\/"},"rttpg_comment":0,"rttpg_category":"<a href=\"https:\/\/www.fundacionmarista.org.ar\/site\/category\/ultimas\/\" rel=\"category tag\">Ultimas Noticias<\/a>","rttpg_excerpt":"En noviembre, el Centro Educativo Comunitario Champagnat de Los T\u00e1banos, Tigre, est\u00e1 celebrando sus primeros 35 a\u00f1os. \u00a1Y lo celebramos con ellos! Raquel P\u00e9rez S\u00e1nchez, coordinadora del Centro, y un equipo animoso e incansable, atienden todos los d\u00edas a 120 ni\u00f1as y&nbsp; ni\u00f1os a quienes brindan cari\u00f1o, atenci\u00f3n, desayuno y merienda, y apoyo escolar. Junto&hellip;","_links":{"self":[{"href":"https:\/\/www.fundacionmarista.org.ar\/site\/wp-json\/wp\/v2\/posts\/2131","targetHints":{"allow":["GET"]}}],"collection":[{"href":"https:\/\/www.fundacionmarista.org.ar\/site\/wp-json\/wp\/v2\/posts"}],"about":[{"href":"https:\/\/www.fundacionmarista.org.ar\/site\/wp-json\/wp\/v2\/types\/post"}],"author":[{"embeddable":true,"href":"https:\/\/www.fundacionmarista.org.ar\/site\/wp-json\/wp\/v2\/users\/4"}],"replies":[{"embeddable":true,"href":"https:\/\/www.fundacionmarista.org.ar\/site\/wp-json\/wp\/v2\/comments?post=2131"}],"version-history":[{"count":1,"href":"https:\/\/www.fundacionmarista.org.ar\/site\/wp-json\/wp\/v2\/posts\/2131\/revisions"}],"predecessor-version":[{"id":2136,"href":"https:\/\/www.fundacionmarista.org.ar\/site\/wp-json\/wp\/v2\/posts\/2131\/revisions\/2136"}],"wp:featuredmedia":[{"embeddable":true,"href":"https:\/\/www.fundacionmarista.org.ar\/site\/wp-json\/wp\/v2\/media\/2133"}],"wp:attachment":[{"href":"https:\/\/www.fundacionmarista.org.ar\/site\/wp-json\/wp\/v2\/media?parent=2131"}],"wp:term":[{"taxonomy":"category","embeddable":true,"href":"https:\/\/www.fundacionmarista.org.ar\/site\/wp-json\/wp\/v2\/categories?post=2131"},{"taxonomy":"post_tag","embeddable":true,"href":"https:\/\/www.fundacionmarista.org.ar\/site\/wp-json\/wp\/v2\/tags?post=2131"}],"curies":[{"name":"wp","href":"https:\/\/api.w.org\/{rel}","templated":true}]}}