{"id":2143,"date":"2019-12-23T14:05:31","date_gmt":"2019-12-23T17:05:31","guid":{"rendered":"http:\/\/www.fundacionmarista.org.ar\/site\/?p=2143"},"modified":"2019-12-23T14:05:33","modified_gmt":"2019-12-23T17:05:33","slug":"la-fundacion-marista-cumplio-25-anos","status":"publish","type":"post","link":"https:\/\/www.fundacionmarista.org.ar\/site\/2019\/12\/23\/la-fundacion-marista-cumplio-25-anos\/","title":{"rendered":"LA FUNDACI\u00d3N MARISTA CUMPLI\u00d3 25 A\u00d1OS"},"content":{"rendered":"\n<p>Cumpli\u00f3 25 a\u00f1os de\nexistencia la Fundaci\u00f3n Marista, una comunidad de trabajo que cada d\u00eda suma\nesfuerzos para que muchos ni\u00f1os, ni\u00f1as, adolescentes y j\u00f3venes, especialmente\nlos m\u00e1s desprotegidos, puedan alcanzar su m\u00e1ximo desarrollo personal a trav\u00e9s\nde su educaci\u00f3n y de su promoci\u00f3n social. <\/p>\n\n\n\n<p>Fue en diciembre de 1994 que inici\u00f3 su andadura\nbajo la denominaci\u00f3n de \u00abFundaci\u00f3n MarCha\u00bb, evocando a San Marcelino Champagnat\ny anhelando ser <em>una herramienta eficaz de\nla solidaridad marista.&nbsp; <\/em><\/p>\n\n\n\n<p>Por iniciativa del Hno. Amelio Carducci, nace en el seno del Colegio Champagnat de Buenos Aires otorgando un marco jur\u00eddico-legal al intenso trabajo solidario a favor de los m\u00e1s vulnerables que llevaba a cabo un numeroso grupo de padres y alumnos de la instituci\u00f3n.<\/p>\n\n\n\n<figure class=\"wp-block-image\"><img loading=\"lazy\" decoding=\"async\" width=\"1280\" height=\"960\" src=\"http:\/\/www.fundacionmarista.org.ar\/site\/wp-content\/uploads\/2019\/12\/IMG-20191209-WA0041.jpg\" alt=\"\" class=\"wp-image-2145\"\/><\/figure>\n\n\n\n<p>Desde el comienzo, el Hno.\nAmelio, su fundador y creador, consigui\u00f3 el apoyo de padrinos y colaboradores y\nbusc\u00f3 extender la acci\u00f3n solidaria m\u00e1s all\u00e1 de la Capital Federal.\nConcretamente la enfoc\u00f3 hacia lugares del Conurbano bonaerense y hacia otros\nm\u00e1s alejados: la Isla del R\u00edo Diamante, barrio perif\u00e9rico de San Rafael,\nMendoza, y Calilegua, Jujuy, en este caso hacia el \u201cTaller Fernandito\u201d\ndestinado a ni\u00f1os y ni\u00f1as con capacidades diferentes.<\/p>\n\n\n\n<p>En el a\u00f1o 2000, las Comisiones de\nSolidaridad de las entonces Provincias Maristas de R\u00edo de La Plata y C\u00f3rdoba \u2500que\nven\u00edan trabajando en red desde hac\u00eda varios a\u00f1os\u2500 deciden enmarcar sus\nproyectos solidarios aprovechando las posibilidades que puede brindarles una\nFundaci\u00f3n como MarCha. <\/p>\n\n\n\n<p>Tras el cambio de nombre, por\nActa interna del 5 de octubre de 2000, la Fundaci\u00f3n MarCha pasa a denominarse <strong><em>Fundaci\u00f3n\nMarista<\/em><\/strong>y queda registrada\ncomo tal ante la Inspecci\u00f3n General de Justicia el 4 de diciembre de 2000 bajo\nresoluci\u00f3n 001364.<\/p>\n\n\n\n<p>El 14 de junio de 2004, el Consejo de Administraci\u00f3n de la <em>Fundaci\u00f3n Marista <\/em>aprueba una \u201c<em>modificaci\u00f3n sustancial de los Estatutos\nfundacionales elaborada y proyectada sobre la base de estudios, consultas y\nreuniones de trabajo\u201d. <\/em><\/p>\n\n\n\n<p>B\u00e1sicamente se buscaba asegurar estatutariamente que la <em>Fundaci\u00f3n<\/em> se mantuviera fiel al esp\u00edritu\nmarista, se inspirara siempre en la misi\u00f3n de la Congregaci\u00f3n de los Hermanos\nMaristas y asumiera como propio el contenido de dicha misi\u00f3n, el mandato, el\ncarisma y los criterios de actuaci\u00f3n (Cfr. Art\u00b0 2 de los <em>Estatutos de la Fundaci\u00f3n<\/em>).<\/p>\n\n\n\n<p>Por todos los anhelos\ny los logros obtenidos a lo largo de estos 25 a\u00f1os, siempre al amparo de Jes\u00fas,\nde San Marcelino y de la Buena Madre, para hacer memoria&nbsp; y honrarla, y seguir alentando sue\u00f1os y\nEsperanza, la <em>Fundaci\u00f3n Marista<\/em>\nconvoc\u00f3 en un almuerzo fraterno a los Hermanos de la Congregaci\u00f3n vinculados a\nsu historia, al Consejo de Administraci\u00f3n, al Equipo de trabajo y a algunos de los\nintegrantes de los Centros Educativos Comunitarios m\u00e1s cercanos.<em>Damos gracias&nbsp; a\nDios por el don recibido.<\/em><\/p>\n","protected":false},"excerpt":{"rendered":"<p>Cumpli\u00f3 25 a\u00f1os de existencia la Fundaci\u00f3n Marista, una comunidad de trabajo que cada d\u00eda suma esfuerzos para que muchos ni\u00f1os, ni\u00f1as, adolescentes y j\u00f3venes, especialmente los m\u00e1s desprotegidos, puedan alcanzar su m\u00e1ximo desarrollo personal a trav\u00e9s de su educaci\u00f3n y de su promoci\u00f3n social. Fue en diciembre de 1994 que inici\u00f3 su andadura bajo [&hellip;]<\/p>\n","protected":false},"author":4,"featured_media":2146,"comment_status":"open","ping_status":"open","sticky":false,"template":"","format":"standard","meta":{"footnotes":""},"categories":[1],"tags":[],"class_list":["post-2143","post","type-post","status-publish","format-standard","has-post-thumbnail","hentry","category-ultimas"],"rttpg_featured_image_url":{"full":["https:\/\/www.fundacionmarista.org.ar\/site\/wp-content\/uploads\/2019\/12\/25-a\u00f1os-fundacion1.jpg",1280,960,false],"landscape":["https:\/\/www.fundacionmarista.org.ar\/site\/wp-content\/uploads\/2019\/12\/25-a\u00f1os-fundacion1.jpg",1280,960,false],"portraits":["https:\/\/www.fundacionmarista.org.ar\/site\/wp-content\/uploads\/2019\/12\/25-a\u00f1os-fundacion1.jpg",1280,960,false],"thumbnail":["https:\/\/www.fundacionmarista.org.ar\/site\/wp-content\/uploads\/2019\/12\/25-a\u00f1os-fundacion1.jpg",150,113,false],"medium":["https:\/\/www.fundacionmarista.org.ar\/site\/wp-content\/uploads\/2019\/12\/25-a\u00f1os-fundacion1.jpg",300,225,false],"large":["https:\/\/www.fundacionmarista.org.ar\/site\/wp-content\/uploads\/2019\/12\/25-a\u00f1os-fundacion1.jpg",1024,768,false],"1536x1536":["https:\/\/www.fundacionmarista.org.ar\/site\/wp-content\/uploads\/2019\/12\/25-a\u00f1os-fundacion1.jpg",1280,960,false],"2048x2048":["https:\/\/www.fundacionmarista.org.ar\/site\/wp-content\/uploads\/2019\/12\/25-a\u00f1os-fundacion1.jpg",1280,960,false],"wp_review_large":["https:\/\/www.fundacionmarista.org.ar\/site\/wp-content\/uploads\/2019\/12\/25-a\u00f1os-fundacion1.jpg",267,200,false],"wp_review_small":["https:\/\/www.fundacionmarista.org.ar\/site\/wp-content\/uploads\/2019\/12\/25-a\u00f1os-fundacion1.jpg",65,49,false],"herald-lay-a":["https:\/\/www.fundacionmarista.org.ar\/site\/wp-content\/uploads\/2019\/12\/25-a\u00f1os-fundacion1.jpg",741,556,false],"herald-lay-a-full":["https:\/\/www.fundacionmarista.org.ar\/site\/wp-content\/uploads\/2019\/12\/25-a\u00f1os-fundacion1.jpg",989,742,false],"herald-lay-b":["https:\/\/www.fundacionmarista.org.ar\/site\/wp-content\/uploads\/2019\/12\/25-a\u00f1os-fundacion1.jpg",352,264,false],"herald-lay-b-full":["https:\/\/www.fundacionmarista.org.ar\/site\/wp-content\/uploads\/2019\/12\/25-a\u00f1os-fundacion1.jpg",480,360,false],"herald-lay-b1":["https:\/\/www.fundacionmarista.org.ar\/site\/wp-content\/uploads\/2019\/12\/25-a\u00f1os-fundacion1.jpg",267,200,false],"herald-lay-b1-full":["https:\/\/www.fundacionmarista.org.ar\/site\/wp-content\/uploads\/2019\/12\/25-a\u00f1os-fundacion1.jpg",368,276,false],"herald-lay-c1":["https:\/\/www.fundacionmarista.org.ar\/site\/wp-content\/uploads\/2019\/12\/25-a\u00f1os-fundacion1.jpg",417,313,false],"herald-lay-c1-full":["https:\/\/www.fundacionmarista.org.ar\/site\/wp-content\/uploads\/2019\/12\/25-a\u00f1os-fundacion1.jpg",568,426,false],"herald-lay-d":["https:\/\/www.fundacionmarista.org.ar\/site\/wp-content\/uploads\/2019\/12\/25-a\u00f1os-fundacion1.jpg",160,120,false],"herald-lay-d-full":["https:\/\/www.fundacionmarista.org.ar\/site\/wp-content\/uploads\/2019\/12\/25-a\u00f1os-fundacion1.jpg",224,168,false],"herald-lay-d1":["https:\/\/www.fundacionmarista.org.ar\/site\/wp-content\/uploads\/2019\/12\/25-a\u00f1os-fundacion1.jpg",115,86,false],"herald-lay-d1-full":["https:\/\/www.fundacionmarista.org.ar\/site\/wp-content\/uploads\/2019\/12\/25-a\u00f1os-fundacion1.jpg",165,124,false],"herald-lay-f":["https:\/\/www.fundacionmarista.org.ar\/site\/wp-content\/uploads\/2019\/12\/25-a\u00f1os-fundacion1.jpg",224,168,false],"herald-lay-f-full":["https:\/\/www.fundacionmarista.org.ar\/site\/wp-content\/uploads\/2019\/12\/25-a\u00f1os-fundacion1.jpg",309,232,false],"herald-lay-g1":["https:\/\/www.fundacionmarista.org.ar\/site\/wp-content\/uploads\/2019\/12\/25-a\u00f1os-fundacion1.jpg",74,55,false],"herald-lay-g1-full":["https:\/\/www.fundacionmarista.org.ar\/site\/wp-content\/uploads\/2019\/12\/25-a\u00f1os-fundacion1.jpg",111,83,false],"herald-lay-i-full":["https:\/\/www.fundacionmarista.org.ar\/site\/wp-content\/uploads\/2019\/12\/25-a\u00f1os-fundacion1.jpg",224,168,false],"herald-lay-i1":["https:\/\/www.fundacionmarista.org.ar\/site\/wp-content\/uploads\/2019\/12\/25-a\u00f1os-fundacion1.jpg",215,161,false],"herald-lay-i1-full":["https:\/\/www.fundacionmarista.org.ar\/site\/wp-content\/uploads\/2019\/12\/25-a\u00f1os-fundacion1.jpg",300,225,false],"herald-lay-single":["https:\/\/www.fundacionmarista.org.ar\/site\/wp-content\/uploads\/2019\/12\/25-a\u00f1os-fundacion1.jpg",990,743,false],"herald-lay-single-full":["https:\/\/www.fundacionmarista.org.ar\/site\/wp-content\/uploads\/2019\/12\/25-a\u00f1os-fundacion1.jpg",1280,960,false],"herald-lay-page":["https:\/\/www.fundacionmarista.org.ar\/site\/wp-content\/uploads\/2019\/12\/25-a\u00f1os-fundacion1.jpg",990,743,false],"herald-lay-page-full":["https:\/\/www.fundacionmarista.org.ar\/site\/wp-content\/uploads\/2019\/12\/25-a\u00f1os-fundacion1.jpg",1280,960,false],"herald-lay-fa1":["https:\/\/www.fundacionmarista.org.ar\/site\/wp-content\/uploads\/2019\/12\/25-a\u00f1os-fundacion1.jpg",434,326,false],"herald-lay-fa1-full":["https:\/\/www.fundacionmarista.org.ar\/site\/wp-content\/uploads\/2019\/12\/25-a\u00f1os-fundacion1.jpg",550,413,false],"herald-lay-fa3-big":["https:\/\/www.fundacionmarista.org.ar\/site\/wp-content\/uploads\/2019\/12\/25-a\u00f1os-fundacion1.jpg",459,344,false],"herald-lay-fa3-big-full":["https:\/\/www.fundacionmarista.org.ar\/site\/wp-content\/uploads\/2019\/12\/25-a\u00f1os-fundacion1.jpg",559,419,false],"herald-lay-fa3-small":["https:\/\/www.fundacionmarista.org.ar\/site\/wp-content\/uploads\/2019\/12\/25-a\u00f1os-fundacion1.jpg",260,195,false],"herald-lay-fa3-small-full":["https:\/\/www.fundacionmarista.org.ar\/site\/wp-content\/uploads\/2019\/12\/25-a\u00f1os-fundacion1.jpg",345,259,false],"herald-lay-fa5":["https:\/\/www.fundacionmarista.org.ar\/site\/wp-content\/uploads\/2019\/12\/25-a\u00f1os-fundacion1.jpg",560,420,false],"herald-lay-fa5-full":["https:\/\/www.fundacionmarista.org.ar\/site\/wp-content\/uploads\/2019\/12\/25-a\u00f1os-fundacion1.jpg",693,520,false],"awpcp-thumbnail":["https:\/\/www.fundacionmarista.org.ar\/site\/wp-content\/uploads\/2019\/12\/25-a\u00f1os-fundacion1.jpg",125,94,false],"awpcp-featured":["https:\/\/www.fundacionmarista.org.ar\/site\/wp-content\/uploads\/2019\/12\/25-a\u00f1os-fundacion1.jpg",200,150,false],"awpcp-featured-on-lists":["https:\/\/www.fundacionmarista.org.ar\/site\/wp-content\/uploads\/2019\/12\/25-a\u00f1os-fundacion1.jpg",80,60,false],"awpcp-large":["https:\/\/www.fundacionmarista.org.ar\/site\/wp-content\/uploads\/2019\/12\/25-a\u00f1os-fundacion1.jpg",640,480,false]},"rttpg_author":{"display_name":"Comunicaci\u00f3n","author_link":"https:\/\/www.fundacionmarista.org.ar\/site\/author\/mrilo\/"},"rttpg_comment":0,"rttpg_category":"<a href=\"https:\/\/www.fundacionmarista.org.ar\/site\/category\/ultimas\/\" rel=\"category tag\">Ultimas Noticias<\/a>","rttpg_excerpt":"Cumpli\u00f3 25 a\u00f1os de existencia la Fundaci\u00f3n Marista, una comunidad de trabajo que cada d\u00eda suma esfuerzos para que muchos ni\u00f1os, ni\u00f1as, adolescentes y j\u00f3venes, especialmente los m\u00e1s desprotegidos, puedan alcanzar su m\u00e1ximo desarrollo personal a trav\u00e9s de su educaci\u00f3n y de su promoci\u00f3n social. Fue en diciembre de 1994 que inici\u00f3 su andadura bajo&hellip;","_links":{"self":[{"href":"https:\/\/www.fundacionmarista.org.ar\/site\/wp-json\/wp\/v2\/posts\/2143","targetHints":{"allow":["GET"]}}],"collection":[{"href":"https:\/\/www.fundacionmarista.org.ar\/site\/wp-json\/wp\/v2\/posts"}],"about":[{"href":"https:\/\/www.fundacionmarista.org.ar\/site\/wp-json\/wp\/v2\/types\/post"}],"author":[{"embeddable":true,"href":"https:\/\/www.fundacionmarista.org.ar\/site\/wp-json\/wp\/v2\/users\/4"}],"replies":[{"embeddable":true,"href":"https:\/\/www.fundacionmarista.org.ar\/site\/wp-json\/wp\/v2\/comments?post=2143"}],"version-history":[{"count":1,"href":"https:\/\/www.fundacionmarista.org.ar\/site\/wp-json\/wp\/v2\/posts\/2143\/revisions"}],"predecessor-version":[{"id":2147,"href":"https:\/\/www.fundacionmarista.org.ar\/site\/wp-json\/wp\/v2\/posts\/2143\/revisions\/2147"}],"wp:featuredmedia":[{"embeddable":true,"href":"https:\/\/www.fundacionmarista.org.ar\/site\/wp-json\/wp\/v2\/media\/2146"}],"wp:attachment":[{"href":"https:\/\/www.fundacionmarista.org.ar\/site\/wp-json\/wp\/v2\/media?parent=2143"}],"wp:term":[{"taxonomy":"category","embeddable":true,"href":"https:\/\/www.fundacionmarista.org.ar\/site\/wp-json\/wp\/v2\/categories?post=2143"},{"taxonomy":"post_tag","embeddable":true,"href":"https:\/\/www.fundacionmarista.org.ar\/site\/wp-json\/wp\/v2\/tags?post=2143"}],"curies":[{"name":"wp","href":"https:\/\/api.w.org\/{rel}","templated":true}]}}