{"id":2149,"date":"2020-02-21T11:23:29","date_gmt":"2020-02-21T14:23:29","guid":{"rendered":"http:\/\/www.fundacionmarista.org.ar\/site\/?p=2149"},"modified":"2020-02-21T11:23:31","modified_gmt":"2020-02-21T14:23:31","slug":"programa-de-becas-potenciamos-tu-talento","status":"publish","type":"post","link":"https:\/\/www.fundacionmarista.org.ar\/site\/2020\/02\/21\/programa-de-becas-potenciamos-tu-talento\/","title":{"rendered":"Programa de Becas &#8220;Potenciamos tu Talento&#8221;"},"content":{"rendered":"\n<p>La fundaci\u00f3n Marista en conjunto con el banco Galicia viene desarrollando desde hace varios a\u00f1os el programa de becas \u201cpotenciamos tu talento\u201d.<\/p>\n\n\n\n<p>El mismo otorga una ayuda econ\u00f3mica que alienta a los j\u00f3venes a seguir sus estudios superiores acompa\u00f1ados de un tutor que los gu\u00eda y colabora en sus actividades universitarias.<\/p>\n\n\n\n<p>En este 2020, los nuevos becados fueron dos ex alumnos del Colegio Macnab Bernal Hermanos Marista de Villa Lugano.<\/p>\n\n\n\n<p>Por esto expresamos nuestro contento, ya que creemos que la educaci\u00f3n es el camino que permite a los j\u00f3venes la realizaci\u00f3n de sus sue\u00f1os. Adem\u00e1s agradecemos al banco Galicia la creaci\u00f3n de estos espacios.<\/p>\n","protected":false},"excerpt":{"rendered":"<p>La fundaci\u00f3n Marista en conjunto con el banco Galicia viene desarrollando desde hace varios a\u00f1os el programa de becas \u201cpotenciamos tu talento\u201d. El mismo otorga una ayuda econ\u00f3mica que alienta a los j\u00f3venes a seguir sus estudios superiores acompa\u00f1ados de un tutor que los gu\u00eda y colabora en sus actividades universitarias. En este 2020, los [&hellip;]<\/p>\n","protected":false},"author":4,"featured_media":2151,"comment_status":"open","ping_status":"open","sticky":false,"template":"","format":"standard","meta":{"footnotes":""},"categories":[1],"tags":[],"class_list":["post-2149","post","type-post","status-publish","format-standard","has-post-thumbnail","hentry","category-ultimas"],"rttpg_featured_image_url":{"full":["https:\/\/www.fundacionmarista.org.ar\/site\/wp-content\/uploads\/2020\/02\/fundgalicia.jpg",700,486,false],"landscape":["https:\/\/www.fundacionmarista.org.ar\/site\/wp-content\/uploads\/2020\/02\/fundgalicia.jpg",700,486,false],"portraits":["https:\/\/www.fundacionmarista.org.ar\/site\/wp-content\/uploads\/2020\/02\/fundgalicia.jpg",700,486,false],"thumbnail":["https:\/\/www.fundacionmarista.org.ar\/site\/wp-content\/uploads\/2020\/02\/fundgalicia.jpg",150,104,false],"medium":["https:\/\/www.fundacionmarista.org.ar\/site\/wp-content\/uploads\/2020\/02\/fundgalicia.jpg",300,208,false],"large":["https:\/\/www.fundacionmarista.org.ar\/site\/wp-content\/uploads\/2020\/02\/fundgalicia.jpg",700,486,false],"1536x1536":["https:\/\/www.fundacionmarista.org.ar\/site\/wp-content\/uploads\/2020\/02\/fundgalicia.jpg",700,486,false],"2048x2048":["https:\/\/www.fundacionmarista.org.ar\/site\/wp-content\/uploads\/2020\/02\/fundgalicia.jpg",700,486,false],"wp_review_large":["https:\/\/www.fundacionmarista.org.ar\/site\/wp-content\/uploads\/2020\/02\/fundgalicia.jpg",288,200,false],"wp_review_small":["https:\/\/www.fundacionmarista.org.ar\/site\/wp-content\/uploads\/2020\/02\/fundgalicia.jpg",65,45,false],"herald-lay-a":["https:\/\/www.fundacionmarista.org.ar\/site\/wp-content\/uploads\/2020\/02\/fundgalicia.jpg",700,486,false],"herald-lay-a-full":["https:\/\/www.fundacionmarista.org.ar\/site\/wp-content\/uploads\/2020\/02\/fundgalicia.jpg",700,486,false],"herald-lay-b":["https:\/\/www.fundacionmarista.org.ar\/site\/wp-content\/uploads\/2020\/02\/fundgalicia.jpg",380,264,false],"herald-lay-b-full":["https:\/\/www.fundacionmarista.org.ar\/site\/wp-content\/uploads\/2020\/02\/fundgalicia.jpg",519,360,false],"herald-lay-b1":["https:\/\/www.fundacionmarista.org.ar\/site\/wp-content\/uploads\/2020\/02\/fundgalicia.jpg",288,200,false],"herald-lay-b1-full":["https:\/\/www.fundacionmarista.org.ar\/site\/wp-content\/uploads\/2020\/02\/fundgalicia.jpg",398,276,false],"herald-lay-c1":["https:\/\/www.fundacionmarista.org.ar\/site\/wp-content\/uploads\/2020\/02\/fundgalicia.jpg",451,313,false],"herald-lay-c1-full":["https:\/\/www.fundacionmarista.org.ar\/site\/wp-content\/uploads\/2020\/02\/fundgalicia.jpg",614,426,false],"herald-lay-d":["https:\/\/www.fundacionmarista.org.ar\/site\/wp-content\/uploads\/2020\/02\/fundgalicia.jpg",173,120,false],"herald-lay-d-full":["https:\/\/www.fundacionmarista.org.ar\/site\/wp-content\/uploads\/2020\/02\/fundgalicia.jpg",242,168,false],"herald-lay-d1":["https:\/\/www.fundacionmarista.org.ar\/site\/wp-content\/uploads\/2020\/02\/fundgalicia.jpg",124,86,false],"herald-lay-d1-full":["https:\/\/www.fundacionmarista.org.ar\/site\/wp-content\/uploads\/2020\/02\/fundgalicia.jpg",179,124,false],"herald-lay-f":["https:\/\/www.fundacionmarista.org.ar\/site\/wp-content\/uploads\/2020\/02\/fundgalicia.jpg",242,168,false],"herald-lay-f-full":["https:\/\/www.fundacionmarista.org.ar\/site\/wp-content\/uploads\/2020\/02\/fundgalicia.jpg",334,232,false],"herald-lay-g1":["https:\/\/www.fundacionmarista.org.ar\/site\/wp-content\/uploads\/2020\/02\/fundgalicia.jpg",74,51,false],"herald-lay-g1-full":["https:\/\/www.fundacionmarista.org.ar\/site\/wp-content\/uploads\/2020\/02\/fundgalicia.jpg",111,77,false],"herald-lay-i-full":["https:\/\/www.fundacionmarista.org.ar\/site\/wp-content\/uploads\/2020\/02\/fundgalicia.jpg",242,168,false],"herald-lay-i1":["https:\/\/www.fundacionmarista.org.ar\/site\/wp-content\/uploads\/2020\/02\/fundgalicia.jpg",215,149,false],"herald-lay-i1-full":["https:\/\/www.fundacionmarista.org.ar\/site\/wp-content\/uploads\/2020\/02\/fundgalicia.jpg",300,208,false],"herald-lay-single":["https:\/\/www.fundacionmarista.org.ar\/site\/wp-content\/uploads\/2020\/02\/fundgalicia.jpg",700,486,false],"herald-lay-single-full":["https:\/\/www.fundacionmarista.org.ar\/site\/wp-content\/uploads\/2020\/02\/fundgalicia.jpg",700,486,false],"herald-lay-page":["https:\/\/www.fundacionmarista.org.ar\/site\/wp-content\/uploads\/2020\/02\/fundgalicia.jpg",700,486,false],"herald-lay-page-full":["https:\/\/www.fundacionmarista.org.ar\/site\/wp-content\/uploads\/2020\/02\/fundgalicia.jpg",700,486,false],"herald-lay-fa1":["https:\/\/www.fundacionmarista.org.ar\/site\/wp-content\/uploads\/2020\/02\/fundgalicia.jpg",434,301,false],"herald-lay-fa1-full":["https:\/\/www.fundacionmarista.org.ar\/site\/wp-content\/uploads\/2020\/02\/fundgalicia.jpg",550,382,false],"herald-lay-fa3-big":["https:\/\/www.fundacionmarista.org.ar\/site\/wp-content\/uploads\/2020\/02\/fundgalicia.jpg",459,319,false],"herald-lay-fa3-big-full":["https:\/\/www.fundacionmarista.org.ar\/site\/wp-content\/uploads\/2020\/02\/fundgalicia.jpg",559,388,false],"herald-lay-fa3-small":["https:\/\/www.fundacionmarista.org.ar\/site\/wp-content\/uploads\/2020\/02\/fundgalicia.jpg",260,181,false],"herald-lay-fa3-small-full":["https:\/\/www.fundacionmarista.org.ar\/site\/wp-content\/uploads\/2020\/02\/fundgalicia.jpg",373,259,false],"herald-lay-fa5":["https:\/\/www.fundacionmarista.org.ar\/site\/wp-content\/uploads\/2020\/02\/fundgalicia.jpg",605,420,false],"herald-lay-fa5-full":["https:\/\/www.fundacionmarista.org.ar\/site\/wp-content\/uploads\/2020\/02\/fundgalicia.jpg",700,486,false],"awpcp-thumbnail":["https:\/\/www.fundacionmarista.org.ar\/site\/wp-content\/uploads\/2020\/02\/fundgalicia.jpg",125,87,false],"awpcp-featured":["https:\/\/www.fundacionmarista.org.ar\/site\/wp-content\/uploads\/2020\/02\/fundgalicia.jpg",200,139,false],"awpcp-featured-on-lists":["https:\/\/www.fundacionmarista.org.ar\/site\/wp-content\/uploads\/2020\/02\/fundgalicia.jpg",80,56,false],"awpcp-large":["https:\/\/www.fundacionmarista.org.ar\/site\/wp-content\/uploads\/2020\/02\/fundgalicia.jpg",640,444,false]},"rttpg_author":{"display_name":"Comunicaci\u00f3n","author_link":"https:\/\/www.fundacionmarista.org.ar\/site\/author\/mrilo\/"},"rttpg_comment":1,"rttpg_category":"<a href=\"https:\/\/www.fundacionmarista.org.ar\/site\/category\/ultimas\/\" rel=\"category tag\">Ultimas Noticias<\/a>","rttpg_excerpt":"La fundaci\u00f3n Marista en conjunto con el banco Galicia viene desarrollando desde hace varios a\u00f1os el programa de becas \u201cpotenciamos tu talento\u201d. El mismo otorga una ayuda econ\u00f3mica que alienta a los j\u00f3venes a seguir sus estudios superiores acompa\u00f1ados de un tutor que los gu\u00eda y colabora en sus actividades universitarias. En este 2020, los&hellip;","_links":{"self":[{"href":"https:\/\/www.fundacionmarista.org.ar\/site\/wp-json\/wp\/v2\/posts\/2149","targetHints":{"allow":["GET"]}}],"collection":[{"href":"https:\/\/www.fundacionmarista.org.ar\/site\/wp-json\/wp\/v2\/posts"}],"about":[{"href":"https:\/\/www.fundacionmarista.org.ar\/site\/wp-json\/wp\/v2\/types\/post"}],"author":[{"embeddable":true,"href":"https:\/\/www.fundacionmarista.org.ar\/site\/wp-json\/wp\/v2\/users\/4"}],"replies":[{"embeddable":true,"href":"https:\/\/www.fundacionmarista.org.ar\/site\/wp-json\/wp\/v2\/comments?post=2149"}],"version-history":[{"count":1,"href":"https:\/\/www.fundacionmarista.org.ar\/site\/wp-json\/wp\/v2\/posts\/2149\/revisions"}],"predecessor-version":[{"id":2152,"href":"https:\/\/www.fundacionmarista.org.ar\/site\/wp-json\/wp\/v2\/posts\/2149\/revisions\/2152"}],"wp:featuredmedia":[{"embeddable":true,"href":"https:\/\/www.fundacionmarista.org.ar\/site\/wp-json\/wp\/v2\/media\/2151"}],"wp:attachment":[{"href":"https:\/\/www.fundacionmarista.org.ar\/site\/wp-json\/wp\/v2\/media?parent=2149"}],"wp:term":[{"taxonomy":"category","embeddable":true,"href":"https:\/\/www.fundacionmarista.org.ar\/site\/wp-json\/wp\/v2\/categories?post=2149"},{"taxonomy":"post_tag","embeddable":true,"href":"https:\/\/www.fundacionmarista.org.ar\/site\/wp-json\/wp\/v2\/tags?post=2149"}],"curies":[{"name":"wp","href":"https:\/\/api.w.org\/{rel}","templated":true}]}}