{"id":2153,"date":"2020-02-28T07:58:09","date_gmt":"2020-02-28T10:58:09","guid":{"rendered":"http:\/\/www.fundacionmarista.org.ar\/site\/?p=2153"},"modified":"2020-03-02T16:51:18","modified_gmt":"2020-03-02T19:51:18","slug":"avanzan-las-obras-de-la-nueva-casa-marista-de-barrio-san-lorenzo-jujuy","status":"publish","type":"post","link":"https:\/\/www.fundacionmarista.org.ar\/site\/2020\/02\/28\/avanzan-las-obras-de-la-nueva-casa-marista-de-barrio-san-lorenzo-jujuy\/","title":{"rendered":"Avanzan las obras de la nueva Casa Marista de Barrio San Lorenzo, Jujuy"},"content":{"rendered":"\n<p><strong>Fundaci\u00f3n Marista contin\u00faa, con entusiasmo, las obras para la Casa Marista en el Barrio San Lorenzo, emplazado en Libertador Gral. San Mart\u00edn, Ledesma, Jujuy.<\/strong><\/p>\n\n\n\n<p>El compromiso que asumiera en octubre de 2019 expresa un sue\u00f1o por el que trabajan desde entonces para hacerlo espacio de encuentro en la fe, de obras y de vida compartida, puesto al servicio de toda la comunidad.&nbsp;<\/p>\n\n\n\n<p>Las reformas que se llevan a cabo en la Casa Marista procuran dar una respuesta integral a las actuales necesidades del barrio San Lorenzo, ubicado en el sector sudeste de la ciudad de Libertador Gral. San Mart\u00edn.&nbsp;<\/p>\n\n\n\n<p>Se extiende desde la ruta N\u00ba 34 hasta el Matadero Municipal y la caracter\u00edstica de los hogares que lo conforman es la carencia, con un ingreso por debajo de la l\u00ednea de pobreza.&nbsp; El barrio incluye familias pertenecientes a la comunidad de pueblos originarios de origen guaran\u00ed y quechua provenientes de barrios trasladados por la empresa Ledesma \u2018para una mejor ubicaci\u00f3n\u2019 y reestructuraci\u00f3n de la ciudad.<\/p>\n\n\n\n<p>Muchos de ellos no cuentan con los servicios p\u00fablicos. Sus viviendas son de lona, chapas, pl\u00e1stico y madera. La poblaci\u00f3n, conformada por familias numerosas con hijos preadolescentes que no asisten en su mayor\u00eda de manera regular al nivel medio, perfila grupos de riesgo expuestos a la violencia y a las adicciones.&nbsp;<\/p>\n\n\n\n<p>Por eso la Fundaci\u00f3n viene trabajando y renueva el prop\u00f3sito de que las personas que m\u00e1s lo necesitan tengan all\u00ed un espacio de contenci\u00f3n, orientaci\u00f3n, recursos de autogesti\u00f3n y una comunidad que d\u00e9 sentido a sus vidas y construya con ellos Esperanza.&nbsp;<\/p>\n\n\n\n<p>Las restauraciones que se llevan a cabo animan las voluntades de los habitantes del barrio. Ellos conf\u00edan en que, con m\u00e1s herramientas, podr\u00e1n hacerle frente a la desigualdad. <br><\/p>\n","protected":false},"excerpt":{"rendered":"<p>Fundaci\u00f3n Marista contin\u00faa, con entusiasmo, las obras para la Casa Marista en el Barrio San Lorenzo, emplazado en Libertador Gral. San Mart\u00edn, Ledesma, Jujuy. El compromiso que asumiera en octubre de 2019 expresa un sue\u00f1o por el que trabajan desde entonces para hacerlo espacio de encuentro en la fe, de obras y de vida compartida, [&hellip;]<\/p>\n","protected":false},"author":4,"featured_media":2155,"comment_status":"open","ping_status":"open","sticky":false,"template":"","format":"standard","meta":{"footnotes":""},"categories":[1],"tags":[],"class_list":["post-2153","post","type-post","status-publish","format-standard","has-post-thumbnail","hentry","category-ultimas"],"rttpg_featured_image_url":{"full":["https:\/\/www.fundacionmarista.org.ar\/site\/wp-content\/uploads\/2020\/02\/sanmartin-jujuy.jpg",1201,583,false],"landscape":["https:\/\/www.fundacionmarista.org.ar\/site\/wp-content\/uploads\/2020\/02\/sanmartin-jujuy.jpg",1201,583,false],"portraits":["https:\/\/www.fundacionmarista.org.ar\/site\/wp-content\/uploads\/2020\/02\/sanmartin-jujuy.jpg",1201,583,false],"thumbnail":["https:\/\/www.fundacionmarista.org.ar\/site\/wp-content\/uploads\/2020\/02\/sanmartin-jujuy.jpg",150,73,false],"medium":["https:\/\/www.fundacionmarista.org.ar\/site\/wp-content\/uploads\/2020\/02\/sanmartin-jujuy.jpg",300,146,false],"large":["https:\/\/www.fundacionmarista.org.ar\/site\/wp-content\/uploads\/2020\/02\/sanmartin-jujuy.jpg",1024,497,false],"1536x1536":["https:\/\/www.fundacionmarista.org.ar\/site\/wp-content\/uploads\/2020\/02\/sanmartin-jujuy.jpg",1201,583,false],"2048x2048":["https:\/\/www.fundacionmarista.org.ar\/site\/wp-content\/uploads\/2020\/02\/sanmartin-jujuy.jpg",1201,583,false],"wp_review_large":["https:\/\/www.fundacionmarista.org.ar\/site\/wp-content\/uploads\/2020\/02\/sanmartin-jujuy.jpg",320,155,false],"wp_review_small":["https:\/\/www.fundacionmarista.org.ar\/site\/wp-content\/uploads\/2020\/02\/sanmartin-jujuy.jpg",65,32,false],"herald-lay-a":["https:\/\/www.fundacionmarista.org.ar\/site\/wp-content\/uploads\/2020\/02\/sanmartin-jujuy.jpg",990,481,false],"herald-lay-a-full":["https:\/\/www.fundacionmarista.org.ar\/site\/wp-content\/uploads\/2020\/02\/sanmartin-jujuy.jpg",1201,583,false],"herald-lay-b":["https:\/\/www.fundacionmarista.org.ar\/site\/wp-content\/uploads\/2020\/02\/sanmartin-jujuy.jpg",470,228,false],"herald-lay-b-full":["https:\/\/www.fundacionmarista.org.ar\/site\/wp-content\/uploads\/2020\/02\/sanmartin-jujuy.jpg",640,311,false],"herald-lay-b1":["https:\/\/www.fundacionmarista.org.ar\/site\/wp-content\/uploads\/2020\/02\/sanmartin-jujuy.jpg",300,146,false],"herald-lay-b1-full":["https:\/\/www.fundacionmarista.org.ar\/site\/wp-content\/uploads\/2020\/02\/sanmartin-jujuy.jpg",414,201,false],"herald-lay-c1":["https:\/\/www.fundacionmarista.org.ar\/site\/wp-content\/uploads\/2020\/02\/sanmartin-jujuy.jpg",470,228,false],"herald-lay-c1-full":["https:\/\/www.fundacionmarista.org.ar\/site\/wp-content\/uploads\/2020\/02\/sanmartin-jujuy.jpg",640,311,false],"herald-lay-d":["https:\/\/www.fundacionmarista.org.ar\/site\/wp-content\/uploads\/2020\/02\/sanmartin-jujuy.jpg",215,104,false],"herald-lay-d-full":["https:\/\/www.fundacionmarista.org.ar\/site\/wp-content\/uploads\/2020\/02\/sanmartin-jujuy.jpg",300,146,false],"herald-lay-d1":["https:\/\/www.fundacionmarista.org.ar\/site\/wp-content\/uploads\/2020\/02\/sanmartin-jujuy.jpg",130,63,false],"herald-lay-d1-full":["https:\/\/www.fundacionmarista.org.ar\/site\/wp-content\/uploads\/2020\/02\/sanmartin-jujuy.jpg",187,91,false],"herald-lay-f":["https:\/\/www.fundacionmarista.org.ar\/site\/wp-content\/uploads\/2020\/02\/sanmartin-jujuy.jpg",300,146,false],"herald-lay-f-full":["https:\/\/www.fundacionmarista.org.ar\/site\/wp-content\/uploads\/2020\/02\/sanmartin-jujuy.jpg",414,201,false],"herald-lay-g1":["https:\/\/www.fundacionmarista.org.ar\/site\/wp-content\/uploads\/2020\/02\/sanmartin-jujuy.jpg",74,36,false],"herald-lay-g1-full":["https:\/\/www.fundacionmarista.org.ar\/site\/wp-content\/uploads\/2020\/02\/sanmartin-jujuy.jpg",111,54,false],"herald-lay-i-full":["https:\/\/www.fundacionmarista.org.ar\/site\/wp-content\/uploads\/2020\/02\/sanmartin-jujuy.jpg",300,146,false],"herald-lay-i1":["https:\/\/www.fundacionmarista.org.ar\/site\/wp-content\/uploads\/2020\/02\/sanmartin-jujuy.jpg",215,104,false],"herald-lay-i1-full":["https:\/\/www.fundacionmarista.org.ar\/site\/wp-content\/uploads\/2020\/02\/sanmartin-jujuy.jpg",300,146,false],"herald-lay-single":["https:\/\/www.fundacionmarista.org.ar\/site\/wp-content\/uploads\/2020\/02\/sanmartin-jujuy.jpg",990,481,false],"herald-lay-single-full":["https:\/\/www.fundacionmarista.org.ar\/site\/wp-content\/uploads\/2020\/02\/sanmartin-jujuy.jpg",1201,583,false],"herald-lay-page":["https:\/\/www.fundacionmarista.org.ar\/site\/wp-content\/uploads\/2020\/02\/sanmartin-jujuy.jpg",990,481,false],"herald-lay-page-full":["https:\/\/www.fundacionmarista.org.ar\/site\/wp-content\/uploads\/2020\/02\/sanmartin-jujuy.jpg",1201,583,false],"herald-lay-fa1":["https:\/\/www.fundacionmarista.org.ar\/site\/wp-content\/uploads\/2020\/02\/sanmartin-jujuy.jpg",434,211,false],"herald-lay-fa1-full":["https:\/\/www.fundacionmarista.org.ar\/site\/wp-content\/uploads\/2020\/02\/sanmartin-jujuy.jpg",550,267,false],"herald-lay-fa3-big":["https:\/\/www.fundacionmarista.org.ar\/site\/wp-content\/uploads\/2020\/02\/sanmartin-jujuy.jpg",459,223,false],"herald-lay-fa3-big-full":["https:\/\/www.fundacionmarista.org.ar\/site\/wp-content\/uploads\/2020\/02\/sanmartin-jujuy.jpg",559,271,false],"herald-lay-fa3-small":["https:\/\/www.fundacionmarista.org.ar\/site\/wp-content\/uploads\/2020\/02\/sanmartin-jujuy.jpg",260,126,false],"herald-lay-fa3-small-full":["https:\/\/www.fundacionmarista.org.ar\/site\/wp-content\/uploads\/2020\/02\/sanmartin-jujuy.jpg",379,184,false],"herald-lay-fa5":["https:\/\/www.fundacionmarista.org.ar\/site\/wp-content\/uploads\/2020\/02\/sanmartin-jujuy.jpg",865,420,false],"herald-lay-fa5-full":["https:\/\/www.fundacionmarista.org.ar\/site\/wp-content\/uploads\/2020\/02\/sanmartin-jujuy.jpg",1071,520,false],"awpcp-thumbnail":["https:\/\/www.fundacionmarista.org.ar\/site\/wp-content\/uploads\/2020\/02\/sanmartin-jujuy.jpg",125,61,false],"awpcp-featured":["https:\/\/www.fundacionmarista.org.ar\/site\/wp-content\/uploads\/2020\/02\/sanmartin-jujuy.jpg",200,97,false],"awpcp-featured-on-lists":["https:\/\/www.fundacionmarista.org.ar\/site\/wp-content\/uploads\/2020\/02\/sanmartin-jujuy.jpg",80,39,false],"awpcp-large":["https:\/\/www.fundacionmarista.org.ar\/site\/wp-content\/uploads\/2020\/02\/sanmartin-jujuy.jpg",640,311,false]},"rttpg_author":{"display_name":"Comunicaci\u00f3n","author_link":"https:\/\/www.fundacionmarista.org.ar\/site\/author\/mrilo\/"},"rttpg_comment":0,"rttpg_category":"<a href=\"https:\/\/www.fundacionmarista.org.ar\/site\/category\/ultimas\/\" rel=\"category tag\">Ultimas Noticias<\/a>","rttpg_excerpt":"Fundaci\u00f3n Marista contin\u00faa, con entusiasmo, las obras para la Casa Marista en el Barrio San Lorenzo, emplazado en Libertador Gral. San Mart\u00edn, Ledesma, Jujuy. El compromiso que asumiera en octubre de 2019 expresa un sue\u00f1o por el que trabajan desde entonces para hacerlo espacio de encuentro en la fe, de obras y de vida compartida,&hellip;","_links":{"self":[{"href":"https:\/\/www.fundacionmarista.org.ar\/site\/wp-json\/wp\/v2\/posts\/2153","targetHints":{"allow":["GET"]}}],"collection":[{"href":"https:\/\/www.fundacionmarista.org.ar\/site\/wp-json\/wp\/v2\/posts"}],"about":[{"href":"https:\/\/www.fundacionmarista.org.ar\/site\/wp-json\/wp\/v2\/types\/post"}],"author":[{"embeddable":true,"href":"https:\/\/www.fundacionmarista.org.ar\/site\/wp-json\/wp\/v2\/users\/4"}],"replies":[{"embeddable":true,"href":"https:\/\/www.fundacionmarista.org.ar\/site\/wp-json\/wp\/v2\/comments?post=2153"}],"version-history":[{"count":2,"href":"https:\/\/www.fundacionmarista.org.ar\/site\/wp-json\/wp\/v2\/posts\/2153\/revisions"}],"predecessor-version":[{"id":2158,"href":"https:\/\/www.fundacionmarista.org.ar\/site\/wp-json\/wp\/v2\/posts\/2153\/revisions\/2158"}],"wp:featuredmedia":[{"embeddable":true,"href":"https:\/\/www.fundacionmarista.org.ar\/site\/wp-json\/wp\/v2\/media\/2155"}],"wp:attachment":[{"href":"https:\/\/www.fundacionmarista.org.ar\/site\/wp-json\/wp\/v2\/media?parent=2153"}],"wp:term":[{"taxonomy":"category","embeddable":true,"href":"https:\/\/www.fundacionmarista.org.ar\/site\/wp-json\/wp\/v2\/categories?post=2153"},{"taxonomy":"post_tag","embeddable":true,"href":"https:\/\/www.fundacionmarista.org.ar\/site\/wp-json\/wp\/v2\/tags?post=2153"}],"curies":[{"name":"wp","href":"https:\/\/api.w.org\/{rel}","templated":true}]}}