{"id":2160,"date":"2020-04-02T18:31:28","date_gmt":"2020-04-02T21:31:28","guid":{"rendered":"http:\/\/www.fundacionmarista.org.ar\/site\/?p=2160"},"modified":"2020-04-03T17:23:38","modified_gmt":"2020-04-03T20:23:38","slug":"la-humanidad-de-los-que-menos-tienen","status":"publish","type":"post","link":"https:\/\/www.fundacionmarista.org.ar\/site\/2020\/04\/02\/la-humanidad-de-los-que-menos-tienen\/","title":{"rendered":"Solidaridad sin fronteras"},"content":{"rendered":"\n<p><strong>En el barrio San Lorenzo,  Libertador Gral. San Mart\u00edn, Jujuy, las obras para la Casa Marista tuvieron que suspenderse debido a la pandemia del COVID &#8211; 19. Lejos de bajar los brazos y haciendo uso de su posibilidades, el taller de costura &#8220;La Buena Madre&#8221; comenz\u00f3 una producci\u00f3n para donar barbijos e insumos para el centro de salud, el hospital, la fuerza policial y los abuelos y abuelas del barrio.<\/strong><\/p>\n\n\n\n<figure class=\"wp-block-embed-youtube wp-block-embed is-type-video is-provider-youtube wp-embed-aspect-16-9 wp-has-aspect-ratio\"><div class=\"wp-block-embed__wrapper\">\n<iframe loading=\"lazy\" title=\"Solidaridad sin fronteras - Jujuy, Taller de Costura La Buena Madre\" width=\"1320\" height=\"743\" src=\"https:\/\/www.youtube.com\/embed\/zGdK-c2Vbt8?feature=oembed\" frameborder=\"0\" allow=\"accelerometer; autoplay; encrypted-media; gyroscope; picture-in-picture\" allowfullscreen><\/iframe>\n<\/div><\/figure>\n\n\n\n<blockquote class=\"wp-block-quote is-layout-flow wp-block-quote-is-layout-flow\"><p> Para colaborar con esta iniciativa podes realizar una donaci\u00f3n a la cuenta de Fundaci\u00f3n Marista. Comunicate con nosotros para recibir toda la informaci\u00f3n necesaria a <strong>fundacion@maristas.org.ar<\/strong><\/p><\/blockquote>\n\n\n\n<p><strong>Se reciben donaciones en:<br>Cta. Cte. en Pesos del Banco Galicia N\u00b0840-0 325-1<br>CBU 0070325120000000840011 <\/strong><\/p>\n","protected":false},"excerpt":{"rendered":"<p>En el barrio San Lorenzo, Libertador Gral. San Mart\u00edn, Jujuy, las obras para la Casa Marista tuvieron que suspenderse debido a la pandemia del COVID &#8211; 19. Lejos de bajar los brazos y haciendo uso de su posibilidades, el taller de costura &#8220;La Buena Madre&#8221; comenz\u00f3 una producci\u00f3n para donar barbijos e insumos para el [&hellip;]<\/p>\n","protected":false},"author":4,"featured_media":2162,"comment_status":"open","ping_status":"open","sticky":false,"template":"","format":"standard","meta":{"footnotes":""},"categories":[1],"tags":[],"class_list":["post-2160","post","type-post","status-publish","format-standard","has-post-thumbnail","hentry","category-ultimas"],"rttpg_featured_image_url":{"full":["https:\/\/www.fundacionmarista.org.ar\/site\/wp-content\/uploads\/2020\/04\/WhatsApp-Image-2020-04-01-at-21.55.29.jpeg",1280,960,false],"landscape":["https:\/\/www.fundacionmarista.org.ar\/site\/wp-content\/uploads\/2020\/04\/WhatsApp-Image-2020-04-01-at-21.55.29.jpeg",1280,960,false],"portraits":["https:\/\/www.fundacionmarista.org.ar\/site\/wp-content\/uploads\/2020\/04\/WhatsApp-Image-2020-04-01-at-21.55.29.jpeg",1280,960,false],"thumbnail":["https:\/\/www.fundacionmarista.org.ar\/site\/wp-content\/uploads\/2020\/04\/WhatsApp-Image-2020-04-01-at-21.55.29.jpeg",150,113,false],"medium":["https:\/\/www.fundacionmarista.org.ar\/site\/wp-content\/uploads\/2020\/04\/WhatsApp-Image-2020-04-01-at-21.55.29.jpeg",300,225,false],"large":["https:\/\/www.fundacionmarista.org.ar\/site\/wp-content\/uploads\/2020\/04\/WhatsApp-Image-2020-04-01-at-21.55.29.jpeg",1024,768,false],"1536x1536":["https:\/\/www.fundacionmarista.org.ar\/site\/wp-content\/uploads\/2020\/04\/WhatsApp-Image-2020-04-01-at-21.55.29.jpeg",1280,960,false],"2048x2048":["https:\/\/www.fundacionmarista.org.ar\/site\/wp-content\/uploads\/2020\/04\/WhatsApp-Image-2020-04-01-at-21.55.29.jpeg",1280,960,false],"wp_review_large":["https:\/\/www.fundacionmarista.org.ar\/site\/wp-content\/uploads\/2020\/04\/WhatsApp-Image-2020-04-01-at-21.55.29.jpeg",267,200,false],"wp_review_small":["https:\/\/www.fundacionmarista.org.ar\/site\/wp-content\/uploads\/2020\/04\/WhatsApp-Image-2020-04-01-at-21.55.29.jpeg",65,49,false],"herald-lay-a":["https:\/\/www.fundacionmarista.org.ar\/site\/wp-content\/uploads\/2020\/04\/WhatsApp-Image-2020-04-01-at-21.55.29.jpeg",741,556,false],"herald-lay-a-full":["https:\/\/www.fundacionmarista.org.ar\/site\/wp-content\/uploads\/2020\/04\/WhatsApp-Image-2020-04-01-at-21.55.29.jpeg",989,742,false],"herald-lay-b":["https:\/\/www.fundacionmarista.org.ar\/site\/wp-content\/uploads\/2020\/04\/WhatsApp-Image-2020-04-01-at-21.55.29.jpeg",352,264,false],"herald-lay-b-full":["https:\/\/www.fundacionmarista.org.ar\/site\/wp-content\/uploads\/2020\/04\/WhatsApp-Image-2020-04-01-at-21.55.29.jpeg",480,360,false],"herald-lay-b1":["https:\/\/www.fundacionmarista.org.ar\/site\/wp-content\/uploads\/2020\/04\/WhatsApp-Image-2020-04-01-at-21.55.29.jpeg",267,200,false],"herald-lay-b1-full":["https:\/\/www.fundacionmarista.org.ar\/site\/wp-content\/uploads\/2020\/04\/WhatsApp-Image-2020-04-01-at-21.55.29.jpeg",368,276,false],"herald-lay-c1":["https:\/\/www.fundacionmarista.org.ar\/site\/wp-content\/uploads\/2020\/04\/WhatsApp-Image-2020-04-01-at-21.55.29.jpeg",417,313,false],"herald-lay-c1-full":["https:\/\/www.fundacionmarista.org.ar\/site\/wp-content\/uploads\/2020\/04\/WhatsApp-Image-2020-04-01-at-21.55.29.jpeg",568,426,false],"herald-lay-d":["https:\/\/www.fundacionmarista.org.ar\/site\/wp-content\/uploads\/2020\/04\/WhatsApp-Image-2020-04-01-at-21.55.29.jpeg",160,120,false],"herald-lay-d-full":["https:\/\/www.fundacionmarista.org.ar\/site\/wp-content\/uploads\/2020\/04\/WhatsApp-Image-2020-04-01-at-21.55.29.jpeg",224,168,false],"herald-lay-d1":["https:\/\/www.fundacionmarista.org.ar\/site\/wp-content\/uploads\/2020\/04\/WhatsApp-Image-2020-04-01-at-21.55.29.jpeg",115,86,false],"herald-lay-d1-full":["https:\/\/www.fundacionmarista.org.ar\/site\/wp-content\/uploads\/2020\/04\/WhatsApp-Image-2020-04-01-at-21.55.29.jpeg",165,124,false],"herald-lay-f":["https:\/\/www.fundacionmarista.org.ar\/site\/wp-content\/uploads\/2020\/04\/WhatsApp-Image-2020-04-01-at-21.55.29.jpeg",224,168,false],"herald-lay-f-full":["https:\/\/www.fundacionmarista.org.ar\/site\/wp-content\/uploads\/2020\/04\/WhatsApp-Image-2020-04-01-at-21.55.29.jpeg",309,232,false],"herald-lay-g1":["https:\/\/www.fundacionmarista.org.ar\/site\/wp-content\/uploads\/2020\/04\/WhatsApp-Image-2020-04-01-at-21.55.29.jpeg",74,55,false],"herald-lay-g1-full":["https:\/\/www.fundacionmarista.org.ar\/site\/wp-content\/uploads\/2020\/04\/WhatsApp-Image-2020-04-01-at-21.55.29.jpeg",111,83,false],"herald-lay-i-full":["https:\/\/www.fundacionmarista.org.ar\/site\/wp-content\/uploads\/2020\/04\/WhatsApp-Image-2020-04-01-at-21.55.29.jpeg",224,168,false],"herald-lay-i1":["https:\/\/www.fundacionmarista.org.ar\/site\/wp-content\/uploads\/2020\/04\/WhatsApp-Image-2020-04-01-at-21.55.29.jpeg",215,161,false],"herald-lay-i1-full":["https:\/\/www.fundacionmarista.org.ar\/site\/wp-content\/uploads\/2020\/04\/WhatsApp-Image-2020-04-01-at-21.55.29.jpeg",300,225,false],"herald-lay-single":["https:\/\/www.fundacionmarista.org.ar\/site\/wp-content\/uploads\/2020\/04\/WhatsApp-Image-2020-04-01-at-21.55.29.jpeg",990,743,false],"herald-lay-single-full":["https:\/\/www.fundacionmarista.org.ar\/site\/wp-content\/uploads\/2020\/04\/WhatsApp-Image-2020-04-01-at-21.55.29.jpeg",1280,960,false],"herald-lay-page":["https:\/\/www.fundacionmarista.org.ar\/site\/wp-content\/uploads\/2020\/04\/WhatsApp-Image-2020-04-01-at-21.55.29.jpeg",990,743,false],"herald-lay-page-full":["https:\/\/www.fundacionmarista.org.ar\/site\/wp-content\/uploads\/2020\/04\/WhatsApp-Image-2020-04-01-at-21.55.29.jpeg",1280,960,false],"herald-lay-fa1":["https:\/\/www.fundacionmarista.org.ar\/site\/wp-content\/uploads\/2020\/04\/WhatsApp-Image-2020-04-01-at-21.55.29.jpeg",434,326,false],"herald-lay-fa1-full":["https:\/\/www.fundacionmarista.org.ar\/site\/wp-content\/uploads\/2020\/04\/WhatsApp-Image-2020-04-01-at-21.55.29.jpeg",550,413,false],"herald-lay-fa3-big":["https:\/\/www.fundacionmarista.org.ar\/site\/wp-content\/uploads\/2020\/04\/WhatsApp-Image-2020-04-01-at-21.55.29.jpeg",459,344,false],"herald-lay-fa3-big-full":["https:\/\/www.fundacionmarista.org.ar\/site\/wp-content\/uploads\/2020\/04\/WhatsApp-Image-2020-04-01-at-21.55.29.jpeg",559,419,false],"herald-lay-fa3-small":["https:\/\/www.fundacionmarista.org.ar\/site\/wp-content\/uploads\/2020\/04\/WhatsApp-Image-2020-04-01-at-21.55.29.jpeg",260,195,false],"herald-lay-fa3-small-full":["https:\/\/www.fundacionmarista.org.ar\/site\/wp-content\/uploads\/2020\/04\/WhatsApp-Image-2020-04-01-at-21.55.29.jpeg",345,259,false],"herald-lay-fa5":["https:\/\/www.fundacionmarista.org.ar\/site\/wp-content\/uploads\/2020\/04\/WhatsApp-Image-2020-04-01-at-21.55.29.jpeg",560,420,false],"herald-lay-fa5-full":["https:\/\/www.fundacionmarista.org.ar\/site\/wp-content\/uploads\/2020\/04\/WhatsApp-Image-2020-04-01-at-21.55.29.jpeg",693,520,false],"awpcp-thumbnail":["https:\/\/www.fundacionmarista.org.ar\/site\/wp-content\/uploads\/2020\/04\/WhatsApp-Image-2020-04-01-at-21.55.29.jpeg",125,94,false],"awpcp-featured":["https:\/\/www.fundacionmarista.org.ar\/site\/wp-content\/uploads\/2020\/04\/WhatsApp-Image-2020-04-01-at-21.55.29.jpeg",200,150,false],"awpcp-featured-on-lists":["https:\/\/www.fundacionmarista.org.ar\/site\/wp-content\/uploads\/2020\/04\/WhatsApp-Image-2020-04-01-at-21.55.29.jpeg",80,60,false],"awpcp-large":["https:\/\/www.fundacionmarista.org.ar\/site\/wp-content\/uploads\/2020\/04\/WhatsApp-Image-2020-04-01-at-21.55.29.jpeg",640,480,false]},"rttpg_author":{"display_name":"Comunicaci\u00f3n","author_link":"https:\/\/www.fundacionmarista.org.ar\/site\/author\/mrilo\/"},"rttpg_comment":1,"rttpg_category":"<a href=\"https:\/\/www.fundacionmarista.org.ar\/site\/category\/ultimas\/\" rel=\"category tag\">Ultimas Noticias<\/a>","rttpg_excerpt":"En el barrio San Lorenzo, Libertador Gral. San Mart\u00edn, Jujuy, las obras para la Casa Marista tuvieron que suspenderse debido a la pandemia del COVID &#8211; 19. Lejos de bajar los brazos y haciendo uso de su posibilidades, el taller de costura &#8220;La Buena Madre&#8221; comenz\u00f3 una producci\u00f3n para donar barbijos e insumos para el&hellip;","_links":{"self":[{"href":"https:\/\/www.fundacionmarista.org.ar\/site\/wp-json\/wp\/v2\/posts\/2160","targetHints":{"allow":["GET"]}}],"collection":[{"href":"https:\/\/www.fundacionmarista.org.ar\/site\/wp-json\/wp\/v2\/posts"}],"about":[{"href":"https:\/\/www.fundacionmarista.org.ar\/site\/wp-json\/wp\/v2\/types\/post"}],"author":[{"embeddable":true,"href":"https:\/\/www.fundacionmarista.org.ar\/site\/wp-json\/wp\/v2\/users\/4"}],"replies":[{"embeddable":true,"href":"https:\/\/www.fundacionmarista.org.ar\/site\/wp-json\/wp\/v2\/comments?post=2160"}],"version-history":[{"count":4,"href":"https:\/\/www.fundacionmarista.org.ar\/site\/wp-json\/wp\/v2\/posts\/2160\/revisions"}],"predecessor-version":[{"id":2166,"href":"https:\/\/www.fundacionmarista.org.ar\/site\/wp-json\/wp\/v2\/posts\/2160\/revisions\/2166"}],"wp:featuredmedia":[{"embeddable":true,"href":"https:\/\/www.fundacionmarista.org.ar\/site\/wp-json\/wp\/v2\/media\/2162"}],"wp:attachment":[{"href":"https:\/\/www.fundacionmarista.org.ar\/site\/wp-json\/wp\/v2\/media?parent=2160"}],"wp:term":[{"taxonomy":"category","embeddable":true,"href":"https:\/\/www.fundacionmarista.org.ar\/site\/wp-json\/wp\/v2\/categories?post=2160"},{"taxonomy":"post_tag","embeddable":true,"href":"https:\/\/www.fundacionmarista.org.ar\/site\/wp-json\/wp\/v2\/tags?post=2160"}],"curies":[{"name":"wp","href":"https:\/\/api.w.org\/{rel}","templated":true}]}}