{"id":2271,"date":"2021-09-21T10:30:10","date_gmt":"2021-09-21T13:30:10","guid":{"rendered":"http:\/\/www.fundacionmarista.org.ar\/site\/?p=2271"},"modified":"2021-09-21T10:30:10","modified_gmt":"2021-09-21T13:30:10","slug":"evento-anual-del-programa-potenciamos-tu-talento","status":"publish","type":"post","link":"https:\/\/www.fundacionmarista.org.ar\/site\/2021\/09\/21\/evento-anual-del-programa-potenciamos-tu-talento\/","title":{"rendered":"Evento anual del programa &#8220;Potenciamos Tu Talento&#8221;"},"content":{"rendered":"\n<p>El pasado viernes 10 de septiembre se realiz\u00f3, en forma virtual, el evento anual del programa de becas <strong>Potenciamos Tu Talento<\/strong> desarrollado por Banco Galicia. La Fundaci\u00f3n Marista se hizo presente con su equipo de Coordinaci\u00f3n y comparti\u00f3 la jornada dedicada a los becados y becadas junto con las dem\u00e1s organizaciones que participan del proyecto. En este encuentro se disfrut\u00f3 con distintas din\u00e1micas de juego, interactuando entre los casi 300 invitados a lo largo de todo el pa\u00eds. Se comparti\u00f3 tambi\u00e9n un muy emotivo agasajo a los graduados y graduadas de sus carreras universitarias 2020 &#8211; 2021. Entre ellos est\u00e1n<strong> Mar\u00eda Laura y V\u00edctor, ex alumnos Maristas, <\/strong>junto a sus familiares, quienes los acompa\u00f1aron y pudieron presenciar este esperado momento de reconocimiento a sus esfuerzos por recibirse.<\/p>\n\n\n\n<div class=\"wp-block-image\"><figure class=\"aligncenter size-large\"><img loading=\"lazy\" decoding=\"async\" width=\"1024\" height=\"1024\" src=\"http:\/\/www.fundacionmarista.org.ar\/site\/wp-content\/uploads\/2021\/09\/IMG_0913-1024x1024.jpg\" alt=\"\" class=\"wp-image-2275\" srcset=\"https:\/\/www.fundacionmarista.org.ar\/site\/wp-content\/uploads\/2021\/09\/IMG_0913-1024x1024.jpg 1024w, https:\/\/www.fundacionmarista.org.ar\/site\/wp-content\/uploads\/2021\/09\/IMG_0913-300x300.jpg 300w, https:\/\/www.fundacionmarista.org.ar\/site\/wp-content\/uploads\/2021\/09\/IMG_0913-150x150.jpg 150w, https:\/\/www.fundacionmarista.org.ar\/site\/wp-content\/uploads\/2021\/09\/IMG_0913-768x768.jpg 768w, https:\/\/www.fundacionmarista.org.ar\/site\/wp-content\/uploads\/2021\/09\/IMG_0913-65x65.jpg 65w, https:\/\/www.fundacionmarista.org.ar\/site\/wp-content\/uploads\/2021\/09\/IMG_0913-990x990.jpg 990w, https:\/\/www.fundacionmarista.org.ar\/site\/wp-content\/uploads\/2021\/09\/IMG_0913-125x125.jpg 125w, https:\/\/www.fundacionmarista.org.ar\/site\/wp-content\/uploads\/2021\/09\/IMG_0913-200x200.jpg 200w, https:\/\/www.fundacionmarista.org.ar\/site\/wp-content\/uploads\/2021\/09\/IMG_0913-80x80.jpg 80w, https:\/\/www.fundacionmarista.org.ar\/site\/wp-content\/uploads\/2021\/09\/IMG_0913-480x480.jpg 480w, https:\/\/www.fundacionmarista.org.ar\/site\/wp-content\/uploads\/2021\/09\/IMG_0913.jpg 1200w\" sizes=\"auto, (max-width: 1024px) 100vw, 1024px\" \/><\/figure><\/div>\n","protected":false},"excerpt":{"rendered":"<p>El pasado viernes 10 de septiembre se realiz\u00f3, en forma virtual, el evento anual del programa de becas Potenciamos Tu Talento desarrollado por Banco Galicia. La Fundaci\u00f3n Marista se hizo presente con su equipo de Coordinaci\u00f3n y comparti\u00f3 la jornada dedicada a los becados y becadas junto con las dem\u00e1s organizaciones que participan del proyecto. [&hellip;]<\/p>\n","protected":false},"author":4,"featured_media":2275,"comment_status":"closed","ping_status":"open","sticky":false,"template":"","format":"standard","meta":{"footnotes":""},"categories":[1],"tags":[],"class_list":["post-2271","post","type-post","status-publish","format-standard","has-post-thumbnail","hentry","category-ultimas"],"rttpg_featured_image_url":{"full":["https:\/\/www.fundacionmarista.org.ar\/site\/wp-content\/uploads\/2021\/09\/IMG_0913.jpg",1200,1200,false],"landscape":["https:\/\/www.fundacionmarista.org.ar\/site\/wp-content\/uploads\/2021\/09\/IMG_0913.jpg",1200,1200,false],"portraits":["https:\/\/www.fundacionmarista.org.ar\/site\/wp-content\/uploads\/2021\/09\/IMG_0913.jpg",1200,1200,false],"thumbnail":["https:\/\/www.fundacionmarista.org.ar\/site\/wp-content\/uploads\/2021\/09\/IMG_0913-150x150.jpg",150,150,true],"medium":["https:\/\/www.fundacionmarista.org.ar\/site\/wp-content\/uploads\/2021\/09\/IMG_0913-300x300.jpg",300,300,true],"large":["https:\/\/www.fundacionmarista.org.ar\/site\/wp-content\/uploads\/2021\/09\/IMG_0913-1024x1024.jpg",1024,1024,true],"1536x1536":["https:\/\/www.fundacionmarista.org.ar\/site\/wp-content\/uploads\/2021\/09\/IMG_0913.jpg",1200,1200,false],"2048x2048":["https:\/\/www.fundacionmarista.org.ar\/site\/wp-content\/uploads\/2021\/09\/IMG_0913.jpg",1200,1200,false],"wp_review_large":["https:\/\/www.fundacionmarista.org.ar\/site\/wp-content\/uploads\/2021\/09\/IMG_0913-320x200.jpg",320,200,true],"wp_review_small":["https:\/\/www.fundacionmarista.org.ar\/site\/wp-content\/uploads\/2021\/09\/IMG_0913-65x65.jpg",65,65,true],"herald-lay-a":["https:\/\/www.fundacionmarista.org.ar\/site\/wp-content\/uploads\/2021\/09\/IMG_0913-990x556.jpg",990,556,true],"herald-lay-a-full":["https:\/\/www.fundacionmarista.org.ar\/site\/wp-content\/uploads\/2021\/09\/IMG_0913-1200x742.jpg",1200,742,true],"herald-lay-b":["https:\/\/www.fundacionmarista.org.ar\/site\/wp-content\/uploads\/2021\/09\/IMG_0913-470x264.jpg",470,264,true],"herald-lay-b-full":["https:\/\/www.fundacionmarista.org.ar\/site\/wp-content\/uploads\/2021\/09\/IMG_0913-640x360.jpg",640,360,true],"herald-lay-b1":["https:\/\/www.fundacionmarista.org.ar\/site\/wp-content\/uploads\/2021\/09\/IMG_0913-300x200.jpg",300,200,true],"herald-lay-b1-full":["https:\/\/www.fundacionmarista.org.ar\/site\/wp-content\/uploads\/2021\/09\/IMG_0913-414x276.jpg",414,276,true],"herald-lay-c1":["https:\/\/www.fundacionmarista.org.ar\/site\/wp-content\/uploads\/2021\/09\/IMG_0913-470x313.jpg",470,313,true],"herald-lay-c1-full":["https:\/\/www.fundacionmarista.org.ar\/site\/wp-content\/uploads\/2021\/09\/IMG_0913-640x426.jpg",640,426,true],"herald-lay-d":["https:\/\/www.fundacionmarista.org.ar\/site\/wp-content\/uploads\/2021\/09\/IMG_0913-215x120.jpg",215,120,true],"herald-lay-d-full":["https:\/\/www.fundacionmarista.org.ar\/site\/wp-content\/uploads\/2021\/09\/IMG_0913-300x168.jpg",300,168,true],"herald-lay-d1":["https:\/\/www.fundacionmarista.org.ar\/site\/wp-content\/uploads\/2021\/09\/IMG_0913-130x86.jpg",130,86,true],"herald-lay-d1-full":["https:\/\/www.fundacionmarista.org.ar\/site\/wp-content\/uploads\/2021\/09\/IMG_0913-187x124.jpg",187,124,true],"herald-lay-f":["https:\/\/www.fundacionmarista.org.ar\/site\/wp-content\/uploads\/2021\/09\/IMG_0913-300x168.jpg",300,168,true],"herald-lay-f-full":["https:\/\/www.fundacionmarista.org.ar\/site\/wp-content\/uploads\/2021\/09\/IMG_0913-414x232.jpg",414,232,true],"herald-lay-g1":["https:\/\/www.fundacionmarista.org.ar\/site\/wp-content\/uploads\/2021\/09\/IMG_0913-74x55.jpg",74,55,true],"herald-lay-g1-full":["https:\/\/www.fundacionmarista.org.ar\/site\/wp-content\/uploads\/2021\/09\/IMG_0913-111x83.jpg",111,83,true],"herald-lay-i-full":["https:\/\/www.fundacionmarista.org.ar\/site\/wp-content\/uploads\/2021\/09\/IMG_0913-300x168.jpg",300,168,true],"herald-lay-i1":["https:\/\/www.fundacionmarista.org.ar\/site\/wp-content\/uploads\/2021\/09\/IMG_0913-215x161.jpg",215,161,true],"herald-lay-i1-full":["https:\/\/www.fundacionmarista.org.ar\/site\/wp-content\/uploads\/2021\/09\/IMG_0913-300x225.jpg",300,225,true],"herald-lay-single":["https:\/\/www.fundacionmarista.org.ar\/site\/wp-content\/uploads\/2021\/09\/IMG_0913-990x990.jpg",990,990,true],"herald-lay-single-full":["https:\/\/www.fundacionmarista.org.ar\/site\/wp-content\/uploads\/2021\/09\/IMG_0913.jpg",1200,1200,false],"herald-lay-page":["https:\/\/www.fundacionmarista.org.ar\/site\/wp-content\/uploads\/2021\/09\/IMG_0913-990x990.jpg",990,990,true],"herald-lay-page-full":["https:\/\/www.fundacionmarista.org.ar\/site\/wp-content\/uploads\/2021\/09\/IMG_0913.jpg",1200,1200,false],"herald-lay-fa1":["https:\/\/www.fundacionmarista.org.ar\/site\/wp-content\/uploads\/2021\/09\/IMG_0913-434x420.jpg",434,420,true],"herald-lay-fa1-full":["https:\/\/www.fundacionmarista.org.ar\/site\/wp-content\/uploads\/2021\/09\/IMG_0913-550x520.jpg",550,520,true],"herald-lay-fa3-big":["https:\/\/www.fundacionmarista.org.ar\/site\/wp-content\/uploads\/2021\/09\/IMG_0913-459x420.jpg",459,420,true],"herald-lay-fa3-big-full":["https:\/\/www.fundacionmarista.org.ar\/site\/wp-content\/uploads\/2021\/09\/IMG_0913-559x520.jpg",559,520,true],"herald-lay-fa3-small":["https:\/\/www.fundacionmarista.org.ar\/site\/wp-content\/uploads\/2021\/09\/IMG_0913-260x210.jpg",260,210,true],"herald-lay-fa3-small-full":["https:\/\/www.fundacionmarista.org.ar\/site\/wp-content\/uploads\/2021\/09\/IMG_0913-379x259.jpg",379,259,true],"herald-lay-fa5":["https:\/\/www.fundacionmarista.org.ar\/site\/wp-content\/uploads\/2021\/09\/IMG_0913-980x420.jpg",980,420,true],"herald-lay-fa5-full":["https:\/\/www.fundacionmarista.org.ar\/site\/wp-content\/uploads\/2021\/09\/IMG_0913-1200x520.jpg",1200,520,true],"awpcp-thumbnail":["https:\/\/www.fundacionmarista.org.ar\/site\/wp-content\/uploads\/2021\/09\/IMG_0913-125x125.jpg",125,125,true],"awpcp-featured":["https:\/\/www.fundacionmarista.org.ar\/site\/wp-content\/uploads\/2021\/09\/IMG_0913-200x200.jpg",200,200,true],"awpcp-featured-on-lists":["https:\/\/www.fundacionmarista.org.ar\/site\/wp-content\/uploads\/2021\/09\/IMG_0913-80x80.jpg",80,80,true],"awpcp-large":["https:\/\/www.fundacionmarista.org.ar\/site\/wp-content\/uploads\/2021\/09\/IMG_0913-480x480.jpg",480,480,true]},"rttpg_author":{"display_name":"Comunicaci\u00f3n","author_link":"https:\/\/www.fundacionmarista.org.ar\/site\/author\/mrilo\/"},"rttpg_comment":0,"rttpg_category":"<a href=\"https:\/\/www.fundacionmarista.org.ar\/site\/category\/ultimas\/\" rel=\"category tag\">Ultimas Noticias<\/a>","rttpg_excerpt":"El pasado viernes 10 de septiembre se realiz\u00f3, en forma virtual, el evento anual del programa de becas Potenciamos Tu Talento desarrollado por Banco Galicia. La Fundaci\u00f3n Marista se hizo presente con su equipo de Coordinaci\u00f3n y comparti\u00f3 la jornada dedicada a los becados y becadas junto con las dem\u00e1s organizaciones que participan del proyecto.&hellip;","_links":{"self":[{"href":"https:\/\/www.fundacionmarista.org.ar\/site\/wp-json\/wp\/v2\/posts\/2271","targetHints":{"allow":["GET"]}}],"collection":[{"href":"https:\/\/www.fundacionmarista.org.ar\/site\/wp-json\/wp\/v2\/posts"}],"about":[{"href":"https:\/\/www.fundacionmarista.org.ar\/site\/wp-json\/wp\/v2\/types\/post"}],"author":[{"embeddable":true,"href":"https:\/\/www.fundacionmarista.org.ar\/site\/wp-json\/wp\/v2\/users\/4"}],"replies":[{"embeddable":true,"href":"https:\/\/www.fundacionmarista.org.ar\/site\/wp-json\/wp\/v2\/comments?post=2271"}],"version-history":[{"count":1,"href":"https:\/\/www.fundacionmarista.org.ar\/site\/wp-json\/wp\/v2\/posts\/2271\/revisions"}],"predecessor-version":[{"id":2276,"href":"https:\/\/www.fundacionmarista.org.ar\/site\/wp-json\/wp\/v2\/posts\/2271\/revisions\/2276"}],"wp:featuredmedia":[{"embeddable":true,"href":"https:\/\/www.fundacionmarista.org.ar\/site\/wp-json\/wp\/v2\/media\/2275"}],"wp:attachment":[{"href":"https:\/\/www.fundacionmarista.org.ar\/site\/wp-json\/wp\/v2\/media?parent=2271"}],"wp:term":[{"taxonomy":"category","embeddable":true,"href":"https:\/\/www.fundacionmarista.org.ar\/site\/wp-json\/wp\/v2\/categories?post=2271"},{"taxonomy":"post_tag","embeddable":true,"href":"https:\/\/www.fundacionmarista.org.ar\/site\/wp-json\/wp\/v2\/tags?post=2271"}],"curies":[{"name":"wp","href":"https:\/\/api.w.org\/{rel}","templated":true}]}}