{"id":2278,"date":"2021-10-05T12:18:14","date_gmt":"2021-10-05T15:18:14","guid":{"rendered":"http:\/\/www.fundacionmarista.org.ar\/site\/?p=2278"},"modified":"2021-10-05T12:18:17","modified_gmt":"2021-10-05T15:18:17","slug":"el-cec-san-marcelino-necesita-de-nuestra-ayuda","status":"publish","type":"post","link":"https:\/\/www.fundacionmarista.org.ar\/site\/2021\/10\/05\/el-cec-san-marcelino-necesita-de-nuestra-ayuda\/","title":{"rendered":"\u00a1El CEC San Marcelino necesita de nuestra ayuda!"},"content":{"rendered":"\n<p>En su aniversario n\u00famero 20, la comunidad educativa del CEC San Marcelino Champagnat de Mar del Plata sigue empe\u00f1ada en<strong> garantizar un acompa\u00f1amiento de calidad en la educaci\u00f3n, <\/strong>derecho fundamental de ni\u00f1os, ni\u00f1as, adolescentes y j\u00f3venes del barrio Parque Pe\u00f1a. Y como Fundaci\u00f3n Marista nos desaf\u00eda encontrar los mejores modos para que los proyectos se hagan realidad.<\/p>\n\n\n\n<p>Acompa\u00f1ar la trayectoria educativa de las infancias y adolescencias, llev\u00f3 al CEC a preguntarse por la educaci\u00f3n de los referentes familiares. Fue as\u00ed que desde 2019, abrieron sus puertas a las familias para que puedan terminar sus estudios primarios y secundarios y acompa\u00f1ar mejor a sus hijos e hijas.<\/p>\n\n\n\n<p>El Centro es nexo de otras instituciones barriales que tambi\u00e9n trabajan por los derechos de las infancias y adolescencias. Brindan no s\u00f3lo un <strong>acompa\u00f1amiento educativo integral<\/strong>, c\u00e1lido, cercano y profesional, sino tambi\u00e9n el acceso a la tecnolog\u00eda y conectividad que de ser de otra manera los ni\u00f1os y ni\u00f1as no podr\u00edan alcanzar.<\/p>\n\n\n\n<p>Estas tareas las desarrollan en el <strong>\u00fanico espacio disponible <\/strong>que tiene hoy el edificio del CEC, lo que demanda alternar horarios y d\u00edas para llegar a todos\/as las que lo requieren.<\/p>\n\n\n\n<p><strong>El desfasaje educativo que se vive hoy en los barrios es creciente y aumenta la necesidad de acompa\u00f1ar en los procesos de aprendizaje cada vez a m\u00e1s personas.<\/strong><\/p>\n\n\n\n<p>Para ello, en coordinaci\u00f3n con la Fundaci\u00f3n Marista, el CEC San Marcelino lanz\u00f3 una campa\u00f1a para la <strong>construcci\u00f3n de un nuevo espacio para educar.<\/strong> La primera etapa consta de agregar un techo en la parte trasera del edificio, que permita contar con un nuevo espacio para estudiar y encontrarse. Y para esto necesitan recaudar $400.000<\/p>\n\n\n\n<p><strong>\u00bfC\u00f3mo pod\u00e9s ayudar?<\/strong><\/p>\n\n\n\n<ul class=\"wp-block-list\"><li>Difundiendo la tarea del CEC a trav\u00e9s de las redes sociales <a href=\"http:\/\/www.instagram.com\/cecsanmarcelinochampagnat\/\">www.instagram.com\/cecsanmarcelinochampagnat\/<\/a><\/li><\/ul>\n\n\n\n<ul class=\"wp-block-list\"><li>Colaborando con tu aporte econ\u00f3mico y compartiendo con tus contactos <a href=\"https:\/\/linktr.ee\/cecsanmarcelinochampagnat\">https:\/\/linktr.ee\/cecsanmarcelinochampagnat<\/a><\/li><\/ul>\n\n\n\n<ul class=\"wp-block-list\"><li>Aportando material para la construcci\u00f3n. Para ello pod\u00e9s comunicarte con el equipo del Centro Comunitario: <a href=\"https:\/\/api.whatsapp.com\/message\/3COTXQW7BBDSA1\">https:\/\/api.whatsapp.com\/message\/3COTXQW7BBDSA1<\/a><\/li><\/ul>\n\n\n\n<p><strong>\u00a1Entre todos podemos hacer la diferencia!<\/strong><\/p>\n\n\n\n<figure class=\"wp-block-image size-large\"><img decoding=\"async\" src=\"blob:https:\/\/www.fundacionmarista.org.ar\/ce2a5c98-fa65-4054-9918-b8c6a7df4048\" alt=\"\"\/><\/figure>\n","protected":false},"excerpt":{"rendered":"<p>En su aniversario n\u00famero 20, la comunidad educativa del CEC San Marcelino Champagnat de Mar del Plata sigue empe\u00f1ada en garantizar un acompa\u00f1amiento de calidad en la educaci\u00f3n, derecho fundamental de ni\u00f1os, ni\u00f1as, adolescentes y j\u00f3venes del barrio Parque Pe\u00f1a. Y como Fundaci\u00f3n Marista nos desaf\u00eda encontrar los mejores modos para que los proyectos se [&hellip;]<\/p>\n","protected":false},"author":4,"featured_media":2280,"comment_status":"closed","ping_status":"open","sticky":false,"template":"","format":"standard","meta":{"footnotes":""},"categories":[1],"tags":[],"class_list":["post-2278","post","type-post","status-publish","format-standard","has-post-thumbnail","hentry","category-ultimas"],"rttpg_featured_image_url":{"full":["https:\/\/www.fundacionmarista.org.ar\/site\/wp-content\/uploads\/2021\/10\/cec2.jpg",1080,1080,false],"landscape":["https:\/\/www.fundacionmarista.org.ar\/site\/wp-content\/uploads\/2021\/10\/cec2.jpg",1080,1080,false],"portraits":["https:\/\/www.fundacionmarista.org.ar\/site\/wp-content\/uploads\/2021\/10\/cec2.jpg",1080,1080,false],"thumbnail":["https:\/\/www.fundacionmarista.org.ar\/site\/wp-content\/uploads\/2021\/10\/cec2-150x150.jpg",150,150,true],"medium":["https:\/\/www.fundacionmarista.org.ar\/site\/wp-content\/uploads\/2021\/10\/cec2-300x300.jpg",300,300,true],"large":["https:\/\/www.fundacionmarista.org.ar\/site\/wp-content\/uploads\/2021\/10\/cec2-1024x1024.jpg",1024,1024,true],"1536x1536":["https:\/\/www.fundacionmarista.org.ar\/site\/wp-content\/uploads\/2021\/10\/cec2.jpg",1080,1080,false],"2048x2048":["https:\/\/www.fundacionmarista.org.ar\/site\/wp-content\/uploads\/2021\/10\/cec2.jpg",1080,1080,false],"wp_review_large":["https:\/\/www.fundacionmarista.org.ar\/site\/wp-content\/uploads\/2021\/10\/cec2-320x200.jpg",320,200,true],"wp_review_small":["https:\/\/www.fundacionmarista.org.ar\/site\/wp-content\/uploads\/2021\/10\/cec2-65x65.jpg",65,65,true],"herald-lay-a":["https:\/\/www.fundacionmarista.org.ar\/site\/wp-content\/uploads\/2021\/10\/cec2-990x556.jpg",990,556,true],"herald-lay-a-full":["https:\/\/www.fundacionmarista.org.ar\/site\/wp-content\/uploads\/2021\/10\/cec2-1080x742.jpg",1080,742,true],"herald-lay-b":["https:\/\/www.fundacionmarista.org.ar\/site\/wp-content\/uploads\/2021\/10\/cec2-470x264.jpg",470,264,true],"herald-lay-b-full":["https:\/\/www.fundacionmarista.org.ar\/site\/wp-content\/uploads\/2021\/10\/cec2-640x360.jpg",640,360,true],"herald-lay-b1":["https:\/\/www.fundacionmarista.org.ar\/site\/wp-content\/uploads\/2021\/10\/cec2-300x200.jpg",300,200,true],"herald-lay-b1-full":["https:\/\/www.fundacionmarista.org.ar\/site\/wp-content\/uploads\/2021\/10\/cec2-414x276.jpg",414,276,true],"herald-lay-c1":["https:\/\/www.fundacionmarista.org.ar\/site\/wp-content\/uploads\/2021\/10\/cec2-470x313.jpg",470,313,true],"herald-lay-c1-full":["https:\/\/www.fundacionmarista.org.ar\/site\/wp-content\/uploads\/2021\/10\/cec2-640x426.jpg",640,426,true],"herald-lay-d":["https:\/\/www.fundacionmarista.org.ar\/site\/wp-content\/uploads\/2021\/10\/cec2-215x120.jpg",215,120,true],"herald-lay-d-full":["https:\/\/www.fundacionmarista.org.ar\/site\/wp-content\/uploads\/2021\/10\/cec2-300x168.jpg",300,168,true],"herald-lay-d1":["https:\/\/www.fundacionmarista.org.ar\/site\/wp-content\/uploads\/2021\/10\/cec2-130x86.jpg",130,86,true],"herald-lay-d1-full":["https:\/\/www.fundacionmarista.org.ar\/site\/wp-content\/uploads\/2021\/10\/cec2-187x124.jpg",187,124,true],"herald-lay-f":["https:\/\/www.fundacionmarista.org.ar\/site\/wp-content\/uploads\/2021\/10\/cec2-300x168.jpg",300,168,true],"herald-lay-f-full":["https:\/\/www.fundacionmarista.org.ar\/site\/wp-content\/uploads\/2021\/10\/cec2-414x232.jpg",414,232,true],"herald-lay-g1":["https:\/\/www.fundacionmarista.org.ar\/site\/wp-content\/uploads\/2021\/10\/cec2-74x55.jpg",74,55,true],"herald-lay-g1-full":["https:\/\/www.fundacionmarista.org.ar\/site\/wp-content\/uploads\/2021\/10\/cec2-111x83.jpg",111,83,true],"herald-lay-i-full":["https:\/\/www.fundacionmarista.org.ar\/site\/wp-content\/uploads\/2021\/10\/cec2-300x168.jpg",300,168,true],"herald-lay-i1":["https:\/\/www.fundacionmarista.org.ar\/site\/wp-content\/uploads\/2021\/10\/cec2-215x161.jpg",215,161,true],"herald-lay-i1-full":["https:\/\/www.fundacionmarista.org.ar\/site\/wp-content\/uploads\/2021\/10\/cec2-300x225.jpg",300,225,true],"herald-lay-single":["https:\/\/www.fundacionmarista.org.ar\/site\/wp-content\/uploads\/2021\/10\/cec2-990x990.jpg",990,990,true],"herald-lay-single-full":["https:\/\/www.fundacionmarista.org.ar\/site\/wp-content\/uploads\/2021\/10\/cec2.jpg",1080,1080,false],"herald-lay-page":["https:\/\/www.fundacionmarista.org.ar\/site\/wp-content\/uploads\/2021\/10\/cec2-990x990.jpg",990,990,true],"herald-lay-page-full":["https:\/\/www.fundacionmarista.org.ar\/site\/wp-content\/uploads\/2021\/10\/cec2.jpg",1080,1080,false],"herald-lay-fa1":["https:\/\/www.fundacionmarista.org.ar\/site\/wp-content\/uploads\/2021\/10\/cec2-434x420.jpg",434,420,true],"herald-lay-fa1-full":["https:\/\/www.fundacionmarista.org.ar\/site\/wp-content\/uploads\/2021\/10\/cec2-550x520.jpg",550,520,true],"herald-lay-fa3-big":["https:\/\/www.fundacionmarista.org.ar\/site\/wp-content\/uploads\/2021\/10\/cec2-459x420.jpg",459,420,true],"herald-lay-fa3-big-full":["https:\/\/www.fundacionmarista.org.ar\/site\/wp-content\/uploads\/2021\/10\/cec2-559x520.jpg",559,520,true],"herald-lay-fa3-small":["https:\/\/www.fundacionmarista.org.ar\/site\/wp-content\/uploads\/2021\/10\/cec2-260x210.jpg",260,210,true],"herald-lay-fa3-small-full":["https:\/\/www.fundacionmarista.org.ar\/site\/wp-content\/uploads\/2021\/10\/cec2-379x259.jpg",379,259,true],"herald-lay-fa5":["https:\/\/www.fundacionmarista.org.ar\/site\/wp-content\/uploads\/2021\/10\/cec2-980x420.jpg",980,420,true],"herald-lay-fa5-full":["https:\/\/www.fundacionmarista.org.ar\/site\/wp-content\/uploads\/2021\/10\/cec2-1080x520.jpg",1080,520,true],"awpcp-thumbnail":["https:\/\/www.fundacionmarista.org.ar\/site\/wp-content\/uploads\/2021\/10\/cec2-125x125.jpg",125,125,true],"awpcp-featured":["https:\/\/www.fundacionmarista.org.ar\/site\/wp-content\/uploads\/2021\/10\/cec2-200x200.jpg",200,200,true],"awpcp-featured-on-lists":["https:\/\/www.fundacionmarista.org.ar\/site\/wp-content\/uploads\/2021\/10\/cec2-80x80.jpg",80,80,true],"awpcp-large":["https:\/\/www.fundacionmarista.org.ar\/site\/wp-content\/uploads\/2021\/10\/cec2-480x480.jpg",480,480,true]},"rttpg_author":{"display_name":"Comunicaci\u00f3n","author_link":"https:\/\/www.fundacionmarista.org.ar\/site\/author\/mrilo\/"},"rttpg_comment":0,"rttpg_category":"<a href=\"https:\/\/www.fundacionmarista.org.ar\/site\/category\/ultimas\/\" rel=\"category tag\">Ultimas Noticias<\/a>","rttpg_excerpt":"En su aniversario n\u00famero 20, la comunidad educativa del CEC San Marcelino Champagnat de Mar del Plata sigue empe\u00f1ada en garantizar un acompa\u00f1amiento de calidad en la educaci\u00f3n, derecho fundamental de ni\u00f1os, ni\u00f1as, adolescentes y j\u00f3venes del barrio Parque Pe\u00f1a. Y como Fundaci\u00f3n Marista nos desaf\u00eda encontrar los mejores modos para que los proyectos se&hellip;","_links":{"self":[{"href":"https:\/\/www.fundacionmarista.org.ar\/site\/wp-json\/wp\/v2\/posts\/2278","targetHints":{"allow":["GET"]}}],"collection":[{"href":"https:\/\/www.fundacionmarista.org.ar\/site\/wp-json\/wp\/v2\/posts"}],"about":[{"href":"https:\/\/www.fundacionmarista.org.ar\/site\/wp-json\/wp\/v2\/types\/post"}],"author":[{"embeddable":true,"href":"https:\/\/www.fundacionmarista.org.ar\/site\/wp-json\/wp\/v2\/users\/4"}],"replies":[{"embeddable":true,"href":"https:\/\/www.fundacionmarista.org.ar\/site\/wp-json\/wp\/v2\/comments?post=2278"}],"version-history":[{"count":2,"href":"https:\/\/www.fundacionmarista.org.ar\/site\/wp-json\/wp\/v2\/posts\/2278\/revisions"}],"predecessor-version":[{"id":2283,"href":"https:\/\/www.fundacionmarista.org.ar\/site\/wp-json\/wp\/v2\/posts\/2278\/revisions\/2283"}],"wp:featuredmedia":[{"embeddable":true,"href":"https:\/\/www.fundacionmarista.org.ar\/site\/wp-json\/wp\/v2\/media\/2280"}],"wp:attachment":[{"href":"https:\/\/www.fundacionmarista.org.ar\/site\/wp-json\/wp\/v2\/media?parent=2278"}],"wp:term":[{"taxonomy":"category","embeddable":true,"href":"https:\/\/www.fundacionmarista.org.ar\/site\/wp-json\/wp\/v2\/categories?post=2278"},{"taxonomy":"post_tag","embeddable":true,"href":"https:\/\/www.fundacionmarista.org.ar\/site\/wp-json\/wp\/v2\/tags?post=2278"}],"curies":[{"name":"wp","href":"https:\/\/api.w.org\/{rel}","templated":true}]}}