{"id":2521,"date":"2024-07-05T12:14:41","date_gmt":"2024-07-05T15:14:41","guid":{"rendered":"https:\/\/www.fundacionmarista.org.ar\/site\/?p=2521"},"modified":"2024-07-05T12:23:54","modified_gmt":"2024-07-05T15:23:54","slug":"kermesse-en-el-champagnat-a-beneficio-de-fundacion-marista","status":"publish","type":"post","link":"https:\/\/www.fundacionmarista.org.ar\/site\/2024\/07\/05\/kermesse-en-el-champagnat-a-beneficio-de-fundacion-marista\/","title":{"rendered":"Kermesse en el Champagnat a Beneficio de Fundaci\u00f3n Marista"},"content":{"rendered":"<p><span class=\"OYPEnA text-decoration-none text-strikethrough-none\">El viernes 28 de Junio el Colegio Champagnat, junto a la Asociaci\u00f3n Padres de Champagnat, abri\u00f3 sus puertas para celebrar otra Kermesse solidaria a beneficio del grupo misionero Hermano Amelio y Fundaci\u00f3n Marista de la que participaron alrededor de dos mil personas.\u00a0<\/span><\/p>\n<p>Muchos ni\u00f1os, ni\u00f1as y adolescentes se acercaron al stand de Fundaci\u00f3n para girar nuestra ruleta, divertirse y participar por diferentes premios. Tambi\u00e9n, hubo una Feria de Emprendedores y por cada compra y ticket de entrada acced\u00edan a participar de un sorteo por premios incre\u00edbles.<\/p>\n<p>\u00a1Queremos agradecer a GRAM Editora (@grameditora) por la donaci\u00f3n de algunos de los obsequios para los asistentes a la Kermesse!<\/p>\n<p>Tambi\u00e9n, extendemos nuestro agradecimiento a la Asociaci\u00f3n de Padres por la organizaci\u00f3n y a todos y todas los asistentes por formar parte de un evento que, sin dudas, nos une como comunidad.<\/p>\n<p><img loading=\"lazy\" decoding=\"async\" class=\"alignnone size-medium wp-image-2529\" src=\"http:\/\/www.fundacionmarista.org.ar\/site\/wp-content\/uploads\/2024\/07\/WhatsApp-Image-2024-07-05-at-12.13.23-1-225x300.jpeg\" alt=\"\" width=\"225\" height=\"300\" srcset=\"https:\/\/www.fundacionmarista.org.ar\/site\/wp-content\/uploads\/2024\/07\/WhatsApp-Image-2024-07-05-at-12.13.23-1-225x300.jpeg 225w, https:\/\/www.fundacionmarista.org.ar\/site\/wp-content\/uploads\/2024\/07\/WhatsApp-Image-2024-07-05-at-12.13.23-1-768x1024.jpeg 768w, https:\/\/www.fundacionmarista.org.ar\/site\/wp-content\/uploads\/2024\/07\/WhatsApp-Image-2024-07-05-at-12.13.23-1-1152x1536.jpeg 1152w, https:\/\/www.fundacionmarista.org.ar\/site\/wp-content\/uploads\/2024\/07\/WhatsApp-Image-2024-07-05-at-12.13.23-1-990x1320.jpeg 990w, https:\/\/www.fundacionmarista.org.ar\/site\/wp-content\/uploads\/2024\/07\/WhatsApp-Image-2024-07-05-at-12.13.23-1.jpeg 1200w\" sizes=\"auto, (max-width: 225px) 100vw, 225px\" \/> <img loading=\"lazy\" decoding=\"async\" class=\"alignnone size-medium wp-image-2526\" src=\"http:\/\/www.fundacionmarista.org.ar\/site\/wp-content\/uploads\/2024\/07\/WhatsApp-Image-2024-07-05-at-12.13.15-225x300.jpeg\" alt=\"\" width=\"225\" height=\"300\" srcset=\"https:\/\/www.fundacionmarista.org.ar\/site\/wp-content\/uploads\/2024\/07\/WhatsApp-Image-2024-07-05-at-12.13.15-225x300.jpeg 225w, https:\/\/www.fundacionmarista.org.ar\/site\/wp-content\/uploads\/2024\/07\/WhatsApp-Image-2024-07-05-at-12.13.15-768x1024.jpeg 768w, https:\/\/www.fundacionmarista.org.ar\/site\/wp-content\/uploads\/2024\/07\/WhatsApp-Image-2024-07-05-at-12.13.15-1152x1536.jpeg 1152w, https:\/\/www.fundacionmarista.org.ar\/site\/wp-content\/uploads\/2024\/07\/WhatsApp-Image-2024-07-05-at-12.13.15-990x1320.jpeg 990w, https:\/\/www.fundacionmarista.org.ar\/site\/wp-content\/uploads\/2024\/07\/WhatsApp-Image-2024-07-05-at-12.13.15.jpeg 1200w\" sizes=\"auto, (max-width: 225px) 100vw, 225px\" \/> <img loading=\"lazy\" decoding=\"async\" class=\"alignnone size-medium wp-image-2530\" src=\"http:\/\/www.fundacionmarista.org.ar\/site\/wp-content\/uploads\/2024\/07\/WhatsApp-Image-2024-07-05-at-12.13.23-225x300.jpeg\" alt=\"\" width=\"225\" height=\"300\" srcset=\"https:\/\/www.fundacionmarista.org.ar\/site\/wp-content\/uploads\/2024\/07\/WhatsApp-Image-2024-07-05-at-12.13.23-225x300.jpeg 225w, https:\/\/www.fundacionmarista.org.ar\/site\/wp-content\/uploads\/2024\/07\/WhatsApp-Image-2024-07-05-at-12.13.23-768x1024.jpeg 768w, https:\/\/www.fundacionmarista.org.ar\/site\/wp-content\/uploads\/2024\/07\/WhatsApp-Image-2024-07-05-at-12.13.23-1152x1536.jpeg 1152w, https:\/\/www.fundacionmarista.org.ar\/site\/wp-content\/uploads\/2024\/07\/WhatsApp-Image-2024-07-05-at-12.13.23-990x1320.jpeg 990w, https:\/\/www.fundacionmarista.org.ar\/site\/wp-content\/uploads\/2024\/07\/WhatsApp-Image-2024-07-05-at-12.13.23.jpeg 1200w\" sizes=\"auto, (max-width: 225px) 100vw, 225px\" \/><\/p>\n","protected":false},"excerpt":{"rendered":"<p>El viernes 28 de Junio el Colegio Champagnat, junto a la Asociaci\u00f3n Padres de Champagnat, abri\u00f3 sus puertas para celebrar otra Kermesse solidaria a beneficio del grupo misionero Hermano Amelio y Fundaci\u00f3n Marista de la que participaron alrededor de dos mil personas.\u00a0 Muchos ni\u00f1os, ni\u00f1as y adolescentes se acercaron al stand de Fundaci\u00f3n para girar [&hellip;]<\/p>\n","protected":false},"author":4,"featured_media":2528,"comment_status":"closed","ping_status":"open","sticky":false,"template":"","format":"standard","meta":{"footnotes":""},"categories":[1],"tags":[],"class_list":["post-2521","post","type-post","status-publish","format-standard","has-post-thumbnail","hentry","category-ultimas"],"rttpg_featured_image_url":{"full":["https:\/\/www.fundacionmarista.org.ar\/site\/wp-content\/uploads\/2024\/07\/WhatsApp-Image-2024-07-05-at-12.13.21-e1720193027313.jpeg",1197,901,false],"landscape":["https:\/\/www.fundacionmarista.org.ar\/site\/wp-content\/uploads\/2024\/07\/WhatsApp-Image-2024-07-05-at-12.13.21-e1720193027313.jpeg",1197,901,false],"portraits":["https:\/\/www.fundacionmarista.org.ar\/site\/wp-content\/uploads\/2024\/07\/WhatsApp-Image-2024-07-05-at-12.13.21-e1720193027313.jpeg",1197,901,false],"thumbnail":["https:\/\/www.fundacionmarista.org.ar\/site\/wp-content\/uploads\/2024\/07\/WhatsApp-Image-2024-07-05-at-12.13.21-e1720193027313-150x150.jpeg",150,150,true],"medium":["https:\/\/www.fundacionmarista.org.ar\/site\/wp-content\/uploads\/2024\/07\/WhatsApp-Image-2024-07-05-at-12.13.21-e1720193027313-300x226.jpeg",300,226,true],"large":["https:\/\/www.fundacionmarista.org.ar\/site\/wp-content\/uploads\/2024\/07\/WhatsApp-Image-2024-07-05-at-12.13.21-e1720193027313-1024x771.jpeg",1024,771,true],"1536x1536":["https:\/\/www.fundacionmarista.org.ar\/site\/wp-content\/uploads\/2024\/07\/WhatsApp-Image-2024-07-05-at-12.13.21-1152x1536.jpeg",1152,1536,true],"2048x2048":["https:\/\/www.fundacionmarista.org.ar\/site\/wp-content\/uploads\/2024\/07\/WhatsApp-Image-2024-07-05-at-12.13.21-e1720193027313.jpeg",1197,901,false],"wp_review_large":["https:\/\/www.fundacionmarista.org.ar\/site\/wp-content\/uploads\/2024\/07\/WhatsApp-Image-2024-07-05-at-12.13.21-e1720193027313-320x200.jpeg",320,200,true],"wp_review_small":["https:\/\/www.fundacionmarista.org.ar\/site\/wp-content\/uploads\/2024\/07\/WhatsApp-Image-2024-07-05-at-12.13.21-e1720193027313-65x65.jpeg",65,65,true],"herald-lay-a":["https:\/\/www.fundacionmarista.org.ar\/site\/wp-content\/uploads\/2024\/07\/WhatsApp-Image-2024-07-05-at-12.13.21-e1720193027313-990x556.jpeg",990,556,true],"herald-lay-a-full":["https:\/\/www.fundacionmarista.org.ar\/site\/wp-content\/uploads\/2024\/07\/WhatsApp-Image-2024-07-05-at-12.13.21-e1720193027313-1197x742.jpeg",1197,742,true],"herald-lay-b":["https:\/\/www.fundacionmarista.org.ar\/site\/wp-content\/uploads\/2024\/07\/WhatsApp-Image-2024-07-05-at-12.13.21-e1720193027313-470x264.jpeg",470,264,true],"herald-lay-b-full":["https:\/\/www.fundacionmarista.org.ar\/site\/wp-content\/uploads\/2024\/07\/WhatsApp-Image-2024-07-05-at-12.13.21-e1720193027313-640x360.jpeg",640,360,true],"herald-lay-b1":["https:\/\/www.fundacionmarista.org.ar\/site\/wp-content\/uploads\/2024\/07\/WhatsApp-Image-2024-07-05-at-12.13.21-e1720193027313-300x200.jpeg",300,200,true],"herald-lay-b1-full":["https:\/\/www.fundacionmarista.org.ar\/site\/wp-content\/uploads\/2024\/07\/WhatsApp-Image-2024-07-05-at-12.13.21-e1720193027313-414x276.jpeg",414,276,true],"herald-lay-c1":["https:\/\/www.fundacionmarista.org.ar\/site\/wp-content\/uploads\/2024\/07\/WhatsApp-Image-2024-07-05-at-12.13.21-e1720193027313-470x313.jpeg",470,313,true],"herald-lay-c1-full":["https:\/\/www.fundacionmarista.org.ar\/site\/wp-content\/uploads\/2024\/07\/WhatsApp-Image-2024-07-05-at-12.13.21-e1720193027313-640x426.jpeg",640,426,true],"herald-lay-d":["https:\/\/www.fundacionmarista.org.ar\/site\/wp-content\/uploads\/2024\/07\/WhatsApp-Image-2024-07-05-at-12.13.21-e1720193027313-215x120.jpeg",215,120,true],"herald-lay-d-full":["https:\/\/www.fundacionmarista.org.ar\/site\/wp-content\/uploads\/2024\/07\/WhatsApp-Image-2024-07-05-at-12.13.21-e1720193027313-300x168.jpeg",300,168,true],"herald-lay-d1":["https:\/\/www.fundacionmarista.org.ar\/site\/wp-content\/uploads\/2024\/07\/WhatsApp-Image-2024-07-05-at-12.13.21-e1720193027313-130x86.jpeg",130,86,true],"herald-lay-d1-full":["https:\/\/www.fundacionmarista.org.ar\/site\/wp-content\/uploads\/2024\/07\/WhatsApp-Image-2024-07-05-at-12.13.21-e1720193027313-187x124.jpeg",187,124,true],"herald-lay-f":["https:\/\/www.fundacionmarista.org.ar\/site\/wp-content\/uploads\/2024\/07\/WhatsApp-Image-2024-07-05-at-12.13.21-e1720193027313-300x168.jpeg",300,168,true],"herald-lay-f-full":["https:\/\/www.fundacionmarista.org.ar\/site\/wp-content\/uploads\/2024\/07\/WhatsApp-Image-2024-07-05-at-12.13.21-e1720193027313-414x232.jpeg",414,232,true],"herald-lay-g1":["https:\/\/www.fundacionmarista.org.ar\/site\/wp-content\/uploads\/2024\/07\/WhatsApp-Image-2024-07-05-at-12.13.21-e1720193027313-74x55.jpeg",74,55,true],"herald-lay-g1-full":["https:\/\/www.fundacionmarista.org.ar\/site\/wp-content\/uploads\/2024\/07\/WhatsApp-Image-2024-07-05-at-12.13.21-e1720193027313-111x83.jpeg",111,83,true],"herald-lay-i-full":["https:\/\/www.fundacionmarista.org.ar\/site\/wp-content\/uploads\/2024\/07\/WhatsApp-Image-2024-07-05-at-12.13.21-e1720193027313-300x168.jpeg",300,168,true],"herald-lay-i1":["https:\/\/www.fundacionmarista.org.ar\/site\/wp-content\/uploads\/2024\/07\/WhatsApp-Image-2024-07-05-at-12.13.21-e1720193027313-215x161.jpeg",215,161,true],"herald-lay-i1-full":["https:\/\/www.fundacionmarista.org.ar\/site\/wp-content\/uploads\/2024\/07\/WhatsApp-Image-2024-07-05-at-12.13.21-e1720193027313-300x225.jpeg",300,225,true],"herald-lay-single":["https:\/\/www.fundacionmarista.org.ar\/site\/wp-content\/uploads\/2024\/07\/WhatsApp-Image-2024-07-05-at-12.13.21-e1720193027313-990x745.jpeg",990,745,true],"herald-lay-single-full":["https:\/\/www.fundacionmarista.org.ar\/site\/wp-content\/uploads\/2024\/07\/WhatsApp-Image-2024-07-05-at-12.13.21-e1720193027313.jpeg",1197,901,false],"herald-lay-page":["https:\/\/www.fundacionmarista.org.ar\/site\/wp-content\/uploads\/2024\/07\/WhatsApp-Image-2024-07-05-at-12.13.21-e1720193027313-990x745.jpeg",990,745,true],"herald-lay-page-full":["https:\/\/www.fundacionmarista.org.ar\/site\/wp-content\/uploads\/2024\/07\/WhatsApp-Image-2024-07-05-at-12.13.21-e1720193027313.jpeg",1197,901,false],"herald-lay-fa1":["https:\/\/www.fundacionmarista.org.ar\/site\/wp-content\/uploads\/2024\/07\/WhatsApp-Image-2024-07-05-at-12.13.21-e1720193027313-434x420.jpeg",434,420,true],"herald-lay-fa1-full":["https:\/\/www.fundacionmarista.org.ar\/site\/wp-content\/uploads\/2024\/07\/WhatsApp-Image-2024-07-05-at-12.13.21-e1720193027313-550x520.jpeg",550,520,true],"herald-lay-fa3-big":["https:\/\/www.fundacionmarista.org.ar\/site\/wp-content\/uploads\/2024\/07\/WhatsApp-Image-2024-07-05-at-12.13.21-e1720193027313-459x420.jpeg",459,420,true],"herald-lay-fa3-big-full":["https:\/\/www.fundacionmarista.org.ar\/site\/wp-content\/uploads\/2024\/07\/WhatsApp-Image-2024-07-05-at-12.13.21-e1720193027313-559x520.jpeg",559,520,true],"herald-lay-fa3-small":["https:\/\/www.fundacionmarista.org.ar\/site\/wp-content\/uploads\/2024\/07\/WhatsApp-Image-2024-07-05-at-12.13.21-e1720193027313-260x210.jpeg",260,210,true],"herald-lay-fa3-small-full":["https:\/\/www.fundacionmarista.org.ar\/site\/wp-content\/uploads\/2024\/07\/WhatsApp-Image-2024-07-05-at-12.13.21-e1720193027313-379x259.jpeg",379,259,true],"herald-lay-fa5":["https:\/\/www.fundacionmarista.org.ar\/site\/wp-content\/uploads\/2024\/07\/WhatsApp-Image-2024-07-05-at-12.13.21-e1720193027313-980x420.jpeg",980,420,true],"herald-lay-fa5-full":["https:\/\/www.fundacionmarista.org.ar\/site\/wp-content\/uploads\/2024\/07\/WhatsApp-Image-2024-07-05-at-12.13.21-e1720193027313-1197x520.jpeg",1197,520,true],"awpcp-thumbnail":["https:\/\/www.fundacionmarista.org.ar\/site\/wp-content\/uploads\/2024\/07\/WhatsApp-Image-2024-07-05-at-12.13.21-e1720193027313.jpeg",125,94,false],"awpcp-featured":["https:\/\/www.fundacionmarista.org.ar\/site\/wp-content\/uploads\/2024\/07\/WhatsApp-Image-2024-07-05-at-12.13.21-e1720193027313.jpeg",200,151,false],"awpcp-featured-on-lists":["https:\/\/www.fundacionmarista.org.ar\/site\/wp-content\/uploads\/2024\/07\/WhatsApp-Image-2024-07-05-at-12.13.21-e1720193027313.jpeg",80,60,false],"awpcp-large":["https:\/\/www.fundacionmarista.org.ar\/site\/wp-content\/uploads\/2024\/07\/WhatsApp-Image-2024-07-05-at-12.13.21-e1720193027313.jpeg",638,480,false]},"rttpg_author":{"display_name":"Comunicaci\u00f3n","author_link":"https:\/\/www.fundacionmarista.org.ar\/site\/author\/mrilo\/"},"rttpg_comment":0,"rttpg_category":"<a href=\"https:\/\/www.fundacionmarista.org.ar\/site\/category\/ultimas\/\" rel=\"category tag\">Ultimas Noticias<\/a>","rttpg_excerpt":"El viernes 28 de Junio el Colegio Champagnat, junto a la Asociaci\u00f3n Padres de Champagnat, abri\u00f3 sus puertas para celebrar otra Kermesse solidaria a beneficio del grupo misionero Hermano Amelio y Fundaci\u00f3n Marista de la que participaron alrededor de dos mil personas.\u00a0 Muchos ni\u00f1os, ni\u00f1as y adolescentes se acercaron al stand de Fundaci\u00f3n para girar&hellip;","_links":{"self":[{"href":"https:\/\/www.fundacionmarista.org.ar\/site\/wp-json\/wp\/v2\/posts\/2521","targetHints":{"allow":["GET"]}}],"collection":[{"href":"https:\/\/www.fundacionmarista.org.ar\/site\/wp-json\/wp\/v2\/posts"}],"about":[{"href":"https:\/\/www.fundacionmarista.org.ar\/site\/wp-json\/wp\/v2\/types\/post"}],"author":[{"embeddable":true,"href":"https:\/\/www.fundacionmarista.org.ar\/site\/wp-json\/wp\/v2\/users\/4"}],"replies":[{"embeddable":true,"href":"https:\/\/www.fundacionmarista.org.ar\/site\/wp-json\/wp\/v2\/comments?post=2521"}],"version-history":[{"count":4,"href":"https:\/\/www.fundacionmarista.org.ar\/site\/wp-json\/wp\/v2\/posts\/2521\/revisions"}],"predecessor-version":[{"id":2535,"href":"https:\/\/www.fundacionmarista.org.ar\/site\/wp-json\/wp\/v2\/posts\/2521\/revisions\/2535"}],"wp:featuredmedia":[{"embeddable":true,"href":"https:\/\/www.fundacionmarista.org.ar\/site\/wp-json\/wp\/v2\/media\/2528"}],"wp:attachment":[{"href":"https:\/\/www.fundacionmarista.org.ar\/site\/wp-json\/wp\/v2\/media?parent=2521"}],"wp:term":[{"taxonomy":"category","embeddable":true,"href":"https:\/\/www.fundacionmarista.org.ar\/site\/wp-json\/wp\/v2\/categories?post=2521"},{"taxonomy":"post_tag","embeddable":true,"href":"https:\/\/www.fundacionmarista.org.ar\/site\/wp-json\/wp\/v2\/tags?post=2521"}],"curies":[{"name":"wp","href":"https:\/\/api.w.org\/{rel}","templated":true}]}}