{"id":2558,"date":"2024-10-15T09:33:10","date_gmt":"2024-10-15T12:33:10","guid":{"rendered":"https:\/\/www.fundacionmarista.org.ar\/site\/?p=2558"},"modified":"2024-10-15T09:36:38","modified_gmt":"2024-10-15T12:36:38","slug":"kermesse-en-el-macnab-a-beneficio-de-la-fundacion-marista","status":"publish","type":"post","link":"https:\/\/www.fundacionmarista.org.ar\/site\/2024\/10\/15\/kermesse-en-el-macnab-a-beneficio-de-la-fundacion-marista\/","title":{"rendered":"Kermesse en el Macnab, a beneficio de la Fundaci\u00f3n Marista"},"content":{"rendered":"<p>El s\u00e1bado 28 de Septiembre el Colegio Macnab Bernal de Villa Lugano, llev\u00f3 adelante la Kermesse Solidaria anual a la que asistieron m\u00e1s de 1.800 personas de la comunidad educativa. Estudiantes, docentes, personal no docente, familias y ex alumnos y alumnas se reunieron para compartir una jornada especial con propuestas l\u00fadicas, stands de concientizaci\u00f3n y grandes sorteos.<\/p>\n<p>Durante todo el evento se trabaj\u00f3 con el Club de Solidaridad y la Fundaci\u00f3n Garrahan en el reciclado de papel, pl\u00e1sticos y metales; la organizaci\u00f3n \u201cEl Otro me Importa\u201d y la Fundaci\u00f3n Marista, logrando unir el trabajo y la vida de diferentes personas que son puente solidario con el pr\u00f3jimo. Adem\u00e1s, a lo largo de la tarde se entregaron donaciones de pelucas y mechones de pelo que luego fueron ofrecidas a #unpelitomasfacil para ayudar a pacientes oncol\u00f3gicos.<\/p>\n<p>En el Stand de Fundaci\u00f3n Marista, cientos de ni\u00f1os y ni\u00f1as jugaron a la ruleta y al memotest, desaf\u00edandolos a conocer nuestra misi\u00f3n y a recordar- mediante el juego- los nombres y fachadas de los Centros Educativos Comunitarios que acompa\u00f1amos en Argentina. Al finalizar la jornada, se realiz\u00f3 un sorteo por un kit de productos Dermagl\u00f3s y una mochila de GRAM Editora.<\/p>\n<p>Seg\u00fan los datos de la recaudaci\u00f3n, con la colaboraci\u00f3n de los pases contribuci\u00f3n, el buffete y las rifas se lograron recaudar $ 2.812.596,32 que fueron distribuidos en partes iguales entre la Red Solidaria del Colegio, la Fundaci\u00f3n Marista y la Pastoral Juvenil.<\/p>\n<p>Agradecemos a todos, todas, cada uno y cada una por participar, colaborar y disponerse al encuentro. Fue una jornada de juegos, encuentro, alegr\u00eda, trabajo compartido y esp\u00edritu solidario. \u00a1Hasta la pr\u00f3xima!<\/p>\n<div id='gallery-1' class='gallery galleryid-2558 gallery-columns-3 gallery-size-herald-lay-c1'><figure class='gallery-item'>\n\t\t\t<div class='gallery-icon portrait'>\n\t\t\t\t<a class=\"herald-popup\" href='https:\/\/www.fundacionmarista.org.ar\/site\/wp-content\/uploads\/2024\/10\/IMG_2664-scaled.jpg'><img loading=\"lazy\" decoding=\"async\" width=\"470\" height=\"313\" src=\"https:\/\/www.fundacionmarista.org.ar\/site\/wp-content\/uploads\/2024\/10\/IMG_2664-470x313.jpg\" class=\"attachment-herald-lay-c1 size-herald-lay-c1\" alt=\"\" srcset=\"https:\/\/www.fundacionmarista.org.ar\/site\/wp-content\/uploads\/2024\/10\/IMG_2664-470x313.jpg 470w, https:\/\/www.fundacionmarista.org.ar\/site\/wp-content\/uploads\/2024\/10\/IMG_2664-300x200.jpg 300w, https:\/\/www.fundacionmarista.org.ar\/site\/wp-content\/uploads\/2024\/10\/IMG_2664-414x276.jpg 414w, https:\/\/www.fundacionmarista.org.ar\/site\/wp-content\/uploads\/2024\/10\/IMG_2664-640x426.jpg 640w, https:\/\/www.fundacionmarista.org.ar\/site\/wp-content\/uploads\/2024\/10\/IMG_2664-130x86.jpg 130w, https:\/\/www.fundacionmarista.org.ar\/site\/wp-content\/uploads\/2024\/10\/IMG_2664-187x124.jpg 187w\" sizes=\"auto, (max-width: 470px) 100vw, 470px\" \/><\/a>\n\t\t\t<\/div><\/figure><figure class='gallery-item'>\n\t\t\t<div class='gallery-icon landscape'>\n\t\t\t\t<a class=\"herald-popup\" href='https:\/\/www.fundacionmarista.org.ar\/site\/wp-content\/uploads\/2024\/10\/IMG_2681-scaled.jpg'><img loading=\"lazy\" decoding=\"async\" width=\"470\" height=\"313\" src=\"https:\/\/www.fundacionmarista.org.ar\/site\/wp-content\/uploads\/2024\/10\/IMG_2681-470x313.jpg\" class=\"attachment-herald-lay-c1 size-herald-lay-c1\" alt=\"\" srcset=\"https:\/\/www.fundacionmarista.org.ar\/site\/wp-content\/uploads\/2024\/10\/IMG_2681-470x313.jpg 470w, https:\/\/www.fundacionmarista.org.ar\/site\/wp-content\/uploads\/2024\/10\/IMG_2681-300x200.jpg 300w, https:\/\/www.fundacionmarista.org.ar\/site\/wp-content\/uploads\/2024\/10\/IMG_2681-414x276.jpg 414w, https:\/\/www.fundacionmarista.org.ar\/site\/wp-content\/uploads\/2024\/10\/IMG_2681-640x426.jpg 640w, https:\/\/www.fundacionmarista.org.ar\/site\/wp-content\/uploads\/2024\/10\/IMG_2681-130x86.jpg 130w, https:\/\/www.fundacionmarista.org.ar\/site\/wp-content\/uploads\/2024\/10\/IMG_2681-187x124.jpg 187w\" sizes=\"auto, (max-width: 470px) 100vw, 470px\" \/><\/a>\n\t\t\t<\/div><\/figure><figure class='gallery-item'>\n\t\t\t<div class='gallery-icon landscape'>\n\t\t\t\t<a class=\"herald-popup\" href='https:\/\/www.fundacionmarista.org.ar\/site\/wp-content\/uploads\/2024\/10\/IMG_2711-scaled.jpg'><img loading=\"lazy\" decoding=\"async\" width=\"470\" height=\"313\" src=\"https:\/\/www.fundacionmarista.org.ar\/site\/wp-content\/uploads\/2024\/10\/IMG_2711-470x313.jpg\" class=\"attachment-herald-lay-c1 size-herald-lay-c1\" alt=\"\" srcset=\"https:\/\/www.fundacionmarista.org.ar\/site\/wp-content\/uploads\/2024\/10\/IMG_2711-470x313.jpg 470w, https:\/\/www.fundacionmarista.org.ar\/site\/wp-content\/uploads\/2024\/10\/IMG_2711-300x200.jpg 300w, https:\/\/www.fundacionmarista.org.ar\/site\/wp-content\/uploads\/2024\/10\/IMG_2711-414x276.jpg 414w, https:\/\/www.fundacionmarista.org.ar\/site\/wp-content\/uploads\/2024\/10\/IMG_2711-640x426.jpg 640w, https:\/\/www.fundacionmarista.org.ar\/site\/wp-content\/uploads\/2024\/10\/IMG_2711-130x86.jpg 130w, https:\/\/www.fundacionmarista.org.ar\/site\/wp-content\/uploads\/2024\/10\/IMG_2711-187x124.jpg 187w\" sizes=\"auto, (max-width: 470px) 100vw, 470px\" \/><\/a>\n\t\t\t<\/div><\/figure>\n\t\t<\/div>\n\n<p>&nbsp;<\/p>\n","protected":false},"excerpt":{"rendered":"<p>El s\u00e1bado 28 de Septiembre el Colegio Macnab Bernal de Villa Lugano, llev\u00f3 adelante la Kermesse Solidaria anual a la que asistieron m\u00e1s de 1.800 personas de la comunidad educativa. Estudiantes, docentes, personal no docente, familias y ex alumnos y alumnas se reunieron para compartir una jornada especial con propuestas l\u00fadicas, stands de concientizaci\u00f3n y [&hellip;]<\/p>\n","protected":false},"author":4,"featured_media":2563,"comment_status":"closed","ping_status":"open","sticky":false,"template":"","format":"standard","meta":{"footnotes":""},"categories":[1],"tags":[],"class_list":["post-2558","post","type-post","status-publish","format-standard","has-post-thumbnail","hentry","category-ultimas"],"rttpg_featured_image_url":{"full":["https:\/\/www.fundacionmarista.org.ar\/site\/wp-content\/uploads\/2024\/10\/IMG_2735-scaled.jpg",2560,2040,false],"landscape":["https:\/\/www.fundacionmarista.org.ar\/site\/wp-content\/uploads\/2024\/10\/IMG_2735-scaled.jpg",2560,2040,false],"portraits":["https:\/\/www.fundacionmarista.org.ar\/site\/wp-content\/uploads\/2024\/10\/IMG_2735-scaled.jpg",2560,2040,false],"thumbnail":["https:\/\/www.fundacionmarista.org.ar\/site\/wp-content\/uploads\/2024\/10\/IMG_2735-150x150.jpg",150,150,true],"medium":["https:\/\/www.fundacionmarista.org.ar\/site\/wp-content\/uploads\/2024\/10\/IMG_2735-300x239.jpg",300,239,true],"large":["https:\/\/www.fundacionmarista.org.ar\/site\/wp-content\/uploads\/2024\/10\/IMG_2735-1024x816.jpg",1024,816,true],"1536x1536":["https:\/\/www.fundacionmarista.org.ar\/site\/wp-content\/uploads\/2024\/10\/IMG_2735-1536x1224.jpg",1536,1224,true],"2048x2048":["https:\/\/www.fundacionmarista.org.ar\/site\/wp-content\/uploads\/2024\/10\/IMG_2735-2048x1632.jpg",2048,1632,true],"wp_review_large":["https:\/\/www.fundacionmarista.org.ar\/site\/wp-content\/uploads\/2024\/10\/IMG_2735-320x200.jpg",320,200,true],"wp_review_small":["https:\/\/www.fundacionmarista.org.ar\/site\/wp-content\/uploads\/2024\/10\/IMG_2735-65x65.jpg",65,65,true],"herald-lay-a":["https:\/\/www.fundacionmarista.org.ar\/site\/wp-content\/uploads\/2024\/10\/IMG_2735-990x556.jpg",990,556,true],"herald-lay-a-full":["https:\/\/www.fundacionmarista.org.ar\/site\/wp-content\/uploads\/2024\/10\/IMG_2735-1320x742.jpg",1320,742,true],"herald-lay-b":["https:\/\/www.fundacionmarista.org.ar\/site\/wp-content\/uploads\/2024\/10\/IMG_2735-470x264.jpg",470,264,true],"herald-lay-b-full":["https:\/\/www.fundacionmarista.org.ar\/site\/wp-content\/uploads\/2024\/10\/IMG_2735-640x360.jpg",640,360,true],"herald-lay-b1":["https:\/\/www.fundacionmarista.org.ar\/site\/wp-content\/uploads\/2024\/10\/IMG_2735-300x200.jpg",300,200,true],"herald-lay-b1-full":["https:\/\/www.fundacionmarista.org.ar\/site\/wp-content\/uploads\/2024\/10\/IMG_2735-414x276.jpg",414,276,true],"herald-lay-c1":["https:\/\/www.fundacionmarista.org.ar\/site\/wp-content\/uploads\/2024\/10\/IMG_2735-470x313.jpg",470,313,true],"herald-lay-c1-full":["https:\/\/www.fundacionmarista.org.ar\/site\/wp-content\/uploads\/2024\/10\/IMG_2735-640x426.jpg",640,426,true],"herald-lay-d":["https:\/\/www.fundacionmarista.org.ar\/site\/wp-content\/uploads\/2024\/10\/IMG_2735-215x120.jpg",215,120,true],"herald-lay-d-full":["https:\/\/www.fundacionmarista.org.ar\/site\/wp-content\/uploads\/2024\/10\/IMG_2735-300x168.jpg",300,168,true],"herald-lay-d1":["https:\/\/www.fundacionmarista.org.ar\/site\/wp-content\/uploads\/2024\/10\/IMG_2735-130x86.jpg",130,86,true],"herald-lay-d1-full":["https:\/\/www.fundacionmarista.org.ar\/site\/wp-content\/uploads\/2024\/10\/IMG_2735-187x124.jpg",187,124,true],"herald-lay-f":["https:\/\/www.fundacionmarista.org.ar\/site\/wp-content\/uploads\/2024\/10\/IMG_2735-300x168.jpg",300,168,true],"herald-lay-f-full":["https:\/\/www.fundacionmarista.org.ar\/site\/wp-content\/uploads\/2024\/10\/IMG_2735-414x232.jpg",414,232,true],"herald-lay-g1":["https:\/\/www.fundacionmarista.org.ar\/site\/wp-content\/uploads\/2024\/10\/IMG_2735-74x55.jpg",74,55,true],"herald-lay-g1-full":["https:\/\/www.fundacionmarista.org.ar\/site\/wp-content\/uploads\/2024\/10\/IMG_2735-111x83.jpg",111,83,true],"herald-lay-i-full":["https:\/\/www.fundacionmarista.org.ar\/site\/wp-content\/uploads\/2024\/10\/IMG_2735-300x168.jpg",300,168,true],"herald-lay-i1":["https:\/\/www.fundacionmarista.org.ar\/site\/wp-content\/uploads\/2024\/10\/IMG_2735-215x161.jpg",215,161,true],"herald-lay-i1-full":["https:\/\/www.fundacionmarista.org.ar\/site\/wp-content\/uploads\/2024\/10\/IMG_2735-300x225.jpg",300,225,true],"herald-lay-single":["https:\/\/www.fundacionmarista.org.ar\/site\/wp-content\/uploads\/2024\/10\/IMG_2735-990x789.jpg",990,789,true],"herald-lay-single-full":["https:\/\/www.fundacionmarista.org.ar\/site\/wp-content\/uploads\/2024\/10\/IMG_2735-1320x1052.jpg",1320,1052,true],"herald-lay-page":["https:\/\/www.fundacionmarista.org.ar\/site\/wp-content\/uploads\/2024\/10\/IMG_2735-990x789.jpg",990,789,true],"herald-lay-page-full":["https:\/\/www.fundacionmarista.org.ar\/site\/wp-content\/uploads\/2024\/10\/IMG_2735-1320x1052.jpg",1320,1052,true],"herald-lay-fa1":["https:\/\/www.fundacionmarista.org.ar\/site\/wp-content\/uploads\/2024\/10\/IMG_2735-434x420.jpg",434,420,true],"herald-lay-fa1-full":["https:\/\/www.fundacionmarista.org.ar\/site\/wp-content\/uploads\/2024\/10\/IMG_2735-550x520.jpg",550,520,true],"herald-lay-fa3-big":["https:\/\/www.fundacionmarista.org.ar\/site\/wp-content\/uploads\/2024\/10\/IMG_2735-459x420.jpg",459,420,true],"herald-lay-fa3-big-full":["https:\/\/www.fundacionmarista.org.ar\/site\/wp-content\/uploads\/2024\/10\/IMG_2735-559x520.jpg",559,520,true],"herald-lay-fa3-small":["https:\/\/www.fundacionmarista.org.ar\/site\/wp-content\/uploads\/2024\/10\/IMG_2735-260x210.jpg",260,210,true],"herald-lay-fa3-small-full":["https:\/\/www.fundacionmarista.org.ar\/site\/wp-content\/uploads\/2024\/10\/IMG_2735-379x259.jpg",379,259,true],"herald-lay-fa5":["https:\/\/www.fundacionmarista.org.ar\/site\/wp-content\/uploads\/2024\/10\/IMG_2735-980x420.jpg",980,420,true],"herald-lay-fa5-full":["https:\/\/www.fundacionmarista.org.ar\/site\/wp-content\/uploads\/2024\/10\/IMG_2735-1320x520.jpg",1320,520,true],"awpcp-thumbnail":["https:\/\/www.fundacionmarista.org.ar\/site\/wp-content\/uploads\/2024\/10\/IMG_2735-scaled.jpg",125,100,false],"awpcp-featured":["https:\/\/www.fundacionmarista.org.ar\/site\/wp-content\/uploads\/2024\/10\/IMG_2735-scaled.jpg",200,159,false],"awpcp-featured-on-lists":["https:\/\/www.fundacionmarista.org.ar\/site\/wp-content\/uploads\/2024\/10\/IMG_2735-scaled.jpg",80,64,false],"awpcp-large":["https:\/\/www.fundacionmarista.org.ar\/site\/wp-content\/uploads\/2024\/10\/IMG_2735-scaled.jpg",602,480,false]},"rttpg_author":{"display_name":"Comunicaci\u00f3n","author_link":"https:\/\/www.fundacionmarista.org.ar\/site\/author\/mrilo\/"},"rttpg_comment":0,"rttpg_category":"<a href=\"https:\/\/www.fundacionmarista.org.ar\/site\/category\/ultimas\/\" rel=\"category tag\">Ultimas Noticias<\/a>","rttpg_excerpt":"El s\u00e1bado 28 de Septiembre el Colegio Macnab Bernal de Villa Lugano, llev\u00f3 adelante la Kermesse Solidaria anual a la que asistieron m\u00e1s de 1.800 personas de la comunidad educativa. Estudiantes, docentes, personal no docente, familias y ex alumnos y alumnas se reunieron para compartir una jornada especial con propuestas l\u00fadicas, stands de concientizaci\u00f3n y&hellip;","_links":{"self":[{"href":"https:\/\/www.fundacionmarista.org.ar\/site\/wp-json\/wp\/v2\/posts\/2558","targetHints":{"allow":["GET"]}}],"collection":[{"href":"https:\/\/www.fundacionmarista.org.ar\/site\/wp-json\/wp\/v2\/posts"}],"about":[{"href":"https:\/\/www.fundacionmarista.org.ar\/site\/wp-json\/wp\/v2\/types\/post"}],"author":[{"embeddable":true,"href":"https:\/\/www.fundacionmarista.org.ar\/site\/wp-json\/wp\/v2\/users\/4"}],"replies":[{"embeddable":true,"href":"https:\/\/www.fundacionmarista.org.ar\/site\/wp-json\/wp\/v2\/comments?post=2558"}],"version-history":[{"count":2,"href":"https:\/\/www.fundacionmarista.org.ar\/site\/wp-json\/wp\/v2\/posts\/2558\/revisions"}],"predecessor-version":[{"id":2565,"href":"https:\/\/www.fundacionmarista.org.ar\/site\/wp-json\/wp\/v2\/posts\/2558\/revisions\/2565"}],"wp:featuredmedia":[{"embeddable":true,"href":"https:\/\/www.fundacionmarista.org.ar\/site\/wp-json\/wp\/v2\/media\/2563"}],"wp:attachment":[{"href":"https:\/\/www.fundacionmarista.org.ar\/site\/wp-json\/wp\/v2\/media?parent=2558"}],"wp:term":[{"taxonomy":"category","embeddable":true,"href":"https:\/\/www.fundacionmarista.org.ar\/site\/wp-json\/wp\/v2\/categories?post=2558"},{"taxonomy":"post_tag","embeddable":true,"href":"https:\/\/www.fundacionmarista.org.ar\/site\/wp-json\/wp\/v2\/tags?post=2558"}],"curies":[{"name":"wp","href":"https:\/\/api.w.org\/{rel}","templated":true}]}}