{"id":2573,"date":"2024-11-15T11:06:29","date_gmt":"2024-11-15T14:06:29","guid":{"rendered":"https:\/\/www.fundacionmarista.org.ar\/site\/?p=2573"},"modified":"2024-11-15T11:07:21","modified_gmt":"2024-11-15T14:07:21","slug":"visita-a-nueva-pompeya-potenciando-el-acompanamiento-comunitario","status":"publish","type":"post","link":"https:\/\/www.fundacionmarista.org.ar\/site\/2024\/11\/15\/visita-a-nueva-pompeya-potenciando-el-acompanamiento-comunitario\/","title":{"rendered":"Visita a Nueva Pompeya: Potenciando el Acompa\u00f1amiento Comunitario"},"content":{"rendered":"<p><strong>La Vicepresidenta del Consejo de Fundaci\u00f3n Marista, Gisela Favaro, el Director Ejecutivo, Emanuel Rilo y Raquel P\u00e9rez Sanchez, responsable del \u00e1rea de Proyectos, visitaron junto al equipo de gesti\u00f3n de Centros Educativos Comunitarios al CEC de Nueva Pompeya, en la Provincia de Chaco, con el objetivo de fortalecer y celebrar el trabajo que se lleva adelante en la comunidad.\u00a0<\/strong><\/p>\n<p><span style=\"font-weight: 400;\">El CEC Nueva Pompeya ofrece una variedad de propuestas para j\u00f3venes, ni\u00f1as, ni\u00f1os y familias.\u00a0 Este espacio cuenta con talleres orientados a desarrollar habilidades en oficios, como carpinter\u00eda, bicicleter\u00eda, herrer\u00eda y electricidad, dise\u00f1ados para capacitar a los j\u00f3venes y abrirles nuevas oportunidades de desarrollo personal y laboral. Adem\u00e1s, el centro ofrece un espacio para un grupo de madres artesanas y talleres de apoyo socioeducativo para las infancias, promoviendo el aprendizaje, cuidado y fortalecimiento de la comunidad.<\/span><\/p>\n<p><span style=\"font-weight: 400;\">A su vez, los j\u00f3venes tienen la oportunidad de participar en el proyecto de una radio comunitaria, un espacio que fomenta la expresi\u00f3n, el sentido de pertenencia y la difusi\u00f3n de temas de inter\u00e9s del grupo. Como parte de su misi\u00f3n, el CEC tambi\u00e9n cuenta con la Secretar\u00eda de los Derechos, que brinda asesoramiento a la comunidad y promueve el respeto y protecci\u00f3n de los derechos de todas las personas de la localidad.<\/span><\/p>\n<p><span style=\"font-weight: 400;\">Esta visita tuvo la presencia de Nitsan Perets, psic\u00f3logo especializado en terapia narrativa y abordaje comunitario. Tras varios encuentros de formaci\u00f3n virtual previos, Nitsan acompa\u00f1\u00f3 al equipo en esta ocasi\u00f3n de manera presencial, brindando su experiencia y asesoramiento en temas de abordaje en los consumos problem\u00e1ticos.\u00a0<\/span><\/p>\n<p><span style=\"font-weight: 400;\">Se trabaj\u00f3 junto al equipo del centro comunitario en el desarrollo de un enfoque terap\u00e9utico adaptado a las particularidades de la comunidad wich\u00ed. Este proceso incluy\u00f3 el dise\u00f1o de herramientas que permitan registrar y acompa\u00f1ar el crecimiento de los j\u00f3venes, resaltando sus habilidades, valores y sue\u00f1os, para que puedan construir un proyecto de vida significativo.<\/span><\/p>\n<p><span style=\"font-weight: 400;\">Durante la visita, tambi\u00e9n dedic\u00f3 tiempo a mantener entrevistas personales con los j\u00f3venes del CEC, donde pudo escuchar de primera mano sus preocupaciones, aspiraciones y sue\u00f1os. En estos encuentros, los j\u00f3venes compartieron sus puntos de vista sobre el rol que el centro comunitario tiene en sus vidas, destacando c\u00f3mo valoran este espacio como un lugar de apoyo, aprendizaje y pertenencia.<\/span><\/p>\n<p><span style=\"font-weight: 400;\">Uno de los aspectos fundamentales abordados durante la visita fue el di\u00e1logo con las madres de los j\u00f3venes. A trav\u00e9s de espacios de escucha y reflexi\u00f3n, se exploraron sus preocupaciones, intereses y c\u00f3mo potenciar el acompa\u00f1amiento familiar en situaciones complejas. Estos encuentros fueron clave para comprender mejor las din\u00e1micas familiares y reforzar el rol de las familias en el proceso de desarrollo de los j\u00f3venes.<\/span><\/p>\n<p><span style=\"font-weight: 400;\">Como cierre de la visita, el equipo de gesti\u00f3n, la fundaci\u00f3n maristas y Nitsan participaron en un espacio de celebraci\u00f3n del trabajo realizado en el centro. A partir de los relatos y experiencias de los j\u00f3venes que participan en el CEC, se compartieron los aprendizajes del equipo, poniendo en valor el esfuerzo, compromiso y la dedicaci\u00f3n de todos los que forman parte del centro comunitario, destacando el impacto positivo de las iniciativas\u00a0 y el valioso apoyo del CEC a la comunidad de Nueva Pompeya.\u00a0<\/span><\/p>\n<p><span style=\"font-weight: 400;\">Este centro educativo comunitario, funciona gracias al aporte de SEDRONAR y el acceso a recursos de la pol\u00edtica p\u00fablica que se viabilizan a trav\u00e9s de la Fundaci\u00f3n Marista, posibilitando ser un pilar en la vida de la comunidad, ofreciendo un espacio seguro, de crecimiento y oportunidades para construir un presente y un futuro mejor para todos.<\/span><\/p>\n<div id='gallery-1' class='gallery galleryid-2573 gallery-columns-3 gallery-size-herald-lay-c1'><figure class='gallery-item'>\n\t\t\t<div class='gallery-icon landscape'>\n\t\t\t\t<a class=\"herald-popup\" href='https:\/\/www.fundacionmarista.org.ar\/site\/wp-content\/uploads\/2024\/11\/20241016_190454.jpg'><img loading=\"lazy\" decoding=\"async\" width=\"470\" height=\"313\" src=\"https:\/\/www.fundacionmarista.org.ar\/site\/wp-content\/uploads\/2024\/11\/20241016_190454-470x313.jpg\" class=\"attachment-herald-lay-c1 size-herald-lay-c1\" alt=\"\" srcset=\"https:\/\/www.fundacionmarista.org.ar\/site\/wp-content\/uploads\/2024\/11\/20241016_190454-470x313.jpg 470w, https:\/\/www.fundacionmarista.org.ar\/site\/wp-content\/uploads\/2024\/11\/20241016_190454-300x200.jpg 300w, https:\/\/www.fundacionmarista.org.ar\/site\/wp-content\/uploads\/2024\/11\/20241016_190454-414x276.jpg 414w, https:\/\/www.fundacionmarista.org.ar\/site\/wp-content\/uploads\/2024\/11\/20241016_190454-640x426.jpg 640w, https:\/\/www.fundacionmarista.org.ar\/site\/wp-content\/uploads\/2024\/11\/20241016_190454-130x86.jpg 130w, https:\/\/www.fundacionmarista.org.ar\/site\/wp-content\/uploads\/2024\/11\/20241016_190454-187x124.jpg 187w\" sizes=\"auto, (max-width: 470px) 100vw, 470px\" \/><\/a>\n\t\t\t<\/div><\/figure><figure class='gallery-item'>\n\t\t\t<div class='gallery-icon landscape'>\n\t\t\t\t<a class=\"herald-popup\" href='https:\/\/www.fundacionmarista.org.ar\/site\/wp-content\/uploads\/2024\/11\/20241016_181515.jpg'><img loading=\"lazy\" decoding=\"async\" width=\"470\" height=\"313\" src=\"https:\/\/www.fundacionmarista.org.ar\/site\/wp-content\/uploads\/2024\/11\/20241016_181515-470x313.jpg\" class=\"attachment-herald-lay-c1 size-herald-lay-c1\" alt=\"\" srcset=\"https:\/\/www.fundacionmarista.org.ar\/site\/wp-content\/uploads\/2024\/11\/20241016_181515-470x313.jpg 470w, https:\/\/www.fundacionmarista.org.ar\/site\/wp-content\/uploads\/2024\/11\/20241016_181515-300x200.jpg 300w, https:\/\/www.fundacionmarista.org.ar\/site\/wp-content\/uploads\/2024\/11\/20241016_181515-414x276.jpg 414w, https:\/\/www.fundacionmarista.org.ar\/site\/wp-content\/uploads\/2024\/11\/20241016_181515-640x426.jpg 640w, https:\/\/www.fundacionmarista.org.ar\/site\/wp-content\/uploads\/2024\/11\/20241016_181515-130x86.jpg 130w, https:\/\/www.fundacionmarista.org.ar\/site\/wp-content\/uploads\/2024\/11\/20241016_181515-187x124.jpg 187w\" sizes=\"auto, (max-width: 470px) 100vw, 470px\" \/><\/a>\n\t\t\t<\/div><\/figure><figure class='gallery-item'>\n\t\t\t<div class='gallery-icon landscape'>\n\t\t\t\t<a class=\"herald-popup\" href='https:\/\/www.fundacionmarista.org.ar\/site\/wp-content\/uploads\/2024\/11\/20241016_174129.jpg'><img loading=\"lazy\" decoding=\"async\" width=\"470\" height=\"313\" src=\"https:\/\/www.fundacionmarista.org.ar\/site\/wp-content\/uploads\/2024\/11\/20241016_174129-470x313.jpg\" class=\"attachment-herald-lay-c1 size-herald-lay-c1\" alt=\"\" srcset=\"https:\/\/www.fundacionmarista.org.ar\/site\/wp-content\/uploads\/2024\/11\/20241016_174129-470x313.jpg 470w, https:\/\/www.fundacionmarista.org.ar\/site\/wp-content\/uploads\/2024\/11\/20241016_174129-300x200.jpg 300w, https:\/\/www.fundacionmarista.org.ar\/site\/wp-content\/uploads\/2024\/11\/20241016_174129-414x276.jpg 414w, https:\/\/www.fundacionmarista.org.ar\/site\/wp-content\/uploads\/2024\/11\/20241016_174129-640x426.jpg 640w, https:\/\/www.fundacionmarista.org.ar\/site\/wp-content\/uploads\/2024\/11\/20241016_174129-130x86.jpg 130w, https:\/\/www.fundacionmarista.org.ar\/site\/wp-content\/uploads\/2024\/11\/20241016_174129-187x124.jpg 187w\" sizes=\"auto, (max-width: 470px) 100vw, 470px\" \/><\/a>\n\t\t\t<\/div><\/figure>\n\t\t<\/div>\n\n","protected":false},"excerpt":{"rendered":"<p>La Vicepresidenta del Consejo de Fundaci\u00f3n Marista, Gisela Favaro, el Director Ejecutivo, Emanuel Rilo y Raquel P\u00e9rez Sanchez, responsable del \u00e1rea de Proyectos, visitaron junto al equipo de gesti\u00f3n de Centros Educativos Comunitarios al CEC de Nueva Pompeya, en la Provincia de Chaco, con el objetivo de fortalecer y celebrar el trabajo que se lleva [&hellip;]<\/p>\n","protected":false},"author":4,"featured_media":2577,"comment_status":"closed","ping_status":"open","sticky":false,"template":"","format":"standard","meta":{"footnotes":""},"categories":[1],"tags":[],"class_list":["post-2573","post","type-post","status-publish","format-standard","has-post-thumbnail","hentry","category-ultimas"],"rttpg_featured_image_url":{"full":["https:\/\/www.fundacionmarista.org.ar\/site\/wp-content\/uploads\/2024\/11\/20241017_184938-scaled.jpg",2560,1551,false],"landscape":["https:\/\/www.fundacionmarista.org.ar\/site\/wp-content\/uploads\/2024\/11\/20241017_184938-scaled.jpg",2560,1551,false],"portraits":["https:\/\/www.fundacionmarista.org.ar\/site\/wp-content\/uploads\/2024\/11\/20241017_184938-scaled.jpg",2560,1551,false],"thumbnail":["https:\/\/www.fundacionmarista.org.ar\/site\/wp-content\/uploads\/2024\/11\/20241017_184938-150x150.jpg",150,150,true],"medium":["https:\/\/www.fundacionmarista.org.ar\/site\/wp-content\/uploads\/2024\/11\/20241017_184938-300x182.jpg",300,182,true],"large":["https:\/\/www.fundacionmarista.org.ar\/site\/wp-content\/uploads\/2024\/11\/20241017_184938-1024x620.jpg",1024,620,true],"1536x1536":["https:\/\/www.fundacionmarista.org.ar\/site\/wp-content\/uploads\/2024\/11\/20241017_184938-1536x930.jpg",1536,930,true],"2048x2048":["https:\/\/www.fundacionmarista.org.ar\/site\/wp-content\/uploads\/2024\/11\/20241017_184938-2048x1241.jpg",2048,1241,true],"wp_review_large":["https:\/\/www.fundacionmarista.org.ar\/site\/wp-content\/uploads\/2024\/11\/20241017_184938-320x200.jpg",320,200,true],"wp_review_small":["https:\/\/www.fundacionmarista.org.ar\/site\/wp-content\/uploads\/2024\/11\/20241017_184938-65x65.jpg",65,65,true],"herald-lay-a":["https:\/\/www.fundacionmarista.org.ar\/site\/wp-content\/uploads\/2024\/11\/20241017_184938-990x556.jpg",990,556,true],"herald-lay-a-full":["https:\/\/www.fundacionmarista.org.ar\/site\/wp-content\/uploads\/2024\/11\/20241017_184938-1320x742.jpg",1320,742,true],"herald-lay-b":["https:\/\/www.fundacionmarista.org.ar\/site\/wp-content\/uploads\/2024\/11\/20241017_184938-470x264.jpg",470,264,true],"herald-lay-b-full":["https:\/\/www.fundacionmarista.org.ar\/site\/wp-content\/uploads\/2024\/11\/20241017_184938-640x360.jpg",640,360,true],"herald-lay-b1":["https:\/\/www.fundacionmarista.org.ar\/site\/wp-content\/uploads\/2024\/11\/20241017_184938-300x200.jpg",300,200,true],"herald-lay-b1-full":["https:\/\/www.fundacionmarista.org.ar\/site\/wp-content\/uploads\/2024\/11\/20241017_184938-414x276.jpg",414,276,true],"herald-lay-c1":["https:\/\/www.fundacionmarista.org.ar\/site\/wp-content\/uploads\/2024\/11\/20241017_184938-470x313.jpg",470,313,true],"herald-lay-c1-full":["https:\/\/www.fundacionmarista.org.ar\/site\/wp-content\/uploads\/2024\/11\/20241017_184938-640x426.jpg",640,426,true],"herald-lay-d":["https:\/\/www.fundacionmarista.org.ar\/site\/wp-content\/uploads\/2024\/11\/20241017_184938-215x120.jpg",215,120,true],"herald-lay-d-full":["https:\/\/www.fundacionmarista.org.ar\/site\/wp-content\/uploads\/2024\/11\/20241017_184938-300x168.jpg",300,168,true],"herald-lay-d1":["https:\/\/www.fundacionmarista.org.ar\/site\/wp-content\/uploads\/2024\/11\/20241017_184938-130x86.jpg",130,86,true],"herald-lay-d1-full":["https:\/\/www.fundacionmarista.org.ar\/site\/wp-content\/uploads\/2024\/11\/20241017_184938-187x124.jpg",187,124,true],"herald-lay-f":["https:\/\/www.fundacionmarista.org.ar\/site\/wp-content\/uploads\/2024\/11\/20241017_184938-300x168.jpg",300,168,true],"herald-lay-f-full":["https:\/\/www.fundacionmarista.org.ar\/site\/wp-content\/uploads\/2024\/11\/20241017_184938-414x232.jpg",414,232,true],"herald-lay-g1":["https:\/\/www.fundacionmarista.org.ar\/site\/wp-content\/uploads\/2024\/11\/20241017_184938-74x55.jpg",74,55,true],"herald-lay-g1-full":["https:\/\/www.fundacionmarista.org.ar\/site\/wp-content\/uploads\/2024\/11\/20241017_184938-111x83.jpg",111,83,true],"herald-lay-i-full":["https:\/\/www.fundacionmarista.org.ar\/site\/wp-content\/uploads\/2024\/11\/20241017_184938-300x168.jpg",300,168,true],"herald-lay-i1":["https:\/\/www.fundacionmarista.org.ar\/site\/wp-content\/uploads\/2024\/11\/20241017_184938-215x161.jpg",215,161,true],"herald-lay-i1-full":["https:\/\/www.fundacionmarista.org.ar\/site\/wp-content\/uploads\/2024\/11\/20241017_184938-300x225.jpg",300,225,true],"herald-lay-single":["https:\/\/www.fundacionmarista.org.ar\/site\/wp-content\/uploads\/2024\/11\/20241017_184938-990x600.jpg",990,600,true],"herald-lay-single-full":["https:\/\/www.fundacionmarista.org.ar\/site\/wp-content\/uploads\/2024\/11\/20241017_184938-1320x800.jpg",1320,800,true],"herald-lay-page":["https:\/\/www.fundacionmarista.org.ar\/site\/wp-content\/uploads\/2024\/11\/20241017_184938-990x600.jpg",990,600,true],"herald-lay-page-full":["https:\/\/www.fundacionmarista.org.ar\/site\/wp-content\/uploads\/2024\/11\/20241017_184938-1320x800.jpg",1320,800,true],"herald-lay-fa1":["https:\/\/www.fundacionmarista.org.ar\/site\/wp-content\/uploads\/2024\/11\/20241017_184938-434x420.jpg",434,420,true],"herald-lay-fa1-full":["https:\/\/www.fundacionmarista.org.ar\/site\/wp-content\/uploads\/2024\/11\/20241017_184938-550x520.jpg",550,520,true],"herald-lay-fa3-big":["https:\/\/www.fundacionmarista.org.ar\/site\/wp-content\/uploads\/2024\/11\/20241017_184938-459x420.jpg",459,420,true],"herald-lay-fa3-big-full":["https:\/\/www.fundacionmarista.org.ar\/site\/wp-content\/uploads\/2024\/11\/20241017_184938-559x520.jpg",559,520,true],"herald-lay-fa3-small":["https:\/\/www.fundacionmarista.org.ar\/site\/wp-content\/uploads\/2024\/11\/20241017_184938-260x210.jpg",260,210,true],"herald-lay-fa3-small-full":["https:\/\/www.fundacionmarista.org.ar\/site\/wp-content\/uploads\/2024\/11\/20241017_184938-379x259.jpg",379,259,true],"herald-lay-fa5":["https:\/\/www.fundacionmarista.org.ar\/site\/wp-content\/uploads\/2024\/11\/20241017_184938-980x420.jpg",980,420,true],"herald-lay-fa5-full":["https:\/\/www.fundacionmarista.org.ar\/site\/wp-content\/uploads\/2024\/11\/20241017_184938-1320x520.jpg",1320,520,true],"awpcp-thumbnail":["https:\/\/www.fundacionmarista.org.ar\/site\/wp-content\/uploads\/2024\/11\/20241017_184938-scaled.jpg",125,76,false],"awpcp-featured":["https:\/\/www.fundacionmarista.org.ar\/site\/wp-content\/uploads\/2024\/11\/20241017_184938-scaled.jpg",200,121,false],"awpcp-featured-on-lists":["https:\/\/www.fundacionmarista.org.ar\/site\/wp-content\/uploads\/2024\/11\/20241017_184938-scaled.jpg",80,48,false],"awpcp-large":["https:\/\/www.fundacionmarista.org.ar\/site\/wp-content\/uploads\/2024\/11\/20241017_184938-scaled.jpg",640,388,false]},"rttpg_author":{"display_name":"Comunicaci\u00f3n","author_link":"https:\/\/www.fundacionmarista.org.ar\/site\/author\/mrilo\/"},"rttpg_comment":0,"rttpg_category":"<a href=\"https:\/\/www.fundacionmarista.org.ar\/site\/category\/ultimas\/\" rel=\"category tag\">Ultimas Noticias<\/a>","rttpg_excerpt":"La Vicepresidenta del Consejo de Fundaci\u00f3n Marista, Gisela Favaro, el Director Ejecutivo, Emanuel Rilo y Raquel P\u00e9rez Sanchez, responsable del \u00e1rea de Proyectos, visitaron junto al equipo de gesti\u00f3n de Centros Educativos Comunitarios al CEC de Nueva Pompeya, en la Provincia de Chaco, con el objetivo de fortalecer y celebrar el trabajo que se lleva&hellip;","_links":{"self":[{"href":"https:\/\/www.fundacionmarista.org.ar\/site\/wp-json\/wp\/v2\/posts\/2573","targetHints":{"allow":["GET"]}}],"collection":[{"href":"https:\/\/www.fundacionmarista.org.ar\/site\/wp-json\/wp\/v2\/posts"}],"about":[{"href":"https:\/\/www.fundacionmarista.org.ar\/site\/wp-json\/wp\/v2\/types\/post"}],"author":[{"embeddable":true,"href":"https:\/\/www.fundacionmarista.org.ar\/site\/wp-json\/wp\/v2\/users\/4"}],"replies":[{"embeddable":true,"href":"https:\/\/www.fundacionmarista.org.ar\/site\/wp-json\/wp\/v2\/comments?post=2573"}],"version-history":[{"count":3,"href":"https:\/\/www.fundacionmarista.org.ar\/site\/wp-json\/wp\/v2\/posts\/2573\/revisions"}],"predecessor-version":[{"id":2582,"href":"https:\/\/www.fundacionmarista.org.ar\/site\/wp-json\/wp\/v2\/posts\/2573\/revisions\/2582"}],"wp:featuredmedia":[{"embeddable":true,"href":"https:\/\/www.fundacionmarista.org.ar\/site\/wp-json\/wp\/v2\/media\/2577"}],"wp:attachment":[{"href":"https:\/\/www.fundacionmarista.org.ar\/site\/wp-json\/wp\/v2\/media?parent=2573"}],"wp:term":[{"taxonomy":"category","embeddable":true,"href":"https:\/\/www.fundacionmarista.org.ar\/site\/wp-json\/wp\/v2\/categories?post=2573"},{"taxonomy":"post_tag","embeddable":true,"href":"https:\/\/www.fundacionmarista.org.ar\/site\/wp-json\/wp\/v2\/tags?post=2573"}],"curies":[{"name":"wp","href":"https:\/\/api.w.org\/{rel}","templated":true}]}}