{"id":2583,"date":"2024-12-16T16:36:25","date_gmt":"2024-12-16T19:36:25","guid":{"rendered":"https:\/\/www.fundacionmarista.org.ar\/site\/?p=2583"},"modified":"2024-12-16T16:52:16","modified_gmt":"2024-12-16T19:52:16","slug":"felices-fiestas","status":"publish","type":"post","link":"https:\/\/www.fundacionmarista.org.ar\/site\/2024\/12\/16\/felices-fiestas\/","title":{"rendered":"\u00a1Felices fiestas!"},"content":{"rendered":"<p>En estas entra\u00f1ables fiestas navide\u00f1as, el Presidente de la Fundaci\u00f3n Marista y su Director Ejecutivo, hacen llegar sus mejores deseos de felicidad y paz a los integrantes del Consejo de Administraci\u00f3n, a quienes conforman el Equipo Operativo en sus distintas \u00e1reas y a todos los que de una u otra manera hacen posible el cumplimiento de su misi\u00f3n: socios, empresarios, funcionarios, voluntarios\u2026<\/p>\n<p>Aprovechan la ocasi\u00f3n tambi\u00e9n para agradecerles su inclaudicable compromiso solidario con los ni\u00f1os, adolescentes y j\u00f3venes que la Fundaci\u00f3n acompa\u00f1a a trav\u00e9s de sus proyectos.<\/p>\n<p>Que el 2025 podamos seguir <strong>Caminando Juntos en Comunidad<\/strong> motivados por la fe en Dios y la esperanza cierta de que \u00c9l est\u00e1 siempre a nuestro lado junto a Mar\u00eda, nuestra Buena Madre y a Marcelino Champagnat, nuestro inspirador.<\/p>\n<p><img loading=\"lazy\" decoding=\"async\" class=\"aligncenter wp-image-2590 \" src=\"http:\/\/www.fundacionmarista.org.ar\/site\/wp-content\/uploads\/2024\/12\/firma.png\" alt=\"\" width=\"623\" height=\"174\" srcset=\"https:\/\/www.fundacionmarista.org.ar\/site\/wp-content\/uploads\/2024\/12\/firma.png 777w, https:\/\/www.fundacionmarista.org.ar\/site\/wp-content\/uploads\/2024\/12\/firma-300x84.png 300w, https:\/\/www.fundacionmarista.org.ar\/site\/wp-content\/uploads\/2024\/12\/firma-768x214.png 768w\" sizes=\"auto, (max-width: 623px) 100vw, 623px\" \/><\/p>\n<p style=\"text-align: center;\">\n","protected":false},"excerpt":{"rendered":"<p>En estas entra\u00f1ables fiestas navide\u00f1as, el Presidente de la Fundaci\u00f3n Marista y su Director Ejecutivo, hacen llegar sus mejores deseos de felicidad y paz a los integrantes del Consejo de Administraci\u00f3n, a quienes conforman el Equipo Operativo en sus distintas \u00e1reas y a todos los que de una u otra manera hacen posible el cumplimiento [&hellip;]<\/p>\n","protected":false},"author":4,"featured_media":2587,"comment_status":"closed","ping_status":"open","sticky":false,"template":"","format":"standard","meta":{"footnotes":""},"categories":[1],"tags":[],"class_list":["post-2583","post","type-post","status-publish","format-standard","has-post-thumbnail","hentry","category-ultimas"],"rttpg_featured_image_url":{"full":["https:\/\/www.fundacionmarista.org.ar\/site\/wp-content\/uploads\/2024\/12\/canal-de-whatsapp-2-3-1.png",1920,1080,false],"landscape":["https:\/\/www.fundacionmarista.org.ar\/site\/wp-content\/uploads\/2024\/12\/canal-de-whatsapp-2-3-1.png",1920,1080,false],"portraits":["https:\/\/www.fundacionmarista.org.ar\/site\/wp-content\/uploads\/2024\/12\/canal-de-whatsapp-2-3-1.png",1920,1080,false],"thumbnail":["https:\/\/www.fundacionmarista.org.ar\/site\/wp-content\/uploads\/2024\/12\/canal-de-whatsapp-2-3-1-150x150.png",150,150,true],"medium":["https:\/\/www.fundacionmarista.org.ar\/site\/wp-content\/uploads\/2024\/12\/canal-de-whatsapp-2-3-1-300x169.png",300,169,true],"large":["https:\/\/www.fundacionmarista.org.ar\/site\/wp-content\/uploads\/2024\/12\/canal-de-whatsapp-2-3-1-1024x576.png",1024,576,true],"1536x1536":["https:\/\/www.fundacionmarista.org.ar\/site\/wp-content\/uploads\/2024\/12\/canal-de-whatsapp-2-3-1-1536x864.png",1536,864,true],"2048x2048":["https:\/\/www.fundacionmarista.org.ar\/site\/wp-content\/uploads\/2024\/12\/canal-de-whatsapp-2-3-1.png",1920,1080,false],"wp_review_large":["https:\/\/www.fundacionmarista.org.ar\/site\/wp-content\/uploads\/2024\/12\/canal-de-whatsapp-2-3-1-320x200.png",320,200,true],"wp_review_small":["https:\/\/www.fundacionmarista.org.ar\/site\/wp-content\/uploads\/2024\/12\/canal-de-whatsapp-2-3-1-65x65.png",65,65,true],"herald-lay-a":["https:\/\/www.fundacionmarista.org.ar\/site\/wp-content\/uploads\/2024\/12\/canal-de-whatsapp-2-3-1-990x556.png",990,556,true],"herald-lay-a-full":["https:\/\/www.fundacionmarista.org.ar\/site\/wp-content\/uploads\/2024\/12\/canal-de-whatsapp-2-3-1-1320x742.png",1320,742,true],"herald-lay-b":["https:\/\/www.fundacionmarista.org.ar\/site\/wp-content\/uploads\/2024\/12\/canal-de-whatsapp-2-3-1-470x264.png",470,264,true],"herald-lay-b-full":["https:\/\/www.fundacionmarista.org.ar\/site\/wp-content\/uploads\/2024\/12\/canal-de-whatsapp-2-3-1-640x360.png",640,360,true],"herald-lay-b1":["https:\/\/www.fundacionmarista.org.ar\/site\/wp-content\/uploads\/2024\/12\/canal-de-whatsapp-2-3-1-300x200.png",300,200,true],"herald-lay-b1-full":["https:\/\/www.fundacionmarista.org.ar\/site\/wp-content\/uploads\/2024\/12\/canal-de-whatsapp-2-3-1-414x276.png",414,276,true],"herald-lay-c1":["https:\/\/www.fundacionmarista.org.ar\/site\/wp-content\/uploads\/2024\/12\/canal-de-whatsapp-2-3-1-470x313.png",470,313,true],"herald-lay-c1-full":["https:\/\/www.fundacionmarista.org.ar\/site\/wp-content\/uploads\/2024\/12\/canal-de-whatsapp-2-3-1-640x426.png",640,426,true],"herald-lay-d":["https:\/\/www.fundacionmarista.org.ar\/site\/wp-content\/uploads\/2024\/12\/canal-de-whatsapp-2-3-1-215x120.png",215,120,true],"herald-lay-d-full":["https:\/\/www.fundacionmarista.org.ar\/site\/wp-content\/uploads\/2024\/12\/canal-de-whatsapp-2-3-1-300x168.png",300,168,true],"herald-lay-d1":["https:\/\/www.fundacionmarista.org.ar\/site\/wp-content\/uploads\/2024\/12\/canal-de-whatsapp-2-3-1-130x86.png",130,86,true],"herald-lay-d1-full":["https:\/\/www.fundacionmarista.org.ar\/site\/wp-content\/uploads\/2024\/12\/canal-de-whatsapp-2-3-1-187x124.png",187,124,true],"herald-lay-f":["https:\/\/www.fundacionmarista.org.ar\/site\/wp-content\/uploads\/2024\/12\/canal-de-whatsapp-2-3-1-300x168.png",300,168,true],"herald-lay-f-full":["https:\/\/www.fundacionmarista.org.ar\/site\/wp-content\/uploads\/2024\/12\/canal-de-whatsapp-2-3-1-414x232.png",414,232,true],"herald-lay-g1":["https:\/\/www.fundacionmarista.org.ar\/site\/wp-content\/uploads\/2024\/12\/canal-de-whatsapp-2-3-1-74x55.png",74,55,true],"herald-lay-g1-full":["https:\/\/www.fundacionmarista.org.ar\/site\/wp-content\/uploads\/2024\/12\/canal-de-whatsapp-2-3-1-111x83.png",111,83,true],"herald-lay-i-full":["https:\/\/www.fundacionmarista.org.ar\/site\/wp-content\/uploads\/2024\/12\/canal-de-whatsapp-2-3-1-300x168.png",300,168,true],"herald-lay-i1":["https:\/\/www.fundacionmarista.org.ar\/site\/wp-content\/uploads\/2024\/12\/canal-de-whatsapp-2-3-1-215x161.png",215,161,true],"herald-lay-i1-full":["https:\/\/www.fundacionmarista.org.ar\/site\/wp-content\/uploads\/2024\/12\/canal-de-whatsapp-2-3-1-300x225.png",300,225,true],"herald-lay-single":["https:\/\/www.fundacionmarista.org.ar\/site\/wp-content\/uploads\/2024\/12\/canal-de-whatsapp-2-3-1-990x557.png",990,557,true],"herald-lay-single-full":["https:\/\/www.fundacionmarista.org.ar\/site\/wp-content\/uploads\/2024\/12\/canal-de-whatsapp-2-3-1-1320x743.png",1320,743,true],"herald-lay-page":["https:\/\/www.fundacionmarista.org.ar\/site\/wp-content\/uploads\/2024\/12\/canal-de-whatsapp-2-3-1-990x557.png",990,557,true],"herald-lay-page-full":["https:\/\/www.fundacionmarista.org.ar\/site\/wp-content\/uploads\/2024\/12\/canal-de-whatsapp-2-3-1-1320x743.png",1320,743,true],"herald-lay-fa1":["https:\/\/www.fundacionmarista.org.ar\/site\/wp-content\/uploads\/2024\/12\/canal-de-whatsapp-2-3-1-434x420.png",434,420,true],"herald-lay-fa1-full":["https:\/\/www.fundacionmarista.org.ar\/site\/wp-content\/uploads\/2024\/12\/canal-de-whatsapp-2-3-1-550x520.png",550,520,true],"herald-lay-fa3-big":["https:\/\/www.fundacionmarista.org.ar\/site\/wp-content\/uploads\/2024\/12\/canal-de-whatsapp-2-3-1-459x420.png",459,420,true],"herald-lay-fa3-big-full":["https:\/\/www.fundacionmarista.org.ar\/site\/wp-content\/uploads\/2024\/12\/canal-de-whatsapp-2-3-1-559x520.png",559,520,true],"herald-lay-fa3-small":["https:\/\/www.fundacionmarista.org.ar\/site\/wp-content\/uploads\/2024\/12\/canal-de-whatsapp-2-3-1-260x210.png",260,210,true],"herald-lay-fa3-small-full":["https:\/\/www.fundacionmarista.org.ar\/site\/wp-content\/uploads\/2024\/12\/canal-de-whatsapp-2-3-1-379x259.png",379,259,true],"herald-lay-fa5":["https:\/\/www.fundacionmarista.org.ar\/site\/wp-content\/uploads\/2024\/12\/canal-de-whatsapp-2-3-1-980x420.png",980,420,true],"herald-lay-fa5-full":["https:\/\/www.fundacionmarista.org.ar\/site\/wp-content\/uploads\/2024\/12\/canal-de-whatsapp-2-3-1-1320x520.png",1320,520,true],"awpcp-thumbnail":["https:\/\/www.fundacionmarista.org.ar\/site\/wp-content\/uploads\/2024\/12\/canal-de-whatsapp-2-3-1.png",125,70,false],"awpcp-featured":["https:\/\/www.fundacionmarista.org.ar\/site\/wp-content\/uploads\/2024\/12\/canal-de-whatsapp-2-3-1.png",200,113,false],"awpcp-featured-on-lists":["https:\/\/www.fundacionmarista.org.ar\/site\/wp-content\/uploads\/2024\/12\/canal-de-whatsapp-2-3-1.png",80,45,false],"awpcp-large":["https:\/\/www.fundacionmarista.org.ar\/site\/wp-content\/uploads\/2024\/12\/canal-de-whatsapp-2-3-1.png",640,360,false]},"rttpg_author":{"display_name":"Comunicaci\u00f3n","author_link":"https:\/\/www.fundacionmarista.org.ar\/site\/author\/mrilo\/"},"rttpg_comment":0,"rttpg_category":"<a href=\"https:\/\/www.fundacionmarista.org.ar\/site\/category\/ultimas\/\" rel=\"category tag\">Ultimas Noticias<\/a>","rttpg_excerpt":"En estas entra\u00f1ables fiestas navide\u00f1as, el Presidente de la Fundaci\u00f3n Marista y su Director Ejecutivo, hacen llegar sus mejores deseos de felicidad y paz a los integrantes del Consejo de Administraci\u00f3n, a quienes conforman el Equipo Operativo en sus distintas \u00e1reas y a todos los que de una u otra manera hacen posible el cumplimiento&hellip;","_links":{"self":[{"href":"https:\/\/www.fundacionmarista.org.ar\/site\/wp-json\/wp\/v2\/posts\/2583","targetHints":{"allow":["GET"]}}],"collection":[{"href":"https:\/\/www.fundacionmarista.org.ar\/site\/wp-json\/wp\/v2\/posts"}],"about":[{"href":"https:\/\/www.fundacionmarista.org.ar\/site\/wp-json\/wp\/v2\/types\/post"}],"author":[{"embeddable":true,"href":"https:\/\/www.fundacionmarista.org.ar\/site\/wp-json\/wp\/v2\/users\/4"}],"replies":[{"embeddable":true,"href":"https:\/\/www.fundacionmarista.org.ar\/site\/wp-json\/wp\/v2\/comments?post=2583"}],"version-history":[{"count":3,"href":"https:\/\/www.fundacionmarista.org.ar\/site\/wp-json\/wp\/v2\/posts\/2583\/revisions"}],"predecessor-version":[{"id":2591,"href":"https:\/\/www.fundacionmarista.org.ar\/site\/wp-json\/wp\/v2\/posts\/2583\/revisions\/2591"}],"wp:featuredmedia":[{"embeddable":true,"href":"https:\/\/www.fundacionmarista.org.ar\/site\/wp-json\/wp\/v2\/media\/2587"}],"wp:attachment":[{"href":"https:\/\/www.fundacionmarista.org.ar\/site\/wp-json\/wp\/v2\/media?parent=2583"}],"wp:term":[{"taxonomy":"category","embeddable":true,"href":"https:\/\/www.fundacionmarista.org.ar\/site\/wp-json\/wp\/v2\/categories?post=2583"},{"taxonomy":"post_tag","embeddable":true,"href":"https:\/\/www.fundacionmarista.org.ar\/site\/wp-json\/wp\/v2\/tags?post=2583"}],"curies":[{"name":"wp","href":"https:\/\/api.w.org\/{rel}","templated":true}]}}