{"id":2600,"date":"2025-07-22T10:55:36","date_gmt":"2025-07-22T13:55:36","guid":{"rendered":"https:\/\/www.fundacionmarista.org.ar\/site\/?p=2600"},"modified":"2025-07-22T11:33:48","modified_gmt":"2025-07-22T14:33:48","slug":"proyectos-socioeducativos-maristas-2025","status":"publish","type":"post","link":"https:\/\/www.fundacionmarista.org.ar\/site\/2025\/07\/22\/proyectos-socioeducativos-maristas-2025\/","title":{"rendered":"Proyectos Socioeducativos Maristas 2025"},"content":{"rendered":"<p><strong><span style=\"font-family: arial, sans-serif;\"><span style=\"font-size: medium;\">Conoc\u00e9 c\u00f3mo la Fundaci\u00f3n Marista desarrolla programas que brindan acompa\u00f1amiento educativo y emocional a ni\u00f1os, ni\u00f1as, adolescentes y j\u00f3venes, fortaleciendo su compromiso social desde Centros Educativos Comunitarios y Escuelas Maristas en todo el pa\u00eds.<\/span><\/span><\/strong><\/p>\n<p><span style=\"font-family: arial, sans-serif;\"><span style=\"font-size: medium;\">La Fundaci\u00f3n Marista impulsa una red de 14 proyectos socioeducativos en Argentina distribuidos en 7 provincias: 71 % con fondos propios, 21 % con apoyo estatal y 8 % con inversi\u00f3n privada, con el objetivo de promover una educaci\u00f3n integral, el acompa\u00f1amiento emocional y el desarrollo comunitario en barrios vulnerados.<\/span><\/span><\/p>\n<p><span style=\"font-family: arial, sans-serif;\"><span style=\"font-size: medium;\">A trav\u00e9s de sus CECs y Escuelas Maristas, ni\u00f1as, ni\u00f1os, adolescentes y j\u00f3venes encuentran espacios de contenci\u00f3n, aprendizaje y crecimiento donde se fortalecen los v\u00ednculos sociales, culturales y espirituales.<\/span><\/span><\/p>\n<p><span style=\"font-family: arial, sans-serif;\"><span style=\"font-size: medium;\">A continuaci\u00f3n, se detallan los centros y los respectivos proyectos:<\/span><\/span><\/p>\n<h1 class=\"western\"><span style=\"font-family: arial, sans-serif;\"><span style=\"font-size: medium;\"><b>Centros Educativos Maristas: Educaci\u00f3n en Territorio<\/b><\/span><\/span><\/h1>\n<h2 class=\"western\"><span style=\"font-family: arial, sans-serif;\"><span style=\"font-size: medium;\"><b>CEC Nuestra Buena Madre \u2013 Barrio San Jos\u00e9, Pergamino, Buenos Aires<\/b><\/span><\/span><\/h2>\n<ul>\n<li>\u201c<span style=\"font-family: arial, sans-serif;\"><span style=\"font-size: medium;\">Educar en la diversidad\u201d: apoyo escolar y acompa\u00f1amiento psicopedag\u00f3gico para ni\u00f1os, ni\u00f1as y adolescentes. Se trabaja en red con las familias para fortalecer las emociones, el entorno educativo y familiar.<\/span><\/span><\/li>\n<li>\u201c<span style=\"font-family: arial, sans-serif;\"><span style=\"font-size: medium;\">Creciendo juntos\u201d: promueve el desarrollo de habilidades a trav\u00e9s de la educaci\u00f3n f\u00edsica y la m\u00fasica, estimulando la creatividad, las emociones y la autoestima.<\/span><\/span><\/li>\n<\/ul>\n<p><span style=\"font-family: arial, sans-serif;\"><span style=\"font-size: medium;\"><b>CEC Marcelino Champagnat \u2013 San Lorenzo, Ledesma, Jujuy<\/b><\/span><\/span><\/p>\n<ul>\n<li>\u201c<span style=\"font-family: arial, sans-serif;\"><span style=\"font-size: medium;\">Hacia un aprendizaje integral e inclusivo\u201d: talleres de apoyo escolar, lectura, arte y m\u00fasica para desarrollar capacidades cognitivas, afectivas y sociales.<\/span><\/span><\/li>\n<li>\u201c<span style=\"font-family: arial, sans-serif;\"><span style=\"font-size: medium;\">Fortaleciendo el esp\u00edritu. Enriqueci\u00e9ndonos mutuamente\u2026\u201d Grupo Juvenil: encuentros semanales para j\u00f3venes de 18 a 26 a\u00f1os, del barrio San Lorenzo y alrededores, con actividades recreativas para fortalecer el liderazgo comunitario y el desarrollo personal.\u00a0<\/span><\/span><\/li>\n<li>\u201c<span style=\"font-family: arial, sans-serif;\"><span style=\"font-size: medium;\">Lugar de encuentro, reforzando experiencias comunitarias en el marco de la solidaridad marista\u201d: actividades comunitarias centradas en la fe, la solidaridad, el cuidado del ambiente y los derechos humanos.<\/span><\/span><\/li>\n<\/ul>\n<h2 class=\"western\"><span style=\"font-family: arial, sans-serif;\"><span style=\"font-size: medium;\"><b>Escuelita \u201cEl Refugio\u201d \u2013 Chajar\u00ed, Entre R\u00edos<\/b><\/span><\/span><\/h2>\n<ul>\n<li>\u201c<span style=\"font-family: arial, sans-serif;\"><span style=\"font-size: medium;\">Acompa\u00f1ando las trayectorias escolares\u201d: espacio de contenci\u00f3n integral que aborda lo pedag\u00f3gico, social y emocional. Enfocado en el desarrollo biopsicosocial de ni\u00f1os y ni\u00f1as.<\/span><\/span><\/li>\n<li>\u201c<span style=\"font-family: arial, sans-serif;\"><span style=\"font-size: medium;\">Taller de expresi\u00f3n art\u00edstico-visual\u201d: fomenta la observaci\u00f3n, la creatividad y la expresi\u00f3n emocional a trav\u00e9s de t\u00e9cnicas art\u00edsticas y producciones personales.<\/span><\/span><\/li>\n<\/ul>\n<h2 class=\"western\"><span style=\"font-family: arial, sans-serif;\"><span style=\"font-size: medium;\"><b>Escuela Marcelino Champagnat \u2013 La Boca y Villa Banana, Rosario<\/b><\/span><\/span><\/h2>\n<ul>\n<li>\u201c<span style=\"font-family: arial, sans-serif;\"><span style=\"font-size: medium;\">Ensamble instrumental: m\u00fasica para la\u00a0 solidaridad\u201d: a trav\u00e9s del lenguaje instrumental, se potencia la inclusi\u00f3n social y la expresi\u00f3n art\u00edstica.<\/span><\/span><\/li>\n<\/ul>\n<h2 class=\"western\"><span style=\"font-family: arial, sans-serif;\"><span style=\"font-size: medium;\"><b>Escuelita La Buena Madre \u2013 San Rafael, Mendoza<\/b><\/span><\/span><\/h2>\n<ul>\n<li>\u201c<span style=\"font-family: arial, sans-serif;\"><span style=\"font-size: medium;\">Innovando con tecnolog\u00eda\u201d: adopta el enfoque de educaci\u00f3n Maker para incentivar la experimentaci\u00f3n, la curiosidad cient\u00edfica y el trabajo en equipo mediante herramientas digitales.<\/span><\/span><\/li>\n<li>\u201c<span style=\"font-family: arial, sans-serif;\"><span style=\"font-size: medium;\">M\u00e1s libros, m\u00e1s aventuras\u2026 M\u00e1s igualdad\u201d: busca enriquecer la biblioteca escolar y fomentar el amor por la lectura, mejorando la comprensi\u00f3n y ampliando el vocabulario de los estudiantes.<\/span><\/span><\/li>\n<\/ul>\n<h1><span style=\"font-family: arial, sans-serif;\"><span style=\"font-size: medium;\"><b>Convenios con el Estado Nacional y Provincial<\/b><\/span><\/span><\/h1>\n<h2><span style=\"font-family: arial, sans-serif;\"><span style=\"font-size: medium;\"><b>CEC Hno. Isla \u2013 La Plata, Buenos Aires<\/b><\/span><\/span><\/h2>\n<ul>\n<li><span style=\"font-family: arial, sans-serif;\"><span style=\"font-size: medium;\">UDI: \u201cCuidar la vida que crece\u201d: Unidad de Desarrollo Infantil para la primera infancia y adolescencia. Se ofrece alimentaci\u00f3n y acompa\u00f1amiento educativo en articulaci\u00f3n con organismos provinciales.<\/span><\/span><\/li>\n<\/ul>\n<h2><span style=\"font-family: arial, sans-serif;\"><span style=\"font-size: medium;\"><b>CEC San Marcelino Champagnat \u2013 Mar del Plata, Buenos Aires<\/b><\/span><\/span><\/h2>\n<ul>\n<li><span style=\"font-family: arial, sans-serif;\"><span style=\"font-size: medium;\">UDI: \u201cConstruyendo sue\u00f1os en clave de derechos\u201d: espacio educativo centrado en el cuidado, el derecho a la alimentaci\u00f3n y el acompa\u00f1amiento integral de ni\u00f1os y adolescentes.<\/span><\/span><\/li>\n<\/ul>\n<h2>\u00a0<span style=\"font-family: arial, sans-serif;\"><span style=\"font-size: medium;\"><b>CEC Misi\u00f3n Nueva Pompeya \u2013 Chaco<\/b><\/span><\/span><\/h2>\n<ul>\n<li><span style=\"font-family: arial, sans-serif;\"><span style=\"font-size: medium;\">CAAC Sedronar: \u201cAcompa\u00f1amiento Comunitario\u201d apoyo integral para personas con consumo problem\u00e1tico. Se desarrollan talleres de oficio, actividades recreativas y grupos terap\u00e9uticos orientados a la comunidad Wich\u00ed y otras poblaciones vulneradas.<\/span><\/span><\/li>\n<\/ul>\n<h1><span style=\"font-family: arial, sans-serif;\"><span style=\"font-size: medium;\"><b>Alianzas con el sector privado<\/b><\/span><\/span><\/h1>\n<ul>\n<li><span style=\"font-family: arial, sans-serif;\"><span style=\"font-size: medium;\">Programa de Becas \u201cPotenciamos tu Talento\u201d \u2013 Banco Galicia: en colaboraci\u00f3n con Banco Galicia, ofrece becas universitarias a exalumnos maristas que eligen carreras vinculadas a la econom\u00eda en universidades p\u00fablicas. La iniciativa promueve la inclusi\u00f3n educativa y el desarrollo profesional de j\u00f3venes en todo el pa\u00eds.<\/span><\/span><\/li>\n<\/ul>\n<p><span style=\"font-family: arial, sans-serif;\"><span style=\"font-size: medium;\">Los Proyectos Socioeducativos Maristas 2025 reflejan el compromiso de la Fundaci\u00f3n Marista con una educaci\u00f3n integral, transformadora y basada en valores humanos. En cada rinc\u00f3n de Argentina, se trabaja por una sociedad m\u00e1s justa, solidaria e inclusiva, donde la educaci\u00f3n es una herramienta real de cambio social.<\/span><\/span><\/p>\n<p><a href=\"https:\/\/bio.site\/fundacion.marista\"><span style=\"font-family: arial, sans-serif;\"><span style=\"font-size: medium;\">\u00a1Conoce m\u00e1s sobre nuestros proyectos y sumate!<\/span><\/span><\/a><\/p>\n<p>&nbsp;<\/p>\n","protected":false},"excerpt":{"rendered":"<p>Conoc\u00e9 c\u00f3mo la Fundaci\u00f3n Marista desarrolla programas que brindan acompa\u00f1amiento educativo y emocional a ni\u00f1os, ni\u00f1as, adolescentes y j\u00f3venes, fortaleciendo su compromiso social desde Centros Educativos Comunitarios y Escuelas Maristas en todo el pa\u00eds. La Fundaci\u00f3n Marista impulsa una red de 14 proyectos socioeducativos en Argentina distribuidos en 7 provincias: 71 % con fondos propios, [&hellip;]<\/p>\n","protected":false},"author":4,"featured_media":2603,"comment_status":"closed","ping_status":"open","sticky":false,"template":"","format":"standard","meta":{"footnotes":""},"categories":[1],"tags":[],"class_list":["post-2600","post","type-post","status-publish","format-standard","has-post-thumbnail","hentry","category-ultimas"],"rttpg_featured_image_url":{"full":["https:\/\/www.fundacionmarista.org.ar\/site\/wp-content\/uploads\/2025\/07\/U9A0750_1_11zon-scaled.jpg",2560,1707,false],"landscape":["https:\/\/www.fundacionmarista.org.ar\/site\/wp-content\/uploads\/2025\/07\/U9A0750_1_11zon-scaled.jpg",2560,1707,false],"portraits":["https:\/\/www.fundacionmarista.org.ar\/site\/wp-content\/uploads\/2025\/07\/U9A0750_1_11zon-scaled.jpg",2560,1707,false],"thumbnail":["https:\/\/www.fundacionmarista.org.ar\/site\/wp-content\/uploads\/2025\/07\/U9A0750_1_11zon-150x150.jpg",150,150,true],"medium":["https:\/\/www.fundacionmarista.org.ar\/site\/wp-content\/uploads\/2025\/07\/U9A0750_1_11zon-300x200.jpg",300,200,true],"large":["https:\/\/www.fundacionmarista.org.ar\/site\/wp-content\/uploads\/2025\/07\/U9A0750_1_11zon-1024x683.jpg",1024,683,true],"1536x1536":["https:\/\/www.fundacionmarista.org.ar\/site\/wp-content\/uploads\/2025\/07\/U9A0750_1_11zon-1536x1024.jpg",1536,1024,true],"2048x2048":["https:\/\/www.fundacionmarista.org.ar\/site\/wp-content\/uploads\/2025\/07\/U9A0750_1_11zon-2048x1365.jpg",2048,1365,true],"wp_review_large":["https:\/\/www.fundacionmarista.org.ar\/site\/wp-content\/uploads\/2025\/07\/U9A0750_1_11zon-320x200.jpg",320,200,true],"wp_review_small":["https:\/\/www.fundacionmarista.org.ar\/site\/wp-content\/uploads\/2025\/07\/U9A0750_1_11zon-65x65.jpg",65,65,true],"herald-lay-a":["https:\/\/www.fundacionmarista.org.ar\/site\/wp-content\/uploads\/2025\/07\/U9A0750_1_11zon-990x556.jpg",990,556,true],"herald-lay-a-full":["https:\/\/www.fundacionmarista.org.ar\/site\/wp-content\/uploads\/2025\/07\/U9A0750_1_11zon-1320x742.jpg",1320,742,true],"herald-lay-b":["https:\/\/www.fundacionmarista.org.ar\/site\/wp-content\/uploads\/2025\/07\/U9A0750_1_11zon-470x264.jpg",470,264,true],"herald-lay-b-full":["https:\/\/www.fundacionmarista.org.ar\/site\/wp-content\/uploads\/2025\/07\/U9A0750_1_11zon-640x360.jpg",640,360,true],"herald-lay-b1":["https:\/\/www.fundacionmarista.org.ar\/site\/wp-content\/uploads\/2025\/07\/U9A0750_1_11zon-300x200.jpg",300,200,true],"herald-lay-b1-full":["https:\/\/www.fundacionmarista.org.ar\/site\/wp-content\/uploads\/2025\/07\/U9A0750_1_11zon-414x276.jpg",414,276,true],"herald-lay-c1":["https:\/\/www.fundacionmarista.org.ar\/site\/wp-content\/uploads\/2025\/07\/U9A0750_1_11zon-470x313.jpg",470,313,true],"herald-lay-c1-full":["https:\/\/www.fundacionmarista.org.ar\/site\/wp-content\/uploads\/2025\/07\/U9A0750_1_11zon-640x426.jpg",640,426,true],"herald-lay-d":["https:\/\/www.fundacionmarista.org.ar\/site\/wp-content\/uploads\/2025\/07\/U9A0750_1_11zon-215x120.jpg",215,120,true],"herald-lay-d-full":["https:\/\/www.fundacionmarista.org.ar\/site\/wp-content\/uploads\/2025\/07\/U9A0750_1_11zon-300x168.jpg",300,168,true],"herald-lay-d1":["https:\/\/www.fundacionmarista.org.ar\/site\/wp-content\/uploads\/2025\/07\/U9A0750_1_11zon-130x86.jpg",130,86,true],"herald-lay-d1-full":["https:\/\/www.fundacionmarista.org.ar\/site\/wp-content\/uploads\/2025\/07\/U9A0750_1_11zon-187x124.jpg",187,124,true],"herald-lay-f":["https:\/\/www.fundacionmarista.org.ar\/site\/wp-content\/uploads\/2025\/07\/U9A0750_1_11zon-300x168.jpg",300,168,true],"herald-lay-f-full":["https:\/\/www.fundacionmarista.org.ar\/site\/wp-content\/uploads\/2025\/07\/U9A0750_1_11zon-414x232.jpg",414,232,true],"herald-lay-g1":["https:\/\/www.fundacionmarista.org.ar\/site\/wp-content\/uploads\/2025\/07\/U9A0750_1_11zon-74x55.jpg",74,55,true],"herald-lay-g1-full":["https:\/\/www.fundacionmarista.org.ar\/site\/wp-content\/uploads\/2025\/07\/U9A0750_1_11zon-111x83.jpg",111,83,true],"herald-lay-i-full":["https:\/\/www.fundacionmarista.org.ar\/site\/wp-content\/uploads\/2025\/07\/U9A0750_1_11zon-300x168.jpg",300,168,true],"herald-lay-i1":["https:\/\/www.fundacionmarista.org.ar\/site\/wp-content\/uploads\/2025\/07\/U9A0750_1_11zon-215x161.jpg",215,161,true],"herald-lay-i1-full":["https:\/\/www.fundacionmarista.org.ar\/site\/wp-content\/uploads\/2025\/07\/U9A0750_1_11zon-300x225.jpg",300,225,true],"herald-lay-single":["https:\/\/www.fundacionmarista.org.ar\/site\/wp-content\/uploads\/2025\/07\/U9A0750_1_11zon-990x660.jpg",990,660,true],"herald-lay-single-full":["https:\/\/www.fundacionmarista.org.ar\/site\/wp-content\/uploads\/2025\/07\/U9A0750_1_11zon-1320x880.jpg",1320,880,true],"herald-lay-page":["https:\/\/www.fundacionmarista.org.ar\/site\/wp-content\/uploads\/2025\/07\/U9A0750_1_11zon-990x660.jpg",990,660,true],"herald-lay-page-full":["https:\/\/www.fundacionmarista.org.ar\/site\/wp-content\/uploads\/2025\/07\/U9A0750_1_11zon-1320x880.jpg",1320,880,true],"herald-lay-fa1":["https:\/\/www.fundacionmarista.org.ar\/site\/wp-content\/uploads\/2025\/07\/U9A0750_1_11zon-434x420.jpg",434,420,true],"herald-lay-fa1-full":["https:\/\/www.fundacionmarista.org.ar\/site\/wp-content\/uploads\/2025\/07\/U9A0750_1_11zon-550x520.jpg",550,520,true],"herald-lay-fa3-big":["https:\/\/www.fundacionmarista.org.ar\/site\/wp-content\/uploads\/2025\/07\/U9A0750_1_11zon-459x420.jpg",459,420,true],"herald-lay-fa3-big-full":["https:\/\/www.fundacionmarista.org.ar\/site\/wp-content\/uploads\/2025\/07\/U9A0750_1_11zon-559x520.jpg",559,520,true],"herald-lay-fa3-small":["https:\/\/www.fundacionmarista.org.ar\/site\/wp-content\/uploads\/2025\/07\/U9A0750_1_11zon-260x210.jpg",260,210,true],"herald-lay-fa3-small-full":["https:\/\/www.fundacionmarista.org.ar\/site\/wp-content\/uploads\/2025\/07\/U9A0750_1_11zon-379x259.jpg",379,259,true],"herald-lay-fa5":["https:\/\/www.fundacionmarista.org.ar\/site\/wp-content\/uploads\/2025\/07\/U9A0750_1_11zon-980x420.jpg",980,420,true],"herald-lay-fa5-full":["https:\/\/www.fundacionmarista.org.ar\/site\/wp-content\/uploads\/2025\/07\/U9A0750_1_11zon-1320x520.jpg",1320,520,true],"awpcp-thumbnail":["https:\/\/www.fundacionmarista.org.ar\/site\/wp-content\/uploads\/2025\/07\/U9A0750_1_11zon-scaled.jpg",125,83,false],"awpcp-featured":["https:\/\/www.fundacionmarista.org.ar\/site\/wp-content\/uploads\/2025\/07\/U9A0750_1_11zon-scaled.jpg",200,133,false],"awpcp-featured-on-lists":["https:\/\/www.fundacionmarista.org.ar\/site\/wp-content\/uploads\/2025\/07\/U9A0750_1_11zon-scaled.jpg",80,53,false],"awpcp-large":["https:\/\/www.fundacionmarista.org.ar\/site\/wp-content\/uploads\/2025\/07\/U9A0750_1_11zon-scaled.jpg",640,427,false]},"rttpg_author":{"display_name":"Comunicaci\u00f3n","author_link":"https:\/\/www.fundacionmarista.org.ar\/site\/author\/mrilo\/"},"rttpg_comment":0,"rttpg_category":"<a href=\"https:\/\/www.fundacionmarista.org.ar\/site\/category\/ultimas\/\" rel=\"category tag\">Ultimas Noticias<\/a>","rttpg_excerpt":"Conoc\u00e9 c\u00f3mo la Fundaci\u00f3n Marista desarrolla programas que brindan acompa\u00f1amiento educativo y emocional a ni\u00f1os, ni\u00f1as, adolescentes y j\u00f3venes, fortaleciendo su compromiso social desde Centros Educativos Comunitarios y Escuelas Maristas en todo el pa\u00eds. La Fundaci\u00f3n Marista impulsa una red de 14 proyectos socioeducativos en Argentina distribuidos en 7 provincias: 71 % con fondos propios,&hellip;","_links":{"self":[{"href":"https:\/\/www.fundacionmarista.org.ar\/site\/wp-json\/wp\/v2\/posts\/2600","targetHints":{"allow":["GET"]}}],"collection":[{"href":"https:\/\/www.fundacionmarista.org.ar\/site\/wp-json\/wp\/v2\/posts"}],"about":[{"href":"https:\/\/www.fundacionmarista.org.ar\/site\/wp-json\/wp\/v2\/types\/post"}],"author":[{"embeddable":true,"href":"https:\/\/www.fundacionmarista.org.ar\/site\/wp-json\/wp\/v2\/users\/4"}],"replies":[{"embeddable":true,"href":"https:\/\/www.fundacionmarista.org.ar\/site\/wp-json\/wp\/v2\/comments?post=2600"}],"version-history":[{"count":9,"href":"https:\/\/www.fundacionmarista.org.ar\/site\/wp-json\/wp\/v2\/posts\/2600\/revisions"}],"predecessor-version":[{"id":2613,"href":"https:\/\/www.fundacionmarista.org.ar\/site\/wp-json\/wp\/v2\/posts\/2600\/revisions\/2613"}],"wp:featuredmedia":[{"embeddable":true,"href":"https:\/\/www.fundacionmarista.org.ar\/site\/wp-json\/wp\/v2\/media\/2603"}],"wp:attachment":[{"href":"https:\/\/www.fundacionmarista.org.ar\/site\/wp-json\/wp\/v2\/media?parent=2600"}],"wp:term":[{"taxonomy":"category","embeddable":true,"href":"https:\/\/www.fundacionmarista.org.ar\/site\/wp-json\/wp\/v2\/categories?post=2600"},{"taxonomy":"post_tag","embeddable":true,"href":"https:\/\/www.fundacionmarista.org.ar\/site\/wp-json\/wp\/v2\/tags?post=2600"}],"curies":[{"name":"wp","href":"https:\/\/api.w.org\/{rel}","templated":true}]}}