{"id":2616,"date":"2025-07-29T15:13:49","date_gmt":"2025-07-29T18:13:49","guid":{"rendered":"https:\/\/www.fundacionmarista.org.ar\/site\/?p=2616"},"modified":"2025-07-29T15:14:00","modified_gmt":"2025-07-29T18:14:00","slug":"visita-institucional-a-rosario-la-fundacion-marista-fortalece-alianzas-y-proyectos-educativos","status":"publish","type":"post","link":"https:\/\/www.fundacionmarista.org.ar\/site\/2025\/07\/29\/visita-institucional-a-rosario-la-fundacion-marista-fortalece-alianzas-y-proyectos-educativos\/","title":{"rendered":"Visita Institucional a Rosario: la Fundaci\u00f3n Marista fortalece alianzas y proyectos educativos"},"content":{"rendered":"<p><strong><span style=\"color: #000000;\"><span style=\"font-family: Arial, sans-serif;\"><span style=\"font-size: medium;\">La comitiva de proyectos de la Fundaci\u00f3n Marista recorri\u00f3 la ciudad de Rosario con una agenda cargada de encuentros, planes y nuevas oportunidades.<\/span><\/span><\/span><\/strong><\/p>\n<p><span style=\"color: #000000;\"><span style=\"font-family: Arial, sans-serif;\"><span style=\"font-size: medium;\">En la ciudad de Rosario, Santa Fe, del 1 al 4 de julio, la Fundaci\u00f3n Marista vivi\u00f3 una experiencia transformadora que reafirm\u00f3 su compromiso con la educaci\u00f3n inclusiva, el trabajo en red y la construcci\u00f3n de oportunidades reales en contextos vulnerados.<\/span><\/span><\/span><\/p>\n<p><span style=\"color: #000000;\"><span style=\"font-family: Arial, sans-serif;\"><span style=\"font-size: medium;\">Durante cuatro d\u00edas intensos, el equipo del \u00e1rea de proyectos \u2014integrado por la coordinadora de proyectos, Raquel P\u00e9rez S\u00e1nchez, y el director, Emanuel Rilo\u2014 visitaron empresas aliadas, escuelas comprometidas y j\u00f3venes que hacen de la m\u00fasica un acto de resistencia y esperanza.<\/span><\/span><\/span><\/p>\n<p><span style=\"color: #000000;\"><span style=\"font-family: Arial, sans-serif;\"><span style=\"font-size: medium;\"><b>Un viaje que fortalece v\u00ednculos<\/b><\/span><\/span><\/span><\/p>\n<p><span style=\"color: #000000;\"><span style=\"font-family: Arial, sans-serif;\"><span style=\"font-size: medium;\">La primera parada fue el mi\u00e9rcoles 2 de julio junto a Javier Lopez Cal\u00ed, ex alumno del Colegio Nuestra Se\u00f1ora del Rosario, due\u00f1o de la empresa Maincal, que desde hace a\u00f1os apoya activamente el proyecto de comunicaci\u00f3n institucional de la Fundaci\u00f3n. Se compartieron los avances del \u00faltimo a\u00f1o, se trazaron nuevos desaf\u00edos y, sobre todo, se consolid\u00f3 una alianza que va m\u00e1s all\u00e1 del financiamiento: acompa\u00f1a, escucha y cree.<\/span><\/span><\/span><\/p>\n<p><span style=\"color: #000000;\"><span style=\"font-family: Arial, sans-serif;\"><span style=\"font-size: medium;\">Ese mismo d\u00eda, el equipo fue recibido por Lic. Alejandra M. Vietti, directora general del colegio Nuestra Se\u00f1ora del Rosario, junto a su equipo directivo. El encuentro se centr\u00f3 en el fortalecimiento institucional y la planificaci\u00f3n del evento solidario que la escuela organiza cada a\u00f1o en septiembre\/octubre. El esp\u00edritu fue claro: seguir construyendo juntos desde la cercan\u00eda y la misi\u00f3n compartida.<\/span><\/span><\/span><\/p>\n<p><span style=\"color: #000000;\"><span style=\"font-family: Arial, sans-serif;\"><span style=\"font-size: medium;\"><b>Villa Banana: cuando la m\u00fasica se vuelve futuro<\/b><\/span><\/span><\/span><\/p>\n<p><span style=\"color: #000000;\"><span style=\"font-family: Arial, sans-serif;\"><span style=\"font-size: medium;\">El jueves 3 de julio, la comitiva visit\u00f3 la Escuela Marcelino Champagnat, en el coraz\u00f3n del barrio popular Villa Banana de Rosario, para participar de un emotivo taller del proyecto <\/span><\/span><\/span><a href=\"https:\/\/www.fundacionmarista.org.ar\/site\/2018\/06\/22\/taller-de-ensamble\/\"><span style=\"color: #1155cc;\"><u>\u201c<\/u><\/span><span style=\"color: #1155cc;\"><span style=\"font-family: Arial, sans-serif;\"><span style=\"font-size: medium;\"><u>Ensamble Instrumental, m\u00fasica para la solidaridad\u201d.\u00a0<\/u><\/span><\/span><\/span><\/a><\/p>\n<p><span style=\"color: #000000;\"><span style=\"font-family: Arial, sans-serif;\"><span style=\"font-size: medium;\">En este espacio, j\u00f3venes \u2014muchos de ellos con capacidades diferentes\u2014 se unen a trav\u00e9s de la m\u00fasica para contar sus historias, expresar sus emociones y construir comunidad. M\u00e1s que una actividad art\u00edstica, el Ensamble es un lenguaje compartido, una experiencia de escucha, interpretaci\u00f3n y vocaci\u00f3n. En este rinc\u00f3n del pa\u00eds, la educaci\u00f3n art\u00edstica no es un privilegio, es un derecho que transforma, incluye y empodera.\u00a0<\/span><\/span><\/span><\/p>\n<p><span style=\"color: #000000;\"><span style=\"font-family: Arial, sans-serif;\"><span style=\"font-size: medium;\">El equipo fue recibido por Carla Biancuzzo, administradora y responsable legal del secundario, y el Hno. Pablo Rifarachi, responsable legal de inicial, primaria y encargado de la pastoral. Se comparti\u00f3 un desayuno con alumnos que forman parte del proyecto , se recorrieron aulas y se escucharon testimonios que emocionan. \u201cEste proyecto es mucho m\u00e1s que clases de m\u00fasica. Es una manera de mostrar nuestras emociones\u201d, dijo Mar\u00eda, una de las j\u00f3venes.<\/span><\/span><\/span><\/p>\n<p><span style=\"color: #000000;\"><span style=\"font-family: Arial, sans-serif;\"><span style=\"font-size: medium;\">La jornada culmin\u00f3 con una reuni\u00f3n estrat\u00e9gica junto al docente Mario Alarc\u00f3n, coordinador del proyecto. All\u00ed se analizaron fortalezas, desaf\u00edos y nuevas ideas para seguir mejorando la propuesta. La conclusi\u00f3n fue una sola: acompa\u00f1ar el proceso con compromiso y sentido, desde el territorio y para la comunidad.<\/span><\/span><\/span><\/p>\n<p><span style=\"color: #000000;\"><span style=\"font-family: Arial, sans-serif;\"><span style=\"font-size: medium;\">Como cierre de la visita, el equipo comparti\u00f3 un almuerzo con la comunidad de hermanos de Rosario integrada por el Hno. Ra\u00fal Sch\u00f6nfeld, Hno. Pablo Rifarachi, Hno. Gonzalo Santa Coloma, Hno. Daniel Pablo Alberto y H. Joao Leonardo Oliveira Cardoso, qui\u00e9n vino por una experiencia comunitaria de quince d\u00edas y pertenece a la Provincia Marista de Brasil Centro Norte (PMBCN). Fue un espacio de escucha y reflexi\u00f3n donde se intercambiaron historias, desaf\u00edos del barrio y sue\u00f1os a futuro. El viernes 4 de julio, con el coraz\u00f3n lleno, emprendieron el regreso a Buenos Aires.<\/span><\/span><\/span><\/p>\n<p><span style=\"color: #000000;\"><span style=\"font-family: Arial, sans-serif;\"><span style=\"font-size: medium;\"><b>Una misi\u00f3n que crece y se multiplica<\/b><\/span><\/span><\/span><\/p>\n<p><span style=\"color: #000000;\"><span style=\"font-family: Arial, sans-serif;\"><span style=\"font-size: medium;\">Este viaje institucional encarna el esp\u00edritu marista: estar presentes donde m\u00e1s se necesita, escuchar con atenci\u00f3n, caminar con otros y otras y creer en la fuerza de cada comunidad. En cada encuentro, Rosario nos record\u00f3 que la educaci\u00f3n puede cambiar realidades cuando se basa en el compromiso, la escucha activa y el amor por los dem\u00e1s.<\/span><\/span><\/span><\/p>\n<p><a href=\"https:\/\/bio.site\/fundacion.marista\"><span style=\"color: #1155cc;\"><span style=\"font-family: Arial, sans-serif;\"><span style=\"font-size: medium;\"><u>\u00a1Conoce m\u00e1s sobre nuestros proyectos y ayudanos a ayudar!<\/u><\/span><\/span><\/span><\/a><\/p>\n<p>&nbsp;<\/p>\n","protected":false},"excerpt":{"rendered":"<p>La comitiva de proyectos de la Fundaci\u00f3n Marista recorri\u00f3 la ciudad de Rosario con una agenda cargada de encuentros, planes y nuevas oportunidades. En la ciudad de Rosario, Santa Fe, del 1 al 4 de julio, la Fundaci\u00f3n Marista vivi\u00f3 una experiencia transformadora que reafirm\u00f3 su compromiso con la educaci\u00f3n inclusiva, el trabajo en red [&hellip;]<\/p>\n","protected":false},"author":4,"featured_media":2623,"comment_status":"closed","ping_status":"open","sticky":false,"template":"","format":"standard","meta":{"footnotes":""},"categories":[1],"tags":[],"class_list":["post-2616","post","type-post","status-publish","format-standard","has-post-thumbnail","hentry","category-ultimas"],"rttpg_featured_image_url":{"full":["https:\/\/www.fundacionmarista.org.ar\/site\/wp-content\/uploads\/2025\/07\/WhatsApp-Image-2025-07-29-at-3.09.19-PM-scaled.jpeg",1441,2560,false],"landscape":["https:\/\/www.fundacionmarista.org.ar\/site\/wp-content\/uploads\/2025\/07\/WhatsApp-Image-2025-07-29-at-3.09.19-PM-scaled.jpeg",1441,2560,false],"portraits":["https:\/\/www.fundacionmarista.org.ar\/site\/wp-content\/uploads\/2025\/07\/WhatsApp-Image-2025-07-29-at-3.09.19-PM-scaled.jpeg",1441,2560,false],"thumbnail":["https:\/\/www.fundacionmarista.org.ar\/site\/wp-content\/uploads\/2025\/07\/WhatsApp-Image-2025-07-29-at-3.09.19-PM-150x150.jpeg",150,150,true],"medium":["https:\/\/www.fundacionmarista.org.ar\/site\/wp-content\/uploads\/2025\/07\/WhatsApp-Image-2025-07-29-at-3.09.19-PM-169x300.jpeg",169,300,true],"large":["https:\/\/www.fundacionmarista.org.ar\/site\/wp-content\/uploads\/2025\/07\/WhatsApp-Image-2025-07-29-at-3.09.19-PM-576x1024.jpeg",576,1024,true],"1536x1536":["https:\/\/www.fundacionmarista.org.ar\/site\/wp-content\/uploads\/2025\/07\/WhatsApp-Image-2025-07-29-at-3.09.19-PM-864x1536.jpeg",864,1536,true],"2048x2048":["https:\/\/www.fundacionmarista.org.ar\/site\/wp-content\/uploads\/2025\/07\/WhatsApp-Image-2025-07-29-at-3.09.19-PM-1153x2048.jpeg",1153,2048,true],"wp_review_large":["https:\/\/www.fundacionmarista.org.ar\/site\/wp-content\/uploads\/2025\/07\/WhatsApp-Image-2025-07-29-at-3.09.19-PM-320x200.jpeg",320,200,true],"wp_review_small":["https:\/\/www.fundacionmarista.org.ar\/site\/wp-content\/uploads\/2025\/07\/WhatsApp-Image-2025-07-29-at-3.09.19-PM-65x65.jpeg",65,65,true],"herald-lay-a":["https:\/\/www.fundacionmarista.org.ar\/site\/wp-content\/uploads\/2025\/07\/WhatsApp-Image-2025-07-29-at-3.09.19-PM-990x556.jpeg",990,556,true],"herald-lay-a-full":["https:\/\/www.fundacionmarista.org.ar\/site\/wp-content\/uploads\/2025\/07\/WhatsApp-Image-2025-07-29-at-3.09.19-PM-1320x742.jpeg",1320,742,true],"herald-lay-b":["https:\/\/www.fundacionmarista.org.ar\/site\/wp-content\/uploads\/2025\/07\/WhatsApp-Image-2025-07-29-at-3.09.19-PM-470x264.jpeg",470,264,true],"herald-lay-b-full":["https:\/\/www.fundacionmarista.org.ar\/site\/wp-content\/uploads\/2025\/07\/WhatsApp-Image-2025-07-29-at-3.09.19-PM-640x360.jpeg",640,360,true],"herald-lay-b1":["https:\/\/www.fundacionmarista.org.ar\/site\/wp-content\/uploads\/2025\/07\/WhatsApp-Image-2025-07-29-at-3.09.19-PM-300x200.jpeg",300,200,true],"herald-lay-b1-full":["https:\/\/www.fundacionmarista.org.ar\/site\/wp-content\/uploads\/2025\/07\/WhatsApp-Image-2025-07-29-at-3.09.19-PM-414x276.jpeg",414,276,true],"herald-lay-c1":["https:\/\/www.fundacionmarista.org.ar\/site\/wp-content\/uploads\/2025\/07\/WhatsApp-Image-2025-07-29-at-3.09.19-PM-470x313.jpeg",470,313,true],"herald-lay-c1-full":["https:\/\/www.fundacionmarista.org.ar\/site\/wp-content\/uploads\/2025\/07\/WhatsApp-Image-2025-07-29-at-3.09.19-PM-640x426.jpeg",640,426,true],"herald-lay-d":["https:\/\/www.fundacionmarista.org.ar\/site\/wp-content\/uploads\/2025\/07\/WhatsApp-Image-2025-07-29-at-3.09.19-PM-215x120.jpeg",215,120,true],"herald-lay-d-full":["https:\/\/www.fundacionmarista.org.ar\/site\/wp-content\/uploads\/2025\/07\/WhatsApp-Image-2025-07-29-at-3.09.19-PM-300x168.jpeg",300,168,true],"herald-lay-d1":["https:\/\/www.fundacionmarista.org.ar\/site\/wp-content\/uploads\/2025\/07\/WhatsApp-Image-2025-07-29-at-3.09.19-PM-130x86.jpeg",130,86,true],"herald-lay-d1-full":["https:\/\/www.fundacionmarista.org.ar\/site\/wp-content\/uploads\/2025\/07\/WhatsApp-Image-2025-07-29-at-3.09.19-PM-187x124.jpeg",187,124,true],"herald-lay-f":["https:\/\/www.fundacionmarista.org.ar\/site\/wp-content\/uploads\/2025\/07\/WhatsApp-Image-2025-07-29-at-3.09.19-PM-300x168.jpeg",300,168,true],"herald-lay-f-full":["https:\/\/www.fundacionmarista.org.ar\/site\/wp-content\/uploads\/2025\/07\/WhatsApp-Image-2025-07-29-at-3.09.19-PM-414x232.jpeg",414,232,true],"herald-lay-g1":["https:\/\/www.fundacionmarista.org.ar\/site\/wp-content\/uploads\/2025\/07\/WhatsApp-Image-2025-07-29-at-3.09.19-PM-74x55.jpeg",74,55,true],"herald-lay-g1-full":["https:\/\/www.fundacionmarista.org.ar\/site\/wp-content\/uploads\/2025\/07\/WhatsApp-Image-2025-07-29-at-3.09.19-PM-111x83.jpeg",111,83,true],"herald-lay-i-full":["https:\/\/www.fundacionmarista.org.ar\/site\/wp-content\/uploads\/2025\/07\/WhatsApp-Image-2025-07-29-at-3.09.19-PM-300x168.jpeg",300,168,true],"herald-lay-i1":["https:\/\/www.fundacionmarista.org.ar\/site\/wp-content\/uploads\/2025\/07\/WhatsApp-Image-2025-07-29-at-3.09.19-PM-215x161.jpeg",215,161,true],"herald-lay-i1-full":["https:\/\/www.fundacionmarista.org.ar\/site\/wp-content\/uploads\/2025\/07\/WhatsApp-Image-2025-07-29-at-3.09.19-PM-300x225.jpeg",300,225,true],"herald-lay-single":["https:\/\/www.fundacionmarista.org.ar\/site\/wp-content\/uploads\/2025\/07\/WhatsApp-Image-2025-07-29-at-3.09.19-PM-990x1759.jpeg",990,1759,true],"herald-lay-single-full":["https:\/\/www.fundacionmarista.org.ar\/site\/wp-content\/uploads\/2025\/07\/WhatsApp-Image-2025-07-29-at-3.09.19-PM-1320x2346.jpeg",1320,2346,true],"herald-lay-page":["https:\/\/www.fundacionmarista.org.ar\/site\/wp-content\/uploads\/2025\/07\/WhatsApp-Image-2025-07-29-at-3.09.19-PM-990x1759.jpeg",990,1759,true],"herald-lay-page-full":["https:\/\/www.fundacionmarista.org.ar\/site\/wp-content\/uploads\/2025\/07\/WhatsApp-Image-2025-07-29-at-3.09.19-PM-1320x2346.jpeg",1320,2346,true],"herald-lay-fa1":["https:\/\/www.fundacionmarista.org.ar\/site\/wp-content\/uploads\/2025\/07\/WhatsApp-Image-2025-07-29-at-3.09.19-PM-434x420.jpeg",434,420,true],"herald-lay-fa1-full":["https:\/\/www.fundacionmarista.org.ar\/site\/wp-content\/uploads\/2025\/07\/WhatsApp-Image-2025-07-29-at-3.09.19-PM-550x520.jpeg",550,520,true],"herald-lay-fa3-big":["https:\/\/www.fundacionmarista.org.ar\/site\/wp-content\/uploads\/2025\/07\/WhatsApp-Image-2025-07-29-at-3.09.19-PM-459x420.jpeg",459,420,true],"herald-lay-fa3-big-full":["https:\/\/www.fundacionmarista.org.ar\/site\/wp-content\/uploads\/2025\/07\/WhatsApp-Image-2025-07-29-at-3.09.19-PM-559x520.jpeg",559,520,true],"herald-lay-fa3-small":["https:\/\/www.fundacionmarista.org.ar\/site\/wp-content\/uploads\/2025\/07\/WhatsApp-Image-2025-07-29-at-3.09.19-PM-260x210.jpeg",260,210,true],"herald-lay-fa3-small-full":["https:\/\/www.fundacionmarista.org.ar\/site\/wp-content\/uploads\/2025\/07\/WhatsApp-Image-2025-07-29-at-3.09.19-PM-379x259.jpeg",379,259,true],"herald-lay-fa5":["https:\/\/www.fundacionmarista.org.ar\/site\/wp-content\/uploads\/2025\/07\/WhatsApp-Image-2025-07-29-at-3.09.19-PM-980x420.jpeg",980,420,true],"herald-lay-fa5-full":["https:\/\/www.fundacionmarista.org.ar\/site\/wp-content\/uploads\/2025\/07\/WhatsApp-Image-2025-07-29-at-3.09.19-PM-1320x520.jpeg",1320,520,true],"awpcp-thumbnail":["https:\/\/www.fundacionmarista.org.ar\/site\/wp-content\/uploads\/2025\/07\/WhatsApp-Image-2025-07-29-at-3.09.19-PM-scaled.jpeg",70,125,false],"awpcp-featured":["https:\/\/www.fundacionmarista.org.ar\/site\/wp-content\/uploads\/2025\/07\/WhatsApp-Image-2025-07-29-at-3.09.19-PM-scaled.jpeg",113,200,false],"awpcp-featured-on-lists":["https:\/\/www.fundacionmarista.org.ar\/site\/wp-content\/uploads\/2025\/07\/WhatsApp-Image-2025-07-29-at-3.09.19-PM-scaled.jpeg",45,80,false],"awpcp-large":["https:\/\/www.fundacionmarista.org.ar\/site\/wp-content\/uploads\/2025\/07\/WhatsApp-Image-2025-07-29-at-3.09.19-PM-scaled.jpeg",270,480,false]},"rttpg_author":{"display_name":"Comunicaci\u00f3n","author_link":"https:\/\/www.fundacionmarista.org.ar\/site\/author\/mrilo\/"},"rttpg_comment":0,"rttpg_category":"<a href=\"https:\/\/www.fundacionmarista.org.ar\/site\/category\/ultimas\/\" rel=\"category tag\">Ultimas Noticias<\/a>","rttpg_excerpt":"La comitiva de proyectos de la Fundaci\u00f3n Marista recorri\u00f3 la ciudad de Rosario con una agenda cargada de encuentros, planes y nuevas oportunidades. En la ciudad de Rosario, Santa Fe, del 1 al 4 de julio, la Fundaci\u00f3n Marista vivi\u00f3 una experiencia transformadora que reafirm\u00f3 su compromiso con la educaci\u00f3n inclusiva, el trabajo en red&hellip;","_links":{"self":[{"href":"https:\/\/www.fundacionmarista.org.ar\/site\/wp-json\/wp\/v2\/posts\/2616","targetHints":{"allow":["GET"]}}],"collection":[{"href":"https:\/\/www.fundacionmarista.org.ar\/site\/wp-json\/wp\/v2\/posts"}],"about":[{"href":"https:\/\/www.fundacionmarista.org.ar\/site\/wp-json\/wp\/v2\/types\/post"}],"author":[{"embeddable":true,"href":"https:\/\/www.fundacionmarista.org.ar\/site\/wp-json\/wp\/v2\/users\/4"}],"replies":[{"embeddable":true,"href":"https:\/\/www.fundacionmarista.org.ar\/site\/wp-json\/wp\/v2\/comments?post=2616"}],"version-history":[{"count":3,"href":"https:\/\/www.fundacionmarista.org.ar\/site\/wp-json\/wp\/v2\/posts\/2616\/revisions"}],"predecessor-version":[{"id":2625,"href":"https:\/\/www.fundacionmarista.org.ar\/site\/wp-json\/wp\/v2\/posts\/2616\/revisions\/2625"}],"wp:featuredmedia":[{"embeddable":true,"href":"https:\/\/www.fundacionmarista.org.ar\/site\/wp-json\/wp\/v2\/media\/2623"}],"wp:attachment":[{"href":"https:\/\/www.fundacionmarista.org.ar\/site\/wp-json\/wp\/v2\/media?parent=2616"}],"wp:term":[{"taxonomy":"category","embeddable":true,"href":"https:\/\/www.fundacionmarista.org.ar\/site\/wp-json\/wp\/v2\/categories?post=2616"},{"taxonomy":"post_tag","embeddable":true,"href":"https:\/\/www.fundacionmarista.org.ar\/site\/wp-json\/wp\/v2\/tags?post=2616"}],"curies":[{"name":"wp","href":"https:\/\/api.w.org\/{rel}","templated":true}]}}