{"id":2628,"date":"2025-09-12T19:36:39","date_gmt":"2025-09-12T22:36:39","guid":{"rendered":"https:\/\/www.fundacionmarista.org.ar\/site\/?p=2628"},"modified":"2025-09-12T19:36:39","modified_gmt":"2025-09-12T22:36:39","slug":"kermesse-solidaria-en-el-colegio-marista-champagnat-a-beneficio-de-la-fundacion-marista-y-el-grupo-misionero","status":"publish","type":"post","link":"https:\/\/www.fundacionmarista.org.ar\/site\/2025\/09\/12\/kermesse-solidaria-en-el-colegio-marista-champagnat-a-beneficio-de-la-fundacion-marista-y-el-grupo-misionero\/","title":{"rendered":"Kermesse solidaria en el Colegio Marista Champagnat a beneficio de la Fundaci\u00f3n Marista y el Grupo misionero"},"content":{"rendered":"<p><b>Con juegos, m\u00fasica y sonrisas, familias, alumnos y docentes disfrutaron de una jornada donde el trabajo en equipo fue el protagonista por un buen fin.<\/b><\/p>\n<p><span style=\"font-weight: 400;\">La Kermesse del Colegio Marista Champagnat fue una verdadera fiesta. El pasado 22 de agosto, se vivi\u00f3 una nueva edici\u00f3n de su tradicional Kermesse solidaria, una jornada que convirti\u00f3 al patio en un verdadero parque de atracciones, con un objetivo claro: recaudar fondos para la Fundaci\u00f3n Marista y el Grupo Misionero.<\/span><\/p>\n<p><span style=\"font-weight: 400;\">Chicos y grandes disfrutaron de una propuesta l\u00fadica muy variada para que nadie quede afuera: el memotex, bowling, lentes de realidad virtual, subsoccer (f\u00fatbol sentado), ping pong, tejo de mesa, ajedrez, damas, golf, pelotero inflable, maquillaje, taller de serigraf\u00eda, trivias, y la ruleta.<\/span><\/p>\n<p><span style=\"font-weight: 400;\">Una de las grandes novedades de este a\u00f1o fue la sala silenciosa, pensada especialmente para ni\u00f1os con capacidades diferentes, que encontraron un espacio reducido, tranquilo y accesible para sumarse al esp\u00edritu de la jornada.<\/span><\/p>\n<p><span style=\"font-weight: 400;\">Otro de los puntos m\u00e1s concurridos fue el stand de la Fundaci\u00f3n Marista, donde largas filas de ni\u00f1os esperaban su turno para probar suerte con el memotex o tribia, para luego, pasar por la ruleta en b\u00fasqueda de un premio.<\/span><\/p>\n<p><span style=\"font-weight: 400;\">El fr\u00edo de agosto qued\u00f3 relegado ante las risas de la comunidad que, una vez m\u00e1s, reuni\u00f3 a las familias en un juego compartido y solidario.No faltaron tampoco los cl\u00e1sicos: el buffet con propuestas caseras, la feria de emprendedores y los inconfundibles algodones de az\u00facar que pintaron con su rosa el cielo.<\/span><\/p>\n<p><span style=\"font-weight: 400;\">El eco de las risas todav\u00eda resonaba en los pasillos tras el sorteo final, que desbord\u00f3 de premios y entusiasmo. Pero lo verdaderamente valioso no estuvo en el azar, sino en la uni\u00f3n para recaudar fondos destinados a ni\u00f1os, ni\u00f1as, adolescentes y j\u00f3venes de Jujuy que sue\u00f1an con transformar sus vidas.\u00a0<\/span><\/p>\n<p><span style=\"font-weight: 400;\">Agradecemos a todos los que formaron parte de este encuentro que fue posible gracias al compromiso y la generosidad del Colegio Marista Champagnat, la Asociaci\u00f3n de familias de la escuela y todos los presentes.<\/span><\/p>\n","protected":false},"excerpt":{"rendered":"<p>Con juegos, m\u00fasica y sonrisas, familias, alumnos y docentes disfrutaron de una jornada donde el trabajo en equipo fue el protagonista por un buen fin. La Kermesse del Colegio Marista Champagnat fue una verdadera fiesta. El pasado 22 de agosto, se vivi\u00f3 una nueva edici\u00f3n de su tradicional Kermesse solidaria, una jornada que convirti\u00f3 al [&hellip;]<\/p>\n","protected":false},"author":4,"featured_media":2630,"comment_status":"closed","ping_status":"open","sticky":false,"template":"","format":"standard","meta":{"footnotes":""},"categories":[1],"tags":[],"class_list":["post-2628","post","type-post","status-publish","format-standard","has-post-thumbnail","hentry","category-ultimas"],"rttpg_featured_image_url":{"full":["https:\/\/www.fundacionmarista.org.ar\/site\/wp-content\/uploads\/2025\/09\/IMG_20250822_162852-1-2-scaled.jpg",1920,2560,false],"landscape":["https:\/\/www.fundacionmarista.org.ar\/site\/wp-content\/uploads\/2025\/09\/IMG_20250822_162852-1-2-scaled.jpg",1920,2560,false],"portraits":["https:\/\/www.fundacionmarista.org.ar\/site\/wp-content\/uploads\/2025\/09\/IMG_20250822_162852-1-2-scaled.jpg",1920,2560,false],"thumbnail":["https:\/\/www.fundacionmarista.org.ar\/site\/wp-content\/uploads\/2025\/09\/IMG_20250822_162852-1-2-150x150.jpg",150,150,true],"medium":["https:\/\/www.fundacionmarista.org.ar\/site\/wp-content\/uploads\/2025\/09\/IMG_20250822_162852-1-2-225x300.jpg",225,300,true],"large":["https:\/\/www.fundacionmarista.org.ar\/site\/wp-content\/uploads\/2025\/09\/IMG_20250822_162852-1-2-768x1024.jpg",768,1024,true],"1536x1536":["https:\/\/www.fundacionmarista.org.ar\/site\/wp-content\/uploads\/2025\/09\/IMG_20250822_162852-1-2-1152x1536.jpg",1152,1536,true],"2048x2048":["https:\/\/www.fundacionmarista.org.ar\/site\/wp-content\/uploads\/2025\/09\/IMG_20250822_162852-1-2-1536x2048.jpg",1536,2048,true],"wp_review_large":["https:\/\/www.fundacionmarista.org.ar\/site\/wp-content\/uploads\/2025\/09\/IMG_20250822_162852-1-2-320x200.jpg",320,200,true],"wp_review_small":["https:\/\/www.fundacionmarista.org.ar\/site\/wp-content\/uploads\/2025\/09\/IMG_20250822_162852-1-2-65x65.jpg",65,65,true],"herald-lay-a":["https:\/\/www.fundacionmarista.org.ar\/site\/wp-content\/uploads\/2025\/09\/IMG_20250822_162852-1-2-990x556.jpg",990,556,true],"herald-lay-a-full":["https:\/\/www.fundacionmarista.org.ar\/site\/wp-content\/uploads\/2025\/09\/IMG_20250822_162852-1-2-1320x742.jpg",1320,742,true],"herald-lay-b":["https:\/\/www.fundacionmarista.org.ar\/site\/wp-content\/uploads\/2025\/09\/IMG_20250822_162852-1-2-470x264.jpg",470,264,true],"herald-lay-b-full":["https:\/\/www.fundacionmarista.org.ar\/site\/wp-content\/uploads\/2025\/09\/IMG_20250822_162852-1-2-640x360.jpg",640,360,true],"herald-lay-b1":["https:\/\/www.fundacionmarista.org.ar\/site\/wp-content\/uploads\/2025\/09\/IMG_20250822_162852-1-2-300x200.jpg",300,200,true],"herald-lay-b1-full":["https:\/\/www.fundacionmarista.org.ar\/site\/wp-content\/uploads\/2025\/09\/IMG_20250822_162852-1-2-414x276.jpg",414,276,true],"herald-lay-c1":["https:\/\/www.fundacionmarista.org.ar\/site\/wp-content\/uploads\/2025\/09\/IMG_20250822_162852-1-2-470x313.jpg",470,313,true],"herald-lay-c1-full":["https:\/\/www.fundacionmarista.org.ar\/site\/wp-content\/uploads\/2025\/09\/IMG_20250822_162852-1-2-640x426.jpg",640,426,true],"herald-lay-d":["https:\/\/www.fundacionmarista.org.ar\/site\/wp-content\/uploads\/2025\/09\/IMG_20250822_162852-1-2-215x120.jpg",215,120,true],"herald-lay-d-full":["https:\/\/www.fundacionmarista.org.ar\/site\/wp-content\/uploads\/2025\/09\/IMG_20250822_162852-1-2-300x168.jpg",300,168,true],"herald-lay-d1":["https:\/\/www.fundacionmarista.org.ar\/site\/wp-content\/uploads\/2025\/09\/IMG_20250822_162852-1-2-130x86.jpg",130,86,true],"herald-lay-d1-full":["https:\/\/www.fundacionmarista.org.ar\/site\/wp-content\/uploads\/2025\/09\/IMG_20250822_162852-1-2-187x124.jpg",187,124,true],"herald-lay-f":["https:\/\/www.fundacionmarista.org.ar\/site\/wp-content\/uploads\/2025\/09\/IMG_20250822_162852-1-2-300x168.jpg",300,168,true],"herald-lay-f-full":["https:\/\/www.fundacionmarista.org.ar\/site\/wp-content\/uploads\/2025\/09\/IMG_20250822_162852-1-2-414x232.jpg",414,232,true],"herald-lay-g1":["https:\/\/www.fundacionmarista.org.ar\/site\/wp-content\/uploads\/2025\/09\/IMG_20250822_162852-1-2-74x55.jpg",74,55,true],"herald-lay-g1-full":["https:\/\/www.fundacionmarista.org.ar\/site\/wp-content\/uploads\/2025\/09\/IMG_20250822_162852-1-2-111x83.jpg",111,83,true],"herald-lay-i-full":["https:\/\/www.fundacionmarista.org.ar\/site\/wp-content\/uploads\/2025\/09\/IMG_20250822_162852-1-2-300x168.jpg",300,168,true],"herald-lay-i1":["https:\/\/www.fundacionmarista.org.ar\/site\/wp-content\/uploads\/2025\/09\/IMG_20250822_162852-1-2-215x161.jpg",215,161,true],"herald-lay-i1-full":["https:\/\/www.fundacionmarista.org.ar\/site\/wp-content\/uploads\/2025\/09\/IMG_20250822_162852-1-2-300x225.jpg",300,225,true],"herald-lay-single":["https:\/\/www.fundacionmarista.org.ar\/site\/wp-content\/uploads\/2025\/09\/IMG_20250822_162852-1-2-990x1320.jpg",990,1320,true],"herald-lay-single-full":["https:\/\/www.fundacionmarista.org.ar\/site\/wp-content\/uploads\/2025\/09\/IMG_20250822_162852-1-2-1320x1760.jpg",1320,1760,true],"herald-lay-page":["https:\/\/www.fundacionmarista.org.ar\/site\/wp-content\/uploads\/2025\/09\/IMG_20250822_162852-1-2-990x1320.jpg",990,1320,true],"herald-lay-page-full":["https:\/\/www.fundacionmarista.org.ar\/site\/wp-content\/uploads\/2025\/09\/IMG_20250822_162852-1-2-1320x1760.jpg",1320,1760,true],"herald-lay-fa1":["https:\/\/www.fundacionmarista.org.ar\/site\/wp-content\/uploads\/2025\/09\/IMG_20250822_162852-1-2-434x420.jpg",434,420,true],"herald-lay-fa1-full":["https:\/\/www.fundacionmarista.org.ar\/site\/wp-content\/uploads\/2025\/09\/IMG_20250822_162852-1-2-550x520.jpg",550,520,true],"herald-lay-fa3-big":["https:\/\/www.fundacionmarista.org.ar\/site\/wp-content\/uploads\/2025\/09\/IMG_20250822_162852-1-2-459x420.jpg",459,420,true],"herald-lay-fa3-big-full":["https:\/\/www.fundacionmarista.org.ar\/site\/wp-content\/uploads\/2025\/09\/IMG_20250822_162852-1-2-559x520.jpg",559,520,true],"herald-lay-fa3-small":["https:\/\/www.fundacionmarista.org.ar\/site\/wp-content\/uploads\/2025\/09\/IMG_20250822_162852-1-2-260x210.jpg",260,210,true],"herald-lay-fa3-small-full":["https:\/\/www.fundacionmarista.org.ar\/site\/wp-content\/uploads\/2025\/09\/IMG_20250822_162852-1-2-379x259.jpg",379,259,true],"herald-lay-fa5":["https:\/\/www.fundacionmarista.org.ar\/site\/wp-content\/uploads\/2025\/09\/IMG_20250822_162852-1-2-980x420.jpg",980,420,true],"herald-lay-fa5-full":["https:\/\/www.fundacionmarista.org.ar\/site\/wp-content\/uploads\/2025\/09\/IMG_20250822_162852-1-2-1320x520.jpg",1320,520,true],"awpcp-thumbnail":["https:\/\/www.fundacionmarista.org.ar\/site\/wp-content\/uploads\/2025\/09\/IMG_20250822_162852-1-2-scaled.jpg",94,125,false],"awpcp-featured":["https:\/\/www.fundacionmarista.org.ar\/site\/wp-content\/uploads\/2025\/09\/IMG_20250822_162852-1-2-scaled.jpg",150,200,false],"awpcp-featured-on-lists":["https:\/\/www.fundacionmarista.org.ar\/site\/wp-content\/uploads\/2025\/09\/IMG_20250822_162852-1-2-scaled.jpg",60,80,false],"awpcp-large":["https:\/\/www.fundacionmarista.org.ar\/site\/wp-content\/uploads\/2025\/09\/IMG_20250822_162852-1-2-scaled.jpg",360,480,false]},"rttpg_author":{"display_name":"Comunicaci\u00f3n","author_link":"https:\/\/www.fundacionmarista.org.ar\/site\/author\/mrilo\/"},"rttpg_comment":0,"rttpg_category":"<a href=\"https:\/\/www.fundacionmarista.org.ar\/site\/category\/ultimas\/\" rel=\"category tag\">Ultimas Noticias<\/a>","rttpg_excerpt":"Con juegos, m\u00fasica y sonrisas, familias, alumnos y docentes disfrutaron de una jornada donde el trabajo en equipo fue el protagonista por un buen fin. La Kermesse del Colegio Marista Champagnat fue una verdadera fiesta. El pasado 22 de agosto, se vivi\u00f3 una nueva edici\u00f3n de su tradicional Kermesse solidaria, una jornada que convirti\u00f3 al&hellip;","_links":{"self":[{"href":"https:\/\/www.fundacionmarista.org.ar\/site\/wp-json\/wp\/v2\/posts\/2628","targetHints":{"allow":["GET"]}}],"collection":[{"href":"https:\/\/www.fundacionmarista.org.ar\/site\/wp-json\/wp\/v2\/posts"}],"about":[{"href":"https:\/\/www.fundacionmarista.org.ar\/site\/wp-json\/wp\/v2\/types\/post"}],"author":[{"embeddable":true,"href":"https:\/\/www.fundacionmarista.org.ar\/site\/wp-json\/wp\/v2\/users\/4"}],"replies":[{"embeddable":true,"href":"https:\/\/www.fundacionmarista.org.ar\/site\/wp-json\/wp\/v2\/comments?post=2628"}],"version-history":[{"count":1,"href":"https:\/\/www.fundacionmarista.org.ar\/site\/wp-json\/wp\/v2\/posts\/2628\/revisions"}],"predecessor-version":[{"id":2631,"href":"https:\/\/www.fundacionmarista.org.ar\/site\/wp-json\/wp\/v2\/posts\/2628\/revisions\/2631"}],"wp:featuredmedia":[{"embeddable":true,"href":"https:\/\/www.fundacionmarista.org.ar\/site\/wp-json\/wp\/v2\/media\/2630"}],"wp:attachment":[{"href":"https:\/\/www.fundacionmarista.org.ar\/site\/wp-json\/wp\/v2\/media?parent=2628"}],"wp:term":[{"taxonomy":"category","embeddable":true,"href":"https:\/\/www.fundacionmarista.org.ar\/site\/wp-json\/wp\/v2\/categories?post=2628"},{"taxonomy":"post_tag","embeddable":true,"href":"https:\/\/www.fundacionmarista.org.ar\/site\/wp-json\/wp\/v2\/tags?post=2628"}],"curies":[{"name":"wp","href":"https:\/\/api.w.org\/{rel}","templated":true}]}}