{"id":2642,"date":"2025-10-27T16:42:35","date_gmt":"2025-10-27T19:42:35","guid":{"rendered":"https:\/\/www.fundacionmarista.org.ar\/site\/?p=2642"},"modified":"2025-10-27T16:42:35","modified_gmt":"2025-10-27T19:42:35","slug":"muestra-educativa-solidaria-por-los-70-anos-del-macnab-bernal","status":"publish","type":"post","link":"https:\/\/www.fundacionmarista.org.ar\/site\/2025\/10\/27\/muestra-educativa-solidaria-por-los-70-anos-del-macnab-bernal\/","title":{"rendered":"Muestra Educativa Solidaria por los 70 a\u00f1os del Macnab Bernal"},"content":{"rendered":"<p style=\"text-align: left;\"><strong>Entrada y alimentos no perecederos a beneficio de la Red Solidaria del Macnab Bernal y La Fundaci\u00f3n Marista.<\/strong><\/p>\n<p style=\"text-align: left;\"><span style=\"font-weight: 400;\">El pasado s\u00e1bado 18 de octubre, el Colegio Macnab Bernal se visti\u00f3 de fiesta para celebrar sus 70 a\u00f1os de vida educativa con una jornada repleta de color, risas y emoci\u00f3n. La Muestra Educativa Solidaria, con entrada y alimentos no perecederos a beneficio del colegio y de la Fundaci\u00f3n Marista, reuni\u00f3 a familias, estudiantes, docentes, directivos y ex alumnos en un verdadero encuentro de comunidad.<\/span><\/p>\n<p style=\"text-align: left;\"><span style=\"font-weight: 400;\">Desde temprano, los patios y pasillos del colegio se llenaron de propuestas educativas que reflejan el esp\u00edritu innovador y solidario de la instituci\u00f3n. Hubo circuitos tecnol\u00f3gicos, un original proyecto de geograf\u00eda titulado \u201cMapeando ando\u201d \u2014donde los visitantes pod\u00edan reconocer lugares e instituciones del barrio de Villa Lugano antes del 2000\u2014, m\u00fasica en vivo, transmisi\u00f3n radial en streaming, y hasta una atrapante sala de escape ambientada en el Antiguo Egipto, donde los alumnos se convirtieron en exploradores en busca de los misterios de Isis.<\/span><\/p>\n<p style=\"text-align: left;\"><span style=\"font-weight: 400;\">Los m\u00e1s chicos disfrutaron de espacios l\u00fadicos con areneros, pintura y lecturas, mientras los mayores se asombraban con los proyectos de rob\u00f3tica y tecnolog\u00eda. La Pastoral Juvenil Marista tambi\u00e9n dijo presente, animando la jornada con sus coros y canciones que homenajearon al Padre Marcelino Champagnat, junto con temas populares que todos corearon con entusiasmo.<\/span><\/p>\n<p style=\"text-align: left;\"><span style=\"font-weight: 400;\">La jornada cerr\u00f3 con una gran foto grupal que reuni\u00f3 a directivos, docentes, familias, alumnos y exalumnos. Bajo una noche fresca, la luminaria con el n\u00famero 70 ilumin\u00f3 el patio y simboliz\u00f3 el esp\u00edritu marista que, desde hace siete d\u00e9cadas, impulsa al Macnab Bernal a educar con amor, alegr\u00eda y compromiso solidario.<\/span><\/p>\n<p style=\"text-align: left;\">\n","protected":false},"excerpt":{"rendered":"<p>Entrada y alimentos no perecederos a beneficio de la Red Solidaria del Macnab Bernal y La Fundaci\u00f3n Marista. El pasado s\u00e1bado 18 de octubre, el Colegio Macnab Bernal se visti\u00f3 de fiesta para celebrar sus 70 a\u00f1os de vida educativa con una jornada repleta de color, risas y emoci\u00f3n. La Muestra Educativa Solidaria, con entrada [&hellip;]<\/p>\n","protected":false},"author":4,"featured_media":2645,"comment_status":"closed","ping_status":"open","sticky":false,"template":"","format":"standard","meta":{"footnotes":""},"categories":[1],"tags":[],"class_list":["post-2642","post","type-post","status-publish","format-standard","has-post-thumbnail","hentry","category-ultimas"],"rttpg_featured_image_url":{"full":["https:\/\/www.fundacionmarista.org.ar\/site\/wp-content\/uploads\/2025\/10\/WhatsApp-Image-2025-10-27-at-4.37.29-PM.jpeg",960,1280,false],"landscape":["https:\/\/www.fundacionmarista.org.ar\/site\/wp-content\/uploads\/2025\/10\/WhatsApp-Image-2025-10-27-at-4.37.29-PM.jpeg",960,1280,false],"portraits":["https:\/\/www.fundacionmarista.org.ar\/site\/wp-content\/uploads\/2025\/10\/WhatsApp-Image-2025-10-27-at-4.37.29-PM.jpeg",960,1280,false],"thumbnail":["https:\/\/www.fundacionmarista.org.ar\/site\/wp-content\/uploads\/2025\/10\/WhatsApp-Image-2025-10-27-at-4.37.29-PM-150x150.jpeg",150,150,true],"medium":["https:\/\/www.fundacionmarista.org.ar\/site\/wp-content\/uploads\/2025\/10\/WhatsApp-Image-2025-10-27-at-4.37.29-PM-225x300.jpeg",225,300,true],"large":["https:\/\/www.fundacionmarista.org.ar\/site\/wp-content\/uploads\/2025\/10\/WhatsApp-Image-2025-10-27-at-4.37.29-PM-768x1024.jpeg",768,1024,true],"1536x1536":["https:\/\/www.fundacionmarista.org.ar\/site\/wp-content\/uploads\/2025\/10\/WhatsApp-Image-2025-10-27-at-4.37.29-PM.jpeg",960,1280,false],"2048x2048":["https:\/\/www.fundacionmarista.org.ar\/site\/wp-content\/uploads\/2025\/10\/WhatsApp-Image-2025-10-27-at-4.37.29-PM.jpeg",960,1280,false],"wp_review_large":["https:\/\/www.fundacionmarista.org.ar\/site\/wp-content\/uploads\/2025\/10\/WhatsApp-Image-2025-10-27-at-4.37.29-PM-320x200.jpeg",320,200,true],"wp_review_small":["https:\/\/www.fundacionmarista.org.ar\/site\/wp-content\/uploads\/2025\/10\/WhatsApp-Image-2025-10-27-at-4.37.29-PM-65x65.jpeg",65,65,true],"herald-lay-a":["https:\/\/www.fundacionmarista.org.ar\/site\/wp-content\/uploads\/2025\/10\/WhatsApp-Image-2025-10-27-at-4.37.29-PM-960x556.jpeg",960,556,true],"herald-lay-a-full":["https:\/\/www.fundacionmarista.org.ar\/site\/wp-content\/uploads\/2025\/10\/WhatsApp-Image-2025-10-27-at-4.37.29-PM-960x742.jpeg",960,742,true],"herald-lay-b":["https:\/\/www.fundacionmarista.org.ar\/site\/wp-content\/uploads\/2025\/10\/WhatsApp-Image-2025-10-27-at-4.37.29-PM-470x264.jpeg",470,264,true],"herald-lay-b-full":["https:\/\/www.fundacionmarista.org.ar\/site\/wp-content\/uploads\/2025\/10\/WhatsApp-Image-2025-10-27-at-4.37.29-PM-640x360.jpeg",640,360,true],"herald-lay-b1":["https:\/\/www.fundacionmarista.org.ar\/site\/wp-content\/uploads\/2025\/10\/WhatsApp-Image-2025-10-27-at-4.37.29-PM-300x200.jpeg",300,200,true],"herald-lay-b1-full":["https:\/\/www.fundacionmarista.org.ar\/site\/wp-content\/uploads\/2025\/10\/WhatsApp-Image-2025-10-27-at-4.37.29-PM-414x276.jpeg",414,276,true],"herald-lay-c1":["https:\/\/www.fundacionmarista.org.ar\/site\/wp-content\/uploads\/2025\/10\/WhatsApp-Image-2025-10-27-at-4.37.29-PM-470x313.jpeg",470,313,true],"herald-lay-c1-full":["https:\/\/www.fundacionmarista.org.ar\/site\/wp-content\/uploads\/2025\/10\/WhatsApp-Image-2025-10-27-at-4.37.29-PM-640x426.jpeg",640,426,true],"herald-lay-d":["https:\/\/www.fundacionmarista.org.ar\/site\/wp-content\/uploads\/2025\/10\/WhatsApp-Image-2025-10-27-at-4.37.29-PM-215x120.jpeg",215,120,true],"herald-lay-d-full":["https:\/\/www.fundacionmarista.org.ar\/site\/wp-content\/uploads\/2025\/10\/WhatsApp-Image-2025-10-27-at-4.37.29-PM-300x168.jpeg",300,168,true],"herald-lay-d1":["https:\/\/www.fundacionmarista.org.ar\/site\/wp-content\/uploads\/2025\/10\/WhatsApp-Image-2025-10-27-at-4.37.29-PM-130x86.jpeg",130,86,true],"herald-lay-d1-full":["https:\/\/www.fundacionmarista.org.ar\/site\/wp-content\/uploads\/2025\/10\/WhatsApp-Image-2025-10-27-at-4.37.29-PM-187x124.jpeg",187,124,true],"herald-lay-f":["https:\/\/www.fundacionmarista.org.ar\/site\/wp-content\/uploads\/2025\/10\/WhatsApp-Image-2025-10-27-at-4.37.29-PM-300x168.jpeg",300,168,true],"herald-lay-f-full":["https:\/\/www.fundacionmarista.org.ar\/site\/wp-content\/uploads\/2025\/10\/WhatsApp-Image-2025-10-27-at-4.37.29-PM-414x232.jpeg",414,232,true],"herald-lay-g1":["https:\/\/www.fundacionmarista.org.ar\/site\/wp-content\/uploads\/2025\/10\/WhatsApp-Image-2025-10-27-at-4.37.29-PM-74x55.jpeg",74,55,true],"herald-lay-g1-full":["https:\/\/www.fundacionmarista.org.ar\/site\/wp-content\/uploads\/2025\/10\/WhatsApp-Image-2025-10-27-at-4.37.29-PM-111x83.jpeg",111,83,true],"herald-lay-i-full":["https:\/\/www.fundacionmarista.org.ar\/site\/wp-content\/uploads\/2025\/10\/WhatsApp-Image-2025-10-27-at-4.37.29-PM-300x168.jpeg",300,168,true],"herald-lay-i1":["https:\/\/www.fundacionmarista.org.ar\/site\/wp-content\/uploads\/2025\/10\/WhatsApp-Image-2025-10-27-at-4.37.29-PM-215x161.jpeg",215,161,true],"herald-lay-i1-full":["https:\/\/www.fundacionmarista.org.ar\/site\/wp-content\/uploads\/2025\/10\/WhatsApp-Image-2025-10-27-at-4.37.29-PM-300x225.jpeg",300,225,true],"herald-lay-single":["https:\/\/www.fundacionmarista.org.ar\/site\/wp-content\/uploads\/2025\/10\/WhatsApp-Image-2025-10-27-at-4.37.29-PM.jpeg",960,1280,false],"herald-lay-single-full":["https:\/\/www.fundacionmarista.org.ar\/site\/wp-content\/uploads\/2025\/10\/WhatsApp-Image-2025-10-27-at-4.37.29-PM.jpeg",960,1280,false],"herald-lay-page":["https:\/\/www.fundacionmarista.org.ar\/site\/wp-content\/uploads\/2025\/10\/WhatsApp-Image-2025-10-27-at-4.37.29-PM.jpeg",960,1280,false],"herald-lay-page-full":["https:\/\/www.fundacionmarista.org.ar\/site\/wp-content\/uploads\/2025\/10\/WhatsApp-Image-2025-10-27-at-4.37.29-PM.jpeg",960,1280,false],"herald-lay-fa1":["https:\/\/www.fundacionmarista.org.ar\/site\/wp-content\/uploads\/2025\/10\/WhatsApp-Image-2025-10-27-at-4.37.29-PM-434x420.jpeg",434,420,true],"herald-lay-fa1-full":["https:\/\/www.fundacionmarista.org.ar\/site\/wp-content\/uploads\/2025\/10\/WhatsApp-Image-2025-10-27-at-4.37.29-PM-550x520.jpeg",550,520,true],"herald-lay-fa3-big":["https:\/\/www.fundacionmarista.org.ar\/site\/wp-content\/uploads\/2025\/10\/WhatsApp-Image-2025-10-27-at-4.37.29-PM-459x420.jpeg",459,420,true],"herald-lay-fa3-big-full":["https:\/\/www.fundacionmarista.org.ar\/site\/wp-content\/uploads\/2025\/10\/WhatsApp-Image-2025-10-27-at-4.37.29-PM-559x520.jpeg",559,520,true],"herald-lay-fa3-small":["https:\/\/www.fundacionmarista.org.ar\/site\/wp-content\/uploads\/2025\/10\/WhatsApp-Image-2025-10-27-at-4.37.29-PM-260x210.jpeg",260,210,true],"herald-lay-fa3-small-full":["https:\/\/www.fundacionmarista.org.ar\/site\/wp-content\/uploads\/2025\/10\/WhatsApp-Image-2025-10-27-at-4.37.29-PM-379x259.jpeg",379,259,true],"herald-lay-fa5":["https:\/\/www.fundacionmarista.org.ar\/site\/wp-content\/uploads\/2025\/10\/WhatsApp-Image-2025-10-27-at-4.37.29-PM-960x420.jpeg",960,420,true],"herald-lay-fa5-full":["https:\/\/www.fundacionmarista.org.ar\/site\/wp-content\/uploads\/2025\/10\/WhatsApp-Image-2025-10-27-at-4.37.29-PM-960x520.jpeg",960,520,true],"awpcp-thumbnail":["https:\/\/www.fundacionmarista.org.ar\/site\/wp-content\/uploads\/2025\/10\/WhatsApp-Image-2025-10-27-at-4.37.29-PM.jpeg",94,125,false],"awpcp-featured":["https:\/\/www.fundacionmarista.org.ar\/site\/wp-content\/uploads\/2025\/10\/WhatsApp-Image-2025-10-27-at-4.37.29-PM.jpeg",150,200,false],"awpcp-featured-on-lists":["https:\/\/www.fundacionmarista.org.ar\/site\/wp-content\/uploads\/2025\/10\/WhatsApp-Image-2025-10-27-at-4.37.29-PM.jpeg",60,80,false],"awpcp-large":["https:\/\/www.fundacionmarista.org.ar\/site\/wp-content\/uploads\/2025\/10\/WhatsApp-Image-2025-10-27-at-4.37.29-PM.jpeg",360,480,false]},"rttpg_author":{"display_name":"Comunicaci\u00f3n","author_link":"https:\/\/www.fundacionmarista.org.ar\/site\/author\/mrilo\/"},"rttpg_comment":0,"rttpg_category":"<a href=\"https:\/\/www.fundacionmarista.org.ar\/site\/category\/ultimas\/\" rel=\"category tag\">Ultimas Noticias<\/a>","rttpg_excerpt":"Entrada y alimentos no perecederos a beneficio de la Red Solidaria del Macnab Bernal y La Fundaci\u00f3n Marista. El pasado s\u00e1bado 18 de octubre, el Colegio Macnab Bernal se visti\u00f3 de fiesta para celebrar sus 70 a\u00f1os de vida educativa con una jornada repleta de color, risas y emoci\u00f3n. La Muestra Educativa Solidaria, con entrada&hellip;","_links":{"self":[{"href":"https:\/\/www.fundacionmarista.org.ar\/site\/wp-json\/wp\/v2\/posts\/2642","targetHints":{"allow":["GET"]}}],"collection":[{"href":"https:\/\/www.fundacionmarista.org.ar\/site\/wp-json\/wp\/v2\/posts"}],"about":[{"href":"https:\/\/www.fundacionmarista.org.ar\/site\/wp-json\/wp\/v2\/types\/post"}],"author":[{"embeddable":true,"href":"https:\/\/www.fundacionmarista.org.ar\/site\/wp-json\/wp\/v2\/users\/4"}],"replies":[{"embeddable":true,"href":"https:\/\/www.fundacionmarista.org.ar\/site\/wp-json\/wp\/v2\/comments?post=2642"}],"version-history":[{"count":3,"href":"https:\/\/www.fundacionmarista.org.ar\/site\/wp-json\/wp\/v2\/posts\/2642\/revisions"}],"predecessor-version":[{"id":2648,"href":"https:\/\/www.fundacionmarista.org.ar\/site\/wp-json\/wp\/v2\/posts\/2642\/revisions\/2648"}],"wp:featuredmedia":[{"embeddable":true,"href":"https:\/\/www.fundacionmarista.org.ar\/site\/wp-json\/wp\/v2\/media\/2645"}],"wp:attachment":[{"href":"https:\/\/www.fundacionmarista.org.ar\/site\/wp-json\/wp\/v2\/media?parent=2642"}],"wp:term":[{"taxonomy":"category","embeddable":true,"href":"https:\/\/www.fundacionmarista.org.ar\/site\/wp-json\/wp\/v2\/categories?post=2642"},{"taxonomy":"post_tag","embeddable":true,"href":"https:\/\/www.fundacionmarista.org.ar\/site\/wp-json\/wp\/v2\/tags?post=2642"}],"curies":[{"name":"wp","href":"https:\/\/api.w.org\/{rel}","templated":true}]}}